{"id":1861,"date":"2017-06-13T10:07:35","date_gmt":"2017-06-13T15:07:35","guid":{"rendered":"http:\/\/tvalaire.com\/?p=1861"},"modified":"2017-06-13T10:07:35","modified_gmt":"2017-06-13T15:07:35","slug":"presentaran-libro-memorias-del-ultimo-guerrero-nazi-en-la-escuela-de-artes-la-piedad","status":"publish","type":"post","link":"http:\/\/tvalaire.com\/?p=1861","title":{"rendered":"PRESENTAR\u00c1N LIBRO: \u201cMEMORIAS DEL \u00daLTIMO GUERRERO NAZI\u201d EN LA ESCUELA DE ARTES LA PIEDAD"},"content":{"rendered":"<p class=\"x_MsoNormal\" align=\"center\"><a target=\"_blank\" rel=\"noopener noreferrer\" name=\"x__GoBack\"><\/a><b><span lang=\"ES-MX\">\u00a0<\/span><\/b><\/p>\n<p class=\"x_MsoNormal\"><b><span lang=\"ES-MX\">El autor es el piedadense H\u00e9ctor Zendejas, quien edit\u00f3 su libro en Espa\u00f1a.<\/span><\/b><\/p>\n<p class=\"x_MsoNormal\"><span lang=\"ES-MX\">\u00a0<\/span><\/p>\n<p class=\"x_MsoNormal\"><span lang=\"ES-MX\">Continuando con la apertura que ha dado el Gobierno Municipal a trav\u00e9s de la direcci\u00f3n de Cultura para fomentar y promover a los escritores locales, el pr\u00f3ximo martes 13 se har\u00e1 la presentaci\u00f3n del libro: \u201cMemorias del \u00faltimo guerrero Nazi\u201d en la Escuela de Artes a partir de las 20:00 horas.<\/span><\/p>\n<p class=\"x_MsoNormal\"><span lang=\"ES-MX\">\u00a0<\/span><\/p>\n<p class=\"x_MsoNormal\"><span lang=\"ES-MX\">\u00c9ste ser\u00e1 el quinto libro que expone al p\u00fablico el autor piedadense, H\u00e9ctor Zendejas quien cont\u00f3 con el apoyo de la casa editorial espa\u00f1ola Grupo Planeta extensi\u00f3n de Lectura de Prestigio.La obra ya est\u00e1 a la venta en portales como Amazon o librer\u00edas Gandhi, sin embargo, es hasta ahora que se presentar\u00e1 al p\u00fablico de La Piedad.<\/span><\/p>\n<p class=\"x_MsoNormal\"><span lang=\"ES-MX\">\u00a0<\/span><\/p>\n<p class=\"x_MsoNormal\"><span lang=\"ES-MX\">H\u00e9ctor Zendejas indic\u00f3 que el apoyo de parte de esta empresa editora lo obtiene gracias a su participaci\u00f3n en un concurso de autores noveles en donde qued\u00f3 en cuarto lugar de entre 100 participantes.<\/span><\/p>\n<p class=\"x_MsoNormal\"><span lang=\"ES-MX\">\u00a0<\/span><\/p>\n<p class=\"x_MsoNormal\"><span lang=\"ES-MX\">Mencion\u00f3 que aunque no obtuvo premio, s\u00ed tuvo la oportunidad de que la empresa editora le publicara la primera obra que se llama \u201cDar\u00edo en el pa\u00eds de las malas gu\u00edas\u201d, que trata de un joven con depresi\u00f3n que se adentra en el mundo de personas que son malas compa\u00f1\u00edas.<\/span><\/p>\n<p class=\"x_MsoNormal\"><span lang=\"ES-MX\">\u00a0<\/span><\/p>\n<p class=\"x_MsoNormal\"><span lang=\"ES-MX\">Adem\u00e1s del lanzamiento de este su primer libro, lo llev\u00f3 a firmar contrato con la empresa editora por espacio de 10 a\u00f1os, con el compromiso de elaborar un libro por a\u00f1o, los cuales fueran originales y legibles para todas las edades. Fue as\u00ed que en el segundo a\u00f1o le publicaron otro texto en donde abord\u00f3 el tema de la reencarnaci\u00f3n y a ese le siguieron otros dos libros.<\/span><\/p>\n<p class=\"x_MsoNormal\"><span lang=\"ES-MX\">\u00a0<\/span><\/p>\n<p class=\"x_MsoNormal\"><span lang=\"ES-MX\">El que ahora presenta se llama \u201cMemorias del \u00faltimo guerrero Nazi\u201d, para lo cual tuvo que llevar a cabo una amplia investigaci\u00f3n sobre el tema y hacer el planteamiento de su tema para que le interesara a la casa editorial.La historia trata de un soldado que es v\u00edctima de un experimento cient\u00edfico con el cual se lograron prolongar su vida, aunque con ciertas mutaciones.<\/span><\/p>\n<p class=\"x_MsoNormal\"><span lang=\"ES-MX\">\u00a0<\/span><\/p>\n<p class=\"x_MsoNormal\"><span lang=\"ES-MX\">La obra incluye aspectos de c\u00f3mo vive este proceso con su familia y las consecuencias de su participaci\u00f3n en la guerra.El personaje central es ficticio, aunque el tema que aborda forma parte de una investigaci\u00f3n sobre hechos que ocurrieron en esa \u00e9poca.<\/span><\/p>\n<p class=\"x_MsoNormal\"><span lang=\"ES-MX\">\u00a0<\/span><\/p>\n<p class=\"x_MsoNormal\"><span lang=\"ES-MX\">El proyecto cont\u00f3 con la aceptaci\u00f3n de la casa editorial, quien revis\u00f3 la investigaci\u00f3n y el \u00fanico cambio que pidieron fue el de la portada en donde \u00e9l hab\u00eda incluido a la su\u00e1stica Nazi, por una fotograf\u00eda de un soldado y tanto gust\u00f3, que en Agosto de este a\u00f1o, publicar\u00e1n el libro en el lenguaje alem\u00e1n.<\/span><\/p>\n<p class=\"x_MsoNormal\"><span lang=\"ES-MX\">\u00a0<\/span><\/p>\n<p class=\"x_MsoNormal\"><span lang=\"ES-MX\">Para conocer m\u00e1s sobre la realizaci\u00f3n de esta obra, invit\u00f3 a toda la poblaci\u00f3n interesada a acudir este martes 13 a las 20:00 horas en la Escuela de Artes, para lo cual agradeci\u00f3 el apoyo y colaboraci\u00f3n de las autoridades municipales para la presentaci\u00f3n de su libro.<\/span><\/p>\n","protected":false},"excerpt":{"rendered":"<p>\u00a0 El autor es el piedadense H\u00e9ctor Zendejas, quien edit\u00f3 su libro en Espa\u00f1a. \u00a0&#8230;<\/p>\n","protected":false},"author":1,"featured_media":1862,"comment_status":"open","ping_status":"open","sticky":false,"template":"","format":"standard","meta":{"jetpack_post_was_ever_published":false,"_jetpack_newsletter_access":"","_jetpack_dont_email_post_to_subs":false,"_jetpack_newsletter_tier_id":0,"_jetpack_memberships_contains_paywalled_content":false,"_jetpack_memberships_contains_paid_content":false,"footnotes":"","jetpack_publicize_message":"","jetpack_publicize_feature_enabled":true,"jetpack_social_post_already_shared":false,"jetpack_social_options":{"image_generator_settings":{"template":"highway","enabled":false},"version":2}},"categories":[1],"tags":[15],"class_list":["post-1861","post","type-post","status-publish","format-standard","has-post-thumbnail","hentry","category-la-piedad","tag-la-piedad"],"jetpack_publicize_connections":[],"jetpack_sharing_enabled":true,"featured_image_urls":{"full":["http:\/\/tvalaire.com\/wp-content\/uploads\/2017\/06\/1.jpg",1115,704,false],"thumbnail":["http:\/\/tvalaire.com\/wp-content\/uploads\/2017\/06\/1-150x150.jpg",150,150,true],"medium":["http:\/\/tvalaire.com\/wp-content\/uploads\/2017\/06\/1-300x189.jpg",300,189,true],"medium_large":["http:\/\/tvalaire.com\/wp-content\/uploads\/2017\/06\/1-768x485.jpg",640,404,true],"large":["http:\/\/tvalaire.com\/wp-content\/uploads\/2017\/06\/1-1024x647.jpg",640,404,true],"post-slider-thumb-size":["http:\/\/tvalaire.com\/wp-content\/uploads\/2017\/06\/1.jpg",301,190,false],"post-category-slider-size":["http:\/\/tvalaire.com\/wp-content\/uploads\/2017\/06\/1.jpg",330,208,false],"1536x1536":["http:\/\/tvalaire.com\/wp-content\/uploads\/2017\/06\/1.jpg",1115,704,false],"2048x2048":["http:\/\/tvalaire.com\/wp-content\/uploads\/2017\/06\/1.jpg",1115,704,false],"newsium-slider-full":["http:\/\/tvalaire.com\/wp-content\/uploads\/2017\/06\/1.jpg",1115,704,false],"newsium-featured":["http:\/\/tvalaire.com\/wp-content\/uploads\/2017\/06\/1.jpg",1024,647,false],"newsium-medium":["http:\/\/tvalaire.com\/wp-content\/uploads\/2017\/06\/1.jpg",720,455,false]},"author_info":{"info":["tvalairenoti"]},"category_info":"<a href=\"http:\/\/tvalaire.com\/?cat=1\" rel=\"category\">La Piedad<\/a>","tag_info":"La Piedad","comment_count":"0","jetpack_featured_media_url":"http:\/\/tvalaire.com\/wp-content\/uploads\/2017\/06\/1.jpg","_links":{"self":[{"href":"http:\/\/tvalaire.com\/index.php?rest_route=\/wp\/v2\/posts\/1861"}],"collection":[{"href":"http:\/\/tvalaire.com\/index.php?rest_route=\/wp\/v2\/posts"}],"about":[{"href":"http:\/\/tvalaire.com\/index.php?rest_route=\/wp\/v2\/types\/post"}],"author":[{"embeddable":true,"href":"http:\/\/tvalaire.com\/index.php?rest_route=\/wp\/v2\/users\/1"}],"replies":[{"embeddable":true,"href":"http:\/\/tvalaire.com\/index.php?rest_route=%2Fwp%2Fv2%2Fcomments&post=1861"}],"version-history":[{"count":1,"href":"http:\/\/tvalaire.com\/index.php?rest_route=\/wp\/v2\/posts\/1861\/revisions"}],"predecessor-version":[{"id":1863,"href":"http:\/\/tvalaire.com\/index.php?rest_route=\/wp\/v2\/posts\/1861\/revisions\/1863"}],"wp:featuredmedia":[{"embeddable":true,"href":"http:\/\/tvalaire.com\/index.php?rest_route=\/wp\/v2\/media\/1862"}],"wp:attachment":[{"href":"http:\/\/tvalaire.com\/index.php?rest_route=%2Fwp%2Fv2%2Fmedia&parent=1861"}],"wp:term":[{"taxonomy":"category","embeddable":true,"href":"http:\/\/tvalaire.com\/index.php?rest_route=%2Fwp%2Fv2%2Fcategories&post=1861"},{"taxonomy":"post_tag","embeddable":true,"href":"http:\/\/tvalaire.com\/index.php?rest_route=%2Fwp%2Fv2%2Ftags&post=1861"}],"curies":[{"name":"wp","href":"https:\/\/api.w.org\/{rel}","templated":true}]}}