{"id":183,"date":"2017-01-30T15:47:42","date_gmt":"2017-01-30T21:47:42","guid":{"rendered":"http:\/\/tvalaire.com\/?p=183"},"modified":"2017-01-30T15:47:42","modified_gmt":"2017-01-30T21:47:42","slug":"arranque-de-talleres-culturales-en-numaran","status":"publish","type":"post","link":"http:\/\/tvalaire.com\/?p=183","title":{"rendered":"ARRANQUE DE TALLERES CULTURALES EN NUMARAN"},"content":{"rendered":"<p>La Direcci\u00f3n de Cultura de Numar\u00e1n, realiz\u00f3 de manera oficial el arranque de los Talleres Culturales incluidos dentro del Proyecto Cultural que en coordinaci\u00f3n con la Secretar\u00eda de Cultura, se estar\u00e1 ejecutando durante estos meses en el municipio de Numar\u00e1n.<\/p>\n<p>Con la presencia de la gran mayor\u00eda de alumnos inscritos y los maestros encargados de las diversas \u00e1reas, se dieron a conocer cada uno de los talleres y su forma de trabajo.<\/p>\n<p>El alcalde Daniel Z\u00e1rate Estrada Coment\u00f3 que esta es una excelente oportunidad que pueden aprovechar tanto ni\u00f1os, j\u00f3venes y adultos, siendo un proyecto que puede desarrollar la actividad Cultural y Art\u00edstica del municipio.<\/p>\n<p>De igual manera, el director Gustavo Romero dio la bienvenida a los presentes, a quienes agradeci\u00f3 por participar en este tipo de actividades, dando a conocer la manera en que se estar\u00e1 trabajando en cada \u00e1rea. Adem\u00e1s mencion\u00f3 que en el caso de la orquesta se facilitar\u00e1 la capacitaci\u00f3n y los instrumentos a los alumnos, as\u00ed tambi\u00e9n se brindar\u00e1 el material necesario para los dem\u00e1s talleres.<\/p>\n<p>Cabe mencionar que las \u00e1reas que iniciaron fue la Conformaci\u00f3n de la Orquesta Sinf\u00f3nica, los grupos de Pintura, Dibujo, Teatro, Coro y Ballet Folkl\u00f3rico, siendo estos impartidos por profesores provenientes de Yur\u00e9cuaro, P\u00e9njamo y La Piedad.<\/p>\n<p>As\u00ed mismo se inform\u00f3 que ser\u00e1n durante los d\u00edas jueves, viernes y s\u00e1bado que se estar\u00e1n impartiendo los talleres de manera gratuita dentro de las instalaciones de la Presidencia Municipal y algunos puntos del primer cuadro de la poblaci\u00f3n.<\/p>\n<p><img loading=\"lazy\" decoding=\"async\" class=\"alignnone size-medium wp-image-184\" src=\"http:\/\/tvalaire.com\/wp-content\/uploads\/2017\/01\/ARRANQUE-DE-TALLERES-CULTURALES-EN-NUMARAN-300x200.jpg\" alt=\"\" width=\"300\" height=\"200\" srcset=\"http:\/\/tvalaire.com\/wp-content\/uploads\/2017\/01\/ARRANQUE-DE-TALLERES-CULTURALES-EN-NUMARAN-300x200.jpg 300w, http:\/\/tvalaire.com\/wp-content\/uploads\/2017\/01\/ARRANQUE-DE-TALLERES-CULTURALES-EN-NUMARAN-768x512.jpg 768w, http:\/\/tvalaire.com\/wp-content\/uploads\/2017\/01\/ARRANQUE-DE-TALLERES-CULTURALES-EN-NUMARAN-1024x683.jpg 1024w\" sizes=\"(max-width: 300px) 100vw, 300px\" \/><\/p>\n<p><img loading=\"lazy\" decoding=\"async\" class=\"alignnone size-medium wp-image-185\" src=\"http:\/\/tvalaire.com\/wp-content\/uploads\/2017\/01\/ARRANQUE-DE-TALLERES-CULTURALES-EN-NUMARAN2-300x200.jpg\" alt=\"\" width=\"300\" height=\"200\" srcset=\"http:\/\/tvalaire.com\/wp-content\/uploads\/2017\/01\/ARRANQUE-DE-TALLERES-CULTURALES-EN-NUMARAN2-300x200.jpg 300w, http:\/\/tvalaire.com\/wp-content\/uploads\/2017\/01\/ARRANQUE-DE-TALLERES-CULTURALES-EN-NUMARAN2-768x512.jpg 768w, http:\/\/tvalaire.com\/wp-content\/uploads\/2017\/01\/ARRANQUE-DE-TALLERES-CULTURALES-EN-NUMARAN2-1024x683.jpg 1024w\" sizes=\"(max-width: 300px) 100vw, 300px\" \/><\/p>\n<p><img loading=\"lazy\" decoding=\"async\" class=\"alignnone size-medium wp-image-186\" src=\"http:\/\/tvalaire.com\/wp-content\/uploads\/2017\/01\/ARRANQUE-DE-TALLERES-CULTURALES-EN-NUMARAN3-300x200.jpg\" alt=\"\" width=\"300\" height=\"200\" srcset=\"http:\/\/tvalaire.com\/wp-content\/uploads\/2017\/01\/ARRANQUE-DE-TALLERES-CULTURALES-EN-NUMARAN3-300x200.jpg 300w, http:\/\/tvalaire.com\/wp-content\/uploads\/2017\/01\/ARRANQUE-DE-TALLERES-CULTURALES-EN-NUMARAN3-768x512.jpg 768w, http:\/\/tvalaire.com\/wp-content\/uploads\/2017\/01\/ARRANQUE-DE-TALLERES-CULTURALES-EN-NUMARAN3-1024x683.jpg 1024w\" sizes=\"(max-width: 300px) 100vw, 300px\" \/><\/p>\n","protected":false},"excerpt":{"rendered":"<p>La Direcci\u00f3n de Cultura de Numar\u00e1n, realiz\u00f3 de manera oficial el arranque de los Talleres&#8230;<\/p>\n","protected":false},"author":1,"featured_media":184,"comment_status":"open","ping_status":"open","sticky":false,"template":"","format":"standard","meta":{"jetpack_post_was_ever_published":false,"_jetpack_newsletter_access":"","_jetpack_dont_email_post_to_subs":false,"_jetpack_newsletter_tier_id":0,"_jetpack_memberships_contains_paywalled_content":false,"_jetpack_memberships_contains_paid_content":false,"footnotes":"","jetpack_publicize_message":"","jetpack_publicize_feature_enabled":true,"jetpack_social_post_already_shared":false,"jetpack_social_options":{"image_generator_settings":{"template":"highway","enabled":false},"version":2}},"categories":[7],"tags":[],"class_list":["post-183","post","type-post","status-publish","format-standard","has-post-thumbnail","hentry","category-numaran"],"jetpack_publicize_connections":[],"jetpack_sharing_enabled":true,"featured_image_urls":{"full":["http:\/\/tvalaire.com\/wp-content\/uploads\/2017\/01\/ARRANQUE-DE-TALLERES-CULTURALES-EN-NUMARAN.jpg",2592,1728,false],"thumbnail":["http:\/\/tvalaire.com\/wp-content\/uploads\/2017\/01\/ARRANQUE-DE-TALLERES-CULTURALES-EN-NUMARAN-150x150.jpg",150,150,true],"medium":["http:\/\/tvalaire.com\/wp-content\/uploads\/2017\/01\/ARRANQUE-DE-TALLERES-CULTURALES-EN-NUMARAN-300x200.jpg",300,200,true],"medium_large":["http:\/\/tvalaire.com\/wp-content\/uploads\/2017\/01\/ARRANQUE-DE-TALLERES-CULTURALES-EN-NUMARAN-768x512.jpg",640,427,true],"large":["http:\/\/tvalaire.com\/wp-content\/uploads\/2017\/01\/ARRANQUE-DE-TALLERES-CULTURALES-EN-NUMARAN-1024x683.jpg",640,427,true],"post-slider-thumb-size":["http:\/\/tvalaire.com\/wp-content\/uploads\/2017\/01\/ARRANQUE-DE-TALLERES-CULTURALES-EN-NUMARAN.jpg",285,190,false],"post-category-slider-size":["http:\/\/tvalaire.com\/wp-content\/uploads\/2017\/01\/ARRANQUE-DE-TALLERES-CULTURALES-EN-NUMARAN.jpg",330,220,false],"1536x1536":["http:\/\/tvalaire.com\/wp-content\/uploads\/2017\/01\/ARRANQUE-DE-TALLERES-CULTURALES-EN-NUMARAN.jpg",1536,1024,false],"2048x2048":["http:\/\/tvalaire.com\/wp-content\/uploads\/2017\/01\/ARRANQUE-DE-TALLERES-CULTURALES-EN-NUMARAN.jpg",2048,1365,false],"newsium-slider-full":["http:\/\/tvalaire.com\/wp-content\/uploads\/2017\/01\/ARRANQUE-DE-TALLERES-CULTURALES-EN-NUMARAN.jpg",1268,845,false],"newsium-featured":["http:\/\/tvalaire.com\/wp-content\/uploads\/2017\/01\/ARRANQUE-DE-TALLERES-CULTURALES-EN-NUMARAN.jpg",1024,683,false],"newsium-medium":["http:\/\/tvalaire.com\/wp-content\/uploads\/2017\/01\/ARRANQUE-DE-TALLERES-CULTURALES-EN-NUMARAN.jpg",713,475,false]},"author_info":{"info":["tvalairenoti"]},"category_info":"<a href=\"http:\/\/tvalaire.com\/?cat=7\" rel=\"category\">Numar\u00e1n<\/a>","tag_info":"Numar\u00e1n","comment_count":"0","jetpack_featured_media_url":"http:\/\/tvalaire.com\/wp-content\/uploads\/2017\/01\/ARRANQUE-DE-TALLERES-CULTURALES-EN-NUMARAN.jpg","_links":{"self":[{"href":"http:\/\/tvalaire.com\/index.php?rest_route=\/wp\/v2\/posts\/183"}],"collection":[{"href":"http:\/\/tvalaire.com\/index.php?rest_route=\/wp\/v2\/posts"}],"about":[{"href":"http:\/\/tvalaire.com\/index.php?rest_route=\/wp\/v2\/types\/post"}],"author":[{"embeddable":true,"href":"http:\/\/tvalaire.com\/index.php?rest_route=\/wp\/v2\/users\/1"}],"replies":[{"embeddable":true,"href":"http:\/\/tvalaire.com\/index.php?rest_route=%2Fwp%2Fv2%2Fcomments&post=183"}],"version-history":[{"count":1,"href":"http:\/\/tvalaire.com\/index.php?rest_route=\/wp\/v2\/posts\/183\/revisions"}],"predecessor-version":[{"id":187,"href":"http:\/\/tvalaire.com\/index.php?rest_route=\/wp\/v2\/posts\/183\/revisions\/187"}],"wp:featuredmedia":[{"embeddable":true,"href":"http:\/\/tvalaire.com\/index.php?rest_route=\/wp\/v2\/media\/184"}],"wp:attachment":[{"href":"http:\/\/tvalaire.com\/index.php?rest_route=%2Fwp%2Fv2%2Fmedia&parent=183"}],"wp:term":[{"taxonomy":"category","embeddable":true,"href":"http:\/\/tvalaire.com\/index.php?rest_route=%2Fwp%2Fv2%2Fcategories&post=183"},{"taxonomy":"post_tag","embeddable":true,"href":"http:\/\/tvalaire.com\/index.php?rest_route=%2Fwp%2Fv2%2Ftags&post=183"}],"curies":[{"name":"wp","href":"https:\/\/api.w.org\/{rel}","templated":true}]}}