{"id":1820,"date":"2017-06-09T10:15:36","date_gmt":"2017-06-09T15:15:36","guid":{"rendered":"http:\/\/tvalaire.com\/?p=1820"},"modified":"2017-06-09T10:15:36","modified_gmt":"2017-06-09T15:15:36","slug":"superviso-estrada-medina-construccion-del-parque-recreativo-del-ejido-los-moreno","status":"publish","type":"post","link":"http:\/\/tvalaire.com\/?p=1820","title":{"rendered":"SUPERVIS\u00d3 ESTRADA MEDINA CONSTRUCCI\u00d3N DEL PARQUE RECREATIVO DEL EJIDO LOS MORENO"},"content":{"rendered":"<p class=\"x_MsoNormal\" align=\"center\"><b>\u00a0<\/b><\/p>\n<p class=\"x_MsoNormal\"><b>La obra registra un 75% de avance; se estima que est\u00e9 terminada antes del 27 de julio.<\/b><\/p>\n<p class=\"x_MsoNormal\">\n<p class=\"x_MsoNormal\">\n<p class=\"x_MsoNormal\">El Presidente Municipal, Juan Manuel Estrada Medina y el representante del Secretario de Desarrollo Agrario, Territorial y Urbano (SEDATU), Miguel \u00c1ngel Barrag\u00e1n, el director de Desarrollo Social y regidores, supervisaron los trabajos de construcci\u00f3n del Parque Deportivo y Recreativo del Ejido los Moreno.<\/p>\n<p class=\"x_MsoNormal\">\n<p class=\"x_MsoNormal\">La obra cuya inversi\u00f3n ser\u00e1 de 2 millones de pesos, registra hasta este momento un avance de un 75% y el encargado de la obra, asegur\u00f3 que la fecha prevista de entrega es para el 27 de julio, aunque asegur\u00f3 que estar\u00e1 lista antes.<\/p>\n<p class=\"x_MsoNormal\">\n<p class=\"x_MsoNormal\">El Parque Deportivo y Recreativo del Ejido los Moreno, cuenta con cisterna, cenadores, cancha deportiva, sanitarios p\u00fablicos, andador adoquinado y \u00e1rea de juegos con un m\u00f3dulo de gimnasio, el cual estar\u00e1 circulado e iluminado y beneficiar\u00e1 no s\u00f3lo a los habitantes de este ejido, sino tambi\u00e9n a los del Camuch\u00edn y colonia Vasco de Quiroga.<\/p>\n<p class=\"x_MsoNormal\">\n<p class=\"x_MsoNormal\">Adem\u00e1s en las acciones de recuperaci\u00f3n, se tiene complementado tambi\u00e9n mejorar el camino que conduce al espacio que en breve estar\u00e1 concluido y a favor de los habitantes de esta parte del municipio.<\/p>\n<p class=\"x_MsoNormal\">\n<p class=\"x_MsoNormal\">Esta obra, forma parte de una de las gestiones que ha realizado el Presidente Municipal ante las instancias federales y estatales, con el prop\u00f3sito de traer beneficios a las zonas habitacionales con un mayor grado de pobreza y falta de espacios para recreaci\u00f3n y la pr\u00e1ctica de alg\u00fan deporte.<\/p>\n","protected":false},"excerpt":{"rendered":"<p>\u00a0 La obra registra un 75% de avance; se estima que est\u00e9 terminada antes del&#8230;<\/p>\n","protected":false},"author":1,"featured_media":1821,"comment_status":"open","ping_status":"open","sticky":false,"template":"","format":"standard","meta":{"jetpack_post_was_ever_published":false,"_jetpack_newsletter_access":"","_jetpack_dont_email_post_to_subs":false,"_jetpack_newsletter_tier_id":0,"_jetpack_memberships_contains_paywalled_content":false,"_jetpack_memberships_contains_paid_content":false,"footnotes":"","jetpack_publicize_message":"","jetpack_publicize_feature_enabled":true,"jetpack_social_post_already_shared":false,"jetpack_social_options":{"image_generator_settings":{"template":"highway","enabled":false},"version":2}},"categories":[1],"tags":[15],"class_list":["post-1820","post","type-post","status-publish","format-standard","has-post-thumbnail","hentry","category-la-piedad","tag-la-piedad"],"jetpack_publicize_connections":[],"jetpack_sharing_enabled":true,"featured_image_urls":{"full":["http:\/\/tvalaire.com\/wp-content\/uploads\/2017\/06\/01-1.jpg",1024,683,false],"thumbnail":["http:\/\/tvalaire.com\/wp-content\/uploads\/2017\/06\/01-1-150x150.jpg",150,150,true],"medium":["http:\/\/tvalaire.com\/wp-content\/uploads\/2017\/06\/01-1-300x200.jpg",300,200,true],"medium_large":["http:\/\/tvalaire.com\/wp-content\/uploads\/2017\/06\/01-1-768x512.jpg",640,427,true],"large":["http:\/\/tvalaire.com\/wp-content\/uploads\/2017\/06\/01-1-1024x683.jpg",640,427,true],"post-slider-thumb-size":["http:\/\/tvalaire.com\/wp-content\/uploads\/2017\/06\/01-1.jpg",285,190,false],"post-category-slider-size":["http:\/\/tvalaire.com\/wp-content\/uploads\/2017\/06\/01-1.jpg",330,220,false],"1536x1536":["http:\/\/tvalaire.com\/wp-content\/uploads\/2017\/06\/01-1.jpg",1024,683,false],"2048x2048":["http:\/\/tvalaire.com\/wp-content\/uploads\/2017\/06\/01-1.jpg",1024,683,false],"newsium-slider-full":["http:\/\/tvalaire.com\/wp-content\/uploads\/2017\/06\/01-1.jpg",1024,683,false],"newsium-featured":["http:\/\/tvalaire.com\/wp-content\/uploads\/2017\/06\/01-1.jpg",1024,683,false],"newsium-medium":["http:\/\/tvalaire.com\/wp-content\/uploads\/2017\/06\/01-1.jpg",712,475,false]},"author_info":{"info":["tvalairenoti"]},"category_info":"<a href=\"http:\/\/tvalaire.com\/?cat=1\" rel=\"category\">La Piedad<\/a>","tag_info":"La Piedad","comment_count":"0","jetpack_featured_media_url":"http:\/\/tvalaire.com\/wp-content\/uploads\/2017\/06\/01-1.jpg","_links":{"self":[{"href":"http:\/\/tvalaire.com\/index.php?rest_route=\/wp\/v2\/posts\/1820"}],"collection":[{"href":"http:\/\/tvalaire.com\/index.php?rest_route=\/wp\/v2\/posts"}],"about":[{"href":"http:\/\/tvalaire.com\/index.php?rest_route=\/wp\/v2\/types\/post"}],"author":[{"embeddable":true,"href":"http:\/\/tvalaire.com\/index.php?rest_route=\/wp\/v2\/users\/1"}],"replies":[{"embeddable":true,"href":"http:\/\/tvalaire.com\/index.php?rest_route=%2Fwp%2Fv2%2Fcomments&post=1820"}],"version-history":[{"count":1,"href":"http:\/\/tvalaire.com\/index.php?rest_route=\/wp\/v2\/posts\/1820\/revisions"}],"predecessor-version":[{"id":1822,"href":"http:\/\/tvalaire.com\/index.php?rest_route=\/wp\/v2\/posts\/1820\/revisions\/1822"}],"wp:featuredmedia":[{"embeddable":true,"href":"http:\/\/tvalaire.com\/index.php?rest_route=\/wp\/v2\/media\/1821"}],"wp:attachment":[{"href":"http:\/\/tvalaire.com\/index.php?rest_route=%2Fwp%2Fv2%2Fmedia&parent=1820"}],"wp:term":[{"taxonomy":"category","embeddable":true,"href":"http:\/\/tvalaire.com\/index.php?rest_route=%2Fwp%2Fv2%2Fcategories&post=1820"},{"taxonomy":"post_tag","embeddable":true,"href":"http:\/\/tvalaire.com\/index.php?rest_route=%2Fwp%2Fv2%2Ftags&post=1820"}],"curies":[{"name":"wp","href":"https:\/\/api.w.org\/{rel}","templated":true}]}}