{"id":1817,"date":"2017-06-09T10:14:03","date_gmt":"2017-06-09T15:14:03","guid":{"rendered":"http:\/\/tvalaire.com\/?p=1817"},"modified":"2017-06-09T10:14:03","modified_gmt":"2017-06-09T15:14:03","slug":"con-una-inversion-superior-a-los-5-8-mdp-inaugura-estrada-medina-tres-vialidades","status":"publish","type":"post","link":"http:\/\/tvalaire.com\/?p=1817","title":{"rendered":"CON UNA INVERSI\u00d3N SUPERIOR A LOS 5.8 MDP INAUGURA ESTRADA MEDINA TRES VIALIDADES"},"content":{"rendered":"<p class=\"x_MsoNormal\" align=\"center\"><b>\u00a0<\/b><\/p>\n<p class=\"x_MsoNormal\"><b>Las calles Francisco Javier Mina, Santos Degollado y Patamban, su arreglo fue solicitado por muchos a\u00f1os y hoy por fin tenemos calles pavimentadas, La Gesti\u00f3n S\u00ed Cuenta.<\/b><\/p>\n<p class=\"x_MsoNormal\">\n<p class=\"x_MsoNormal\">Con la participaci\u00f3n de recursos emanados del programa federal de Infraestructura a trav\u00e9s de la vertiente de H\u00c1BITAT de la Secretar\u00eda de Desarrollo Agr\u00edcola, Territorial y Urbano (SEDATU), el Presidente Municipal Juan Manuel Estrada Medina y Miguel \u00c1ngel Barrag\u00e1n representante de esta dependencia federal, inauguraron las pavimentaciones de las calles Francisco Javier Mina, Santos Degollado y Patamban.<\/p>\n<p class=\"x_MsoNormal\">\n<p class=\"x_MsoNormal\">La inversi\u00f3n total de estas obras fue superior a los 5 millones 883 mil pesos, mismos que fueron aportados en partes iguales entre el Gobierno Federal y Municipal. La apertura oficial de estas obras se realiz\u00f3 durante una gira de trabajo, en la que ambos funcionarios estuvieron acompa\u00f1ados por directores de diversas dependencias municipales y regidores que forman parte del Ayuntamiento.<\/p>\n<p class=\"x_MsoNormal\">\n<p class=\"x_MsoNormal\">La primera de las calles inauguradas fue la Francisco Javier Mina, en donde se paviment\u00f3 con concreto hidr\u00e1ulico mil 344.70 metros cuadrados y se instalaron banquetas, guarniciones y se cambiaron las instalaciones de agua potable y drenaje, adem\u00e1s de instalar alumbrado p\u00fablico y colocar se\u00f1al\u00e9tica. El costo de esta obra fue de un mill\u00f3n 948 mil 826 pesos de los cuales la federaci\u00f3n y municipio participaron en partes iguales.<\/p>\n<p class=\"x_MsoNormal\">\n<p class=\"x_MsoNormal\">Leticia \u00c1vila Ayala, secretaria del comit\u00e9 de obra agradeci\u00f3 a las autoridades federales y municipales, el apoyo para la realizaci\u00f3n de esta obra, que dijo luce muy bonita, tienen mucha luz y se sienten m\u00e1s seguros al salir de su casa por la noche.<\/p>\n<p class=\"x_MsoNormal\">\n<p class=\"x_MsoNormal\">La segunda calle fue la Santos Degollado en donde se paviment\u00f3 con concreto hidr\u00e1ulico 2 mil 506.18 metros cuadrados, se renov\u00f3 el sistema de drenaje y agua potable, adem\u00e1s de construir banquetas, rampas y guarniciones; iluminaci\u00f3n y se\u00f1al\u00e9tica con una inversi\u00f3n de 2 millones 383 mil 702 pesos, de los cuales se cont\u00f3 con la participaci\u00f3n en partes iguales entre la federaci\u00f3n y municipio.<\/p>\n<p class=\"x_MsoNormal\">\n<p class=\"x_MsoNormal\">Aqu\u00ed el se\u00f1or Juan Manuel Le\u00f3n representante vecinal, agradeci\u00f3 el trabajo de las autoridades municipales pues dijo ten\u00edan muchos a\u00f1os en el olvido y sin respuesta a la petici\u00f3n de mejorar la vialidad, la cual refiri\u00f3 hoy d\u00eda est\u00e1n en un d\u00eda m\u00e1s digno.<\/p>\n<p class=\"x_MsoNormal\">\n<p class=\"x_MsoNormal\">La calle Patamban fue la tercera calle entregada en la cual se pavimentaron mil 677.30 metros cuadrados con sus respectivas obras de agua potable, drenaje, banquetas, rampas, guarniciones e iluminaci\u00f3n con una inversi\u00f3n de un mill\u00f3n 550 mil 842 pesos que fueron aportados en partes iguales entre federaci\u00f3n y municipio.<\/p>\n<p class=\"x_MsoNormal\">\n<p class=\"x_MsoNormal\">En ella Ver\u00f3nica Parra, directora de la escuela primaria federal \u201cVasco de Quiroga\u201d, agradeci\u00f3 a los integrantes de este Gobierno Municipal para la realizaci\u00f3n de la obra que beneficiar\u00e1 principalmente a los estudiantes de este plantel.<\/p>\n<p class=\"x_MsoNormal\">\n<p class=\"x_MsoNormal\">Miguel \u00c1ngel Barrag\u00e1n representante del delegado estatal de la SEDATU, resalt\u00f3 que Michoac\u00e1n ha sido uno de los estados que han sido m\u00e1s beneficiados por el Gobierno Federal a trav\u00e9s acciones y obras sociales e infraestructura y es adem\u00e1s, una de las entidades m\u00e1s visitadas por el presidente Enrique Pe\u00f1a Nieto.<\/p>\n<p class=\"x_MsoNormal\">\n<p class=\"x_MsoNormal\">Durante la inauguraci\u00f3n de las obras, el alcalde Juan Manuel Estrada Medina y el funcionario federal, Miguel \u00c1ngel Barrag\u00e1n estuvieron acompa\u00f1ados de directores de diversas \u00e1reas como Desarrollo Social y regidores que forman parte del Ayuntamiento.<\/p>\n","protected":false},"excerpt":{"rendered":"<p>\u00a0 Las calles Francisco Javier Mina, Santos Degollado y Patamban, su arreglo fue solicitado por&#8230;<\/p>\n","protected":false},"author":1,"featured_media":1818,"comment_status":"open","ping_status":"open","sticky":false,"template":"","format":"standard","meta":{"jetpack_post_was_ever_published":false,"_jetpack_newsletter_access":"","_jetpack_dont_email_post_to_subs":false,"_jetpack_newsletter_tier_id":0,"_jetpack_memberships_contains_paywalled_content":false,"_jetpack_memberships_contains_paid_content":false,"footnotes":"","jetpack_publicize_message":"","jetpack_publicize_feature_enabled":true,"jetpack_social_post_already_shared":false,"jetpack_social_options":{"image_generator_settings":{"template":"highway","enabled":false},"version":2}},"categories":[1],"tags":[15],"class_list":["post-1817","post","type-post","status-publish","format-standard","has-post-thumbnail","hentry","category-la-piedad","tag-la-piedad"],"jetpack_publicize_connections":[],"jetpack_sharing_enabled":true,"featured_image_urls":{"full":["http:\/\/tvalaire.com\/wp-content\/uploads\/2017\/06\/Santos-Degollado-1.jpg",1024,684,false],"thumbnail":["http:\/\/tvalaire.com\/wp-content\/uploads\/2017\/06\/Santos-Degollado-1-150x150.jpg",150,150,true],"medium":["http:\/\/tvalaire.com\/wp-content\/uploads\/2017\/06\/Santos-Degollado-1-300x200.jpg",300,200,true],"medium_large":["http:\/\/tvalaire.com\/wp-content\/uploads\/2017\/06\/Santos-Degollado-1-768x513.jpg",640,428,true],"large":["http:\/\/tvalaire.com\/wp-content\/uploads\/2017\/06\/Santos-Degollado-1-1024x684.jpg",640,428,true],"post-slider-thumb-size":["http:\/\/tvalaire.com\/wp-content\/uploads\/2017\/06\/Santos-Degollado-1.jpg",284,190,false],"post-category-slider-size":["http:\/\/tvalaire.com\/wp-content\/uploads\/2017\/06\/Santos-Degollado-1.jpg",330,220,false],"1536x1536":["http:\/\/tvalaire.com\/wp-content\/uploads\/2017\/06\/Santos-Degollado-1.jpg",1024,684,false],"2048x2048":["http:\/\/tvalaire.com\/wp-content\/uploads\/2017\/06\/Santos-Degollado-1.jpg",1024,684,false],"newsium-slider-full":["http:\/\/tvalaire.com\/wp-content\/uploads\/2017\/06\/Santos-Degollado-1.jpg",1024,684,false],"newsium-featured":["http:\/\/tvalaire.com\/wp-content\/uploads\/2017\/06\/Santos-Degollado-1.jpg",1024,684,false],"newsium-medium":["http:\/\/tvalaire.com\/wp-content\/uploads\/2017\/06\/Santos-Degollado-1.jpg",711,475,false]},"author_info":{"info":["tvalairenoti"]},"category_info":"<a href=\"http:\/\/tvalaire.com\/?cat=1\" rel=\"category\">La Piedad<\/a>","tag_info":"La Piedad","comment_count":"0","jetpack_featured_media_url":"http:\/\/tvalaire.com\/wp-content\/uploads\/2017\/06\/Santos-Degollado-1.jpg","_links":{"self":[{"href":"http:\/\/tvalaire.com\/index.php?rest_route=\/wp\/v2\/posts\/1817"}],"collection":[{"href":"http:\/\/tvalaire.com\/index.php?rest_route=\/wp\/v2\/posts"}],"about":[{"href":"http:\/\/tvalaire.com\/index.php?rest_route=\/wp\/v2\/types\/post"}],"author":[{"embeddable":true,"href":"http:\/\/tvalaire.com\/index.php?rest_route=\/wp\/v2\/users\/1"}],"replies":[{"embeddable":true,"href":"http:\/\/tvalaire.com\/index.php?rest_route=%2Fwp%2Fv2%2Fcomments&post=1817"}],"version-history":[{"count":1,"href":"http:\/\/tvalaire.com\/index.php?rest_route=\/wp\/v2\/posts\/1817\/revisions"}],"predecessor-version":[{"id":1819,"href":"http:\/\/tvalaire.com\/index.php?rest_route=\/wp\/v2\/posts\/1817\/revisions\/1819"}],"wp:featuredmedia":[{"embeddable":true,"href":"http:\/\/tvalaire.com\/index.php?rest_route=\/wp\/v2\/media\/1818"}],"wp:attachment":[{"href":"http:\/\/tvalaire.com\/index.php?rest_route=%2Fwp%2Fv2%2Fmedia&parent=1817"}],"wp:term":[{"taxonomy":"category","embeddable":true,"href":"http:\/\/tvalaire.com\/index.php?rest_route=%2Fwp%2Fv2%2Fcategories&post=1817"},{"taxonomy":"post_tag","embeddable":true,"href":"http:\/\/tvalaire.com\/index.php?rest_route=%2Fwp%2Fv2%2Ftags&post=1817"}],"curies":[{"name":"wp","href":"https:\/\/api.w.org\/{rel}","templated":true}]}}