{"id":1810,"date":"2017-06-09T10:10:18","date_gmt":"2017-06-09T15:10:18","guid":{"rendered":"http:\/\/tvalaire.com\/?p=1810"},"modified":"2017-06-09T10:10:42","modified_gmt":"2017-06-09T15:10:42","slug":"inauguro-alcalde-y-representante-de-sedatu-el-parque-recreativo-villas-de-la-loma","status":"publish","type":"post","link":"http:\/\/tvalaire.com\/?p=1810","title":{"rendered":"INAUGUR\u00d3 ALCALDE Y REPRESENTANTE DE SEDATU EL PARQUE RECREATIVO \u201cVILLAS DE LA LOMA\u201d"},"content":{"rendered":"<p class=\"x_MsoNormal\" align=\"center\"><b>\u00a0<\/b><\/p>\n<p class=\"x_MsoNormal\"><b>La inversi\u00f3n aplicada fue de 2.9 millones de pesos cuyo beneficio ser\u00e1 para los m\u00e1s de mil 500 habitantes que viven en esta unidad habitacional.<\/b><\/p>\n<p class=\"x_MsoNormal\">El Presidente Municipal, Juan Manuel Estrada Medina y el representante del Secretario de Desarrollo Agrario Territorial y Urbano (SEDATU), Miguel \u00c1ngel Barrag\u00e1n inauguraron este jueves 08 el Parque Recreativo \u201cVillas de la Loma\u201d, en donde el funcionario federal invit\u00f3 a los habitantes a ser vigilantes y cuidar de este espacio que es de todos ellos.<\/p>\n<p class=\"x_MsoNormal\">La inauguraci\u00f3n de este lugar se dio al inicio de una gira de trabajo en la que el Alcalde, el funcionario federal, directores y regidores que forman parte del Ayuntamiento, realizaron por varias partes del municipio para entregar de manera oficial obras de beneficio social.<\/p>\n<p class=\"x_MsoNormal\">Antes de la apertura de esta obra, el Presidente Estrada Medina agradeci\u00f3 al representante de la SEDATU para la realizaci\u00f3n de esta obra y dijo a los vecinos del lugar ah\u00ed presentes, que el parque ahora estaba en sus manos aun cuando \u00e9l mandar\u00e1 cuidarlo y arreglarlo, pero s\u00ed pidi\u00f3 que ante la presencia de personas extra\u00f1as que molesten a sus hijos o que maltraten el espacio, se comuniquen ante la direcci\u00f3n de Seguridad P\u00fablica Municipal.<\/p>\n<p class=\"x_MsoNormal\">Del total de esta inversi\u00f3n dijo que al Gobierno Municipal le toc\u00f3 aportar un mill\u00f3n 750 mil pesos, los cuales est\u00e1n bien aplicados porque se trata de ofrecer beneficios comunes y anunci\u00f3 en este fraccionamiento, la pr\u00f3xima apertura de un expendi\u00f3 de leche LICONSA, sobre el cual pidi\u00f3 a los habitantes que asistan el d\u00eda de ma\u00f1ana a inscribirse al padr\u00f3n de beneficiarios.<\/p>\n<p class=\"x_MsoNormal\">Anunci\u00f3 a su vez que la pr\u00f3xima semana se reunir\u00e1 con el Secretario de Comunicaciones y Transportes (SCT) a nivel federal, para determinar c\u00f3mo van con lo de la instalaci\u00f3n del puente peatonal que est\u00e1 comprometido. El Parque Recreativo Villas de la Loma, tuvo una inversi\u00f3n total de 2 millones 985 mil 270 pesos, de los cuales el Gobierno Federal aport\u00f3 un mill\u00f3n 125 mil pesos y el municipio el restante.<\/p>\n<p class=\"x_MsoNormal\">Los trabajos consistieron en el arreglo de los andadores peatonales, instalaci\u00f3n de adoqu\u00edn, habilitaci\u00f3n de \u00e1reas especiales para el juego de ni\u00f1os, colocaci\u00f3n de mobiliario para el gimnasio al aire libre, colocaci\u00f3n de pasto en rollo, cercado, colocaci\u00f3n de cenadores y cercado con malla, forestaci\u00f3n y reforestaci\u00f3n, pintura general, iluminaci\u00f3n, se\u00f1al\u00e9tica, entre otros.<\/p>\n<p class=\"x_MsoNormal\">En el acto de apertura se cont\u00f3 con la presencia de alumnos de la escuela primaria \u201cRicardo Guzm\u00e1n Romero\u201d y habitantes del lugar, quienes en voz de la representante del comit\u00e9 de obras, Silvia Equihuas agradeci\u00f3 al Alcalde y al representante de la SEDATU, para la realizaci\u00f3n de este espacio a trav\u00e9s del cual los motiva a cuidarlo y a mejorar su salud mediante la implementaci\u00f3n de alguna actividad f\u00edsica.<\/p>\n<p class=\"x_MsoNormal\">Miguel \u00c1ngel Barrag\u00e1n a nombre del delegado estatal de la SEDATU, Alfredo Fern\u00e1ndez Peri\u00a0 resalt\u00f3 que \u00e9stas son las obras que promueve el Gobierno Federal, para cambiar el rostro de una colonia o de un municipio, pues se trata de rescatar aquellos espacios abandonados para dar una mejor calidad de vida a los ni\u00f1os y crearles un ambiente m\u00e1s sano.<\/p>\n<p class=\"x_MsoNormal\">Por lo que invit\u00f3 a los vecinos a no dejar solo al Municipio en su lucha por mantenerlos en buen estado, sino a cuidarlos y ser vigilantes de estas \u00e1reas para crear conciencia al no maltrato de espacios como este y a denunciar a quienes pretendan deteriorarlo.<\/p>\n","protected":false},"excerpt":{"rendered":"<p>\u00a0 La inversi\u00f3n aplicada fue de 2.9 millones de pesos cuyo beneficio ser\u00e1 para los&#8230;<\/p>\n","protected":false},"author":1,"featured_media":1811,"comment_status":"open","ping_status":"open","sticky":false,"template":"","format":"standard","meta":{"jetpack_post_was_ever_published":false,"_jetpack_newsletter_access":"","_jetpack_dont_email_post_to_subs":false,"_jetpack_newsletter_tier_id":0,"_jetpack_memberships_contains_paywalled_content":false,"_jetpack_memberships_contains_paid_content":false,"footnotes":"","jetpack_publicize_message":"","jetpack_publicize_feature_enabled":true,"jetpack_social_post_already_shared":false,"jetpack_social_options":{"image_generator_settings":{"template":"highway","enabled":false},"version":2}},"categories":[1],"tags":[15,36],"class_list":["post-1810","post","type-post","status-publish","format-standard","has-post-thumbnail","hentry","category-la-piedad","tag-la-piedad","tag-principales"],"jetpack_publicize_connections":[],"jetpack_sharing_enabled":true,"featured_image_urls":{"full":["http:\/\/tvalaire.com\/wp-content\/uploads\/2017\/06\/1-15.jpg",1024,684,false],"thumbnail":["http:\/\/tvalaire.com\/wp-content\/uploads\/2017\/06\/1-15-150x150.jpg",150,150,true],"medium":["http:\/\/tvalaire.com\/wp-content\/uploads\/2017\/06\/1-15-300x200.jpg",300,200,true],"medium_large":["http:\/\/tvalaire.com\/wp-content\/uploads\/2017\/06\/1-15-768x513.jpg",640,428,true],"large":["http:\/\/tvalaire.com\/wp-content\/uploads\/2017\/06\/1-15-1024x684.jpg",640,428,true],"post-slider-thumb-size":["http:\/\/tvalaire.com\/wp-content\/uploads\/2017\/06\/1-15.jpg",284,190,false],"post-category-slider-size":["http:\/\/tvalaire.com\/wp-content\/uploads\/2017\/06\/1-15.jpg",330,220,false],"1536x1536":["http:\/\/tvalaire.com\/wp-content\/uploads\/2017\/06\/1-15.jpg",1024,684,false],"2048x2048":["http:\/\/tvalaire.com\/wp-content\/uploads\/2017\/06\/1-15.jpg",1024,684,false],"newsium-slider-full":["http:\/\/tvalaire.com\/wp-content\/uploads\/2017\/06\/1-15.jpg",1024,684,false],"newsium-featured":["http:\/\/tvalaire.com\/wp-content\/uploads\/2017\/06\/1-15.jpg",1024,684,false],"newsium-medium":["http:\/\/tvalaire.com\/wp-content\/uploads\/2017\/06\/1-15.jpg",711,475,false]},"author_info":{"info":["tvalairenoti"]},"category_info":"<a href=\"http:\/\/tvalaire.com\/?cat=1\" rel=\"category\">La Piedad<\/a>","tag_info":"La Piedad","comment_count":"0","jetpack_featured_media_url":"http:\/\/tvalaire.com\/wp-content\/uploads\/2017\/06\/1-15.jpg","_links":{"self":[{"href":"http:\/\/tvalaire.com\/index.php?rest_route=\/wp\/v2\/posts\/1810"}],"collection":[{"href":"http:\/\/tvalaire.com\/index.php?rest_route=\/wp\/v2\/posts"}],"about":[{"href":"http:\/\/tvalaire.com\/index.php?rest_route=\/wp\/v2\/types\/post"}],"author":[{"embeddable":true,"href":"http:\/\/tvalaire.com\/index.php?rest_route=\/wp\/v2\/users\/1"}],"replies":[{"embeddable":true,"href":"http:\/\/tvalaire.com\/index.php?rest_route=%2Fwp%2Fv2%2Fcomments&post=1810"}],"version-history":[{"count":2,"href":"http:\/\/tvalaire.com\/index.php?rest_route=\/wp\/v2\/posts\/1810\/revisions"}],"predecessor-version":[{"id":1813,"href":"http:\/\/tvalaire.com\/index.php?rest_route=\/wp\/v2\/posts\/1810\/revisions\/1813"}],"wp:featuredmedia":[{"embeddable":true,"href":"http:\/\/tvalaire.com\/index.php?rest_route=\/wp\/v2\/media\/1811"}],"wp:attachment":[{"href":"http:\/\/tvalaire.com\/index.php?rest_route=%2Fwp%2Fv2%2Fmedia&parent=1810"}],"wp:term":[{"taxonomy":"category","embeddable":true,"href":"http:\/\/tvalaire.com\/index.php?rest_route=%2Fwp%2Fv2%2Fcategories&post=1810"},{"taxonomy":"post_tag","embeddable":true,"href":"http:\/\/tvalaire.com\/index.php?rest_route=%2Fwp%2Fv2%2Ftags&post=1810"}],"curies":[{"name":"wp","href":"https:\/\/api.w.org\/{rel}","templated":true}]}}