{"id":1808,"date":"2017-06-09T10:04:06","date_gmt":"2017-06-09T15:04:06","guid":{"rendered":"http:\/\/tvalaire.com\/?p=1808"},"modified":"2017-06-09T10:04:06","modified_gmt":"2017-06-09T15:04:06","slug":"instalaran-cinco-expendios-de-leche-liconsa-en-la-piedad","status":"publish","type":"post","link":"http:\/\/tvalaire.com\/?p=1808","title":{"rendered":"INSTALAR\u00c1N CINCO EXPENDIOS DE LECHE LICONSA EN LA PIEDAD"},"content":{"rendered":"<p class=\"xmsonormal\" style=\"text-align: center; background: white;\" align=\"center\">\n<p class=\"xmsonormal\" style=\"text-align: justify; background: white; font-variant-ligatures: normal; font-variant-caps: normal; orphans: 2; widows: 2; -webkit-text-stroke-width: 0px; text-decoration-style: initial; text-decoration-color: initial; word-spacing: 0px;\"><span style=\"font-size: 10.0pt; font-family: 'Arial','sans-serif'; color: #212121;\">\u00a0<\/span><\/p>\n<p class=\"xmsonormal\" style=\"text-align: justify; background: white; font-variant-ligatures: normal; font-variant-caps: normal; orphans: 2; widows: 2; -webkit-text-stroke-width: 0px; text-decoration-style: initial; text-decoration-color: initial; word-spacing: 0px;\"><span style=\"font-size: 10.0pt; font-family: 'Arial','sans-serif'; color: #212121;\">Como resultado de las gestiones ante las instancias federales y estatales, el alcalde Juan Manuel Estrada Medina anunci\u00f3 la autorizaci\u00f3n para La Piedad de cinco expendios de leche LICONSA, a trav\u00e9s de las cuales se beneficiar\u00e1n unas 750 familias.<\/span><\/p>\n<p class=\"xmsonormal\" style=\"text-align: justify; background: white; font-variant-ligatures: normal; font-variant-caps: normal; orphans: 2; widows: 2; -webkit-text-stroke-width: 0px; text-decoration-style: initial; text-decoration-color: initial; word-spacing: 0px;\"><span style=\"font-size: 10.0pt; font-family: 'Arial','sans-serif'; color: #212121;\">\u00a0Respecto a la ubicaci\u00f3n de estos puntos o establecimientos para la venta de la leche LICONSA, el director de Desarrollo Social en la localidad inform\u00f3 que las cuatro primeras se ubicar\u00e1n en el fraccionamiento Villas de la Loma, as\u00ed como en las comunidades de San Juan del Fuerte, Paredones y Los Guajes; la quinta no se ha definido a\u00fan.<\/span><\/p>\n<p class=\"xmsonormal\" style=\"text-align: justify; background: white; font-variant-ligatures: normal; font-variant-caps: normal; orphans: 2; widows: 2; -webkit-text-stroke-width: 0px; text-decoration-style: initial; text-decoration-color: initial; word-spacing: 0px;\"><span style=\"font-size: 10.0pt; font-family: 'Arial','sans-serif'; color: #212121;\">\u00a0Lo que s\u00ed adelant\u00f3 es que el d\u00eda de hoy comenzar\u00e1n con el levantamiento del padr\u00f3n de beneficiarios del fraccionamiento Villas de la Loma en los locales conocidos como Centro Comunitario.<\/span><\/p>\n<p class=\"xmsonormal\" style=\"text-align: justify; background: white; font-variant-ligatures: normal; font-variant-caps: normal; orphans: 2; widows: 2; -webkit-text-stroke-width: 0px; text-decoration-style: initial; text-decoration-color: initial; word-spacing: 0px;\"><span style=\"font-size: 10.0pt; font-family: 'Arial','sans-serif'; color: #212121;\">\u00a0En ese lugar, se empadronar\u00e1 a las familias, adultos mayores o mujeres embarazadas que acudan a solicitarlo y que presenten la documentaci\u00f3n requerida entre la que se encuentra: Acta de nacimiento, CURP y Comprobante de domicilio.<\/span><\/p>\n<p class=\"xmsonormal\" style=\"text-align: justify; background: white; font-variant-ligatures: normal; font-variant-caps: normal; orphans: 2; widows: 2; -webkit-text-stroke-width: 0px; text-decoration-style: initial; text-decoration-color: initial; word-spacing: 0px;\"><span style=\"font-size: 10.0pt; font-family: 'Arial','sans-serif'; color: #212121;\">\u00a0En el caso de las mujeres en gestaci\u00f3n, les solicitar\u00e1n un documento m\u00e9dico que compruebe su estado de gravidez para que puedan ser inscritas dentro del padr\u00f3n. El responsable de Desarrollo Social en el municipio inform\u00f3 que por cada expendio autorizado a La Piedad, se beneficiar\u00e1n a 150 familias. La puesta en funcionamiento de estos espacios deber\u00e1 estar \u00a0en un lapso no mayor a 15 d\u00edas.<\/span><\/p>\n","protected":false},"excerpt":{"rendered":"<p>\u00a0 Como resultado de las gestiones ante las instancias federales y estatales, el alcalde Juan&#8230;<\/p>\n","protected":false},"author":1,"featured_media":1802,"comment_status":"open","ping_status":"open","sticky":false,"template":"","format":"standard","meta":{"jetpack_post_was_ever_published":false,"_jetpack_newsletter_access":"","_jetpack_dont_email_post_to_subs":false,"_jetpack_newsletter_tier_id":0,"_jetpack_memberships_contains_paywalled_content":false,"_jetpack_memberships_contains_paid_content":false,"footnotes":"","jetpack_publicize_message":"","jetpack_publicize_feature_enabled":true,"jetpack_social_post_already_shared":false,"jetpack_social_options":{"image_generator_settings":{"template":"highway","enabled":false},"version":2}},"categories":[1],"tags":[15,36],"class_list":["post-1808","post","type-post","status-publish","format-standard","has-post-thumbnail","hentry","category-la-piedad","tag-la-piedad","tag-principales"],"jetpack_publicize_connections":[],"jetpack_sharing_enabled":true,"featured_image_urls":{"full":["http:\/\/tvalaire.com\/wp-content\/uploads\/2017\/06\/INSTALAR\u00c1N-CINCO-EXPENDIOS-DE-LECHE-LICONSA-EN-LA-PIEDAD.jpg",4608,3072,false],"thumbnail":["http:\/\/tvalaire.com\/wp-content\/uploads\/2017\/06\/INSTALAR\u00c1N-CINCO-EXPENDIOS-DE-LECHE-LICONSA-EN-LA-PIEDAD-150x150.jpg",150,150,true],"medium":["http:\/\/tvalaire.com\/wp-content\/uploads\/2017\/06\/INSTALAR\u00c1N-CINCO-EXPENDIOS-DE-LECHE-LICONSA-EN-LA-PIEDAD-300x200.jpg",300,200,true],"medium_large":["http:\/\/tvalaire.com\/wp-content\/uploads\/2017\/06\/INSTALAR\u00c1N-CINCO-EXPENDIOS-DE-LECHE-LICONSA-EN-LA-PIEDAD-768x512.jpg",640,427,true],"large":["http:\/\/tvalaire.com\/wp-content\/uploads\/2017\/06\/INSTALAR\u00c1N-CINCO-EXPENDIOS-DE-LECHE-LICONSA-EN-LA-PIEDAD-1024x683.jpg",640,427,true],"post-slider-thumb-size":["http:\/\/tvalaire.com\/wp-content\/uploads\/2017\/06\/INSTALAR\u00c1N-CINCO-EXPENDIOS-DE-LECHE-LICONSA-EN-LA-PIEDAD.jpg",285,190,false],"post-category-slider-size":["http:\/\/tvalaire.com\/wp-content\/uploads\/2017\/06\/INSTALAR\u00c1N-CINCO-EXPENDIOS-DE-LECHE-LICONSA-EN-LA-PIEDAD.jpg",330,220,false],"1536x1536":["http:\/\/tvalaire.com\/wp-content\/uploads\/2017\/06\/INSTALAR\u00c1N-CINCO-EXPENDIOS-DE-LECHE-LICONSA-EN-LA-PIEDAD.jpg",1536,1024,false],"2048x2048":["http:\/\/tvalaire.com\/wp-content\/uploads\/2017\/06\/INSTALAR\u00c1N-CINCO-EXPENDIOS-DE-LECHE-LICONSA-EN-LA-PIEDAD.jpg",2048,1365,false],"newsium-slider-full":["http:\/\/tvalaire.com\/wp-content\/uploads\/2017\/06\/INSTALAR\u00c1N-CINCO-EXPENDIOS-DE-LECHE-LICONSA-EN-LA-PIEDAD.jpg",1268,845,false],"newsium-featured":["http:\/\/tvalaire.com\/wp-content\/uploads\/2017\/06\/INSTALAR\u00c1N-CINCO-EXPENDIOS-DE-LECHE-LICONSA-EN-LA-PIEDAD.jpg",1024,683,false],"newsium-medium":["http:\/\/tvalaire.com\/wp-content\/uploads\/2017\/06\/INSTALAR\u00c1N-CINCO-EXPENDIOS-DE-LECHE-LICONSA-EN-LA-PIEDAD.jpg",713,475,false]},"author_info":{"info":["tvalairenoti"]},"category_info":"<a href=\"http:\/\/tvalaire.com\/?cat=1\" rel=\"category\">La Piedad<\/a>","tag_info":"La Piedad","comment_count":"0","jetpack_featured_media_url":"http:\/\/tvalaire.com\/wp-content\/uploads\/2017\/06\/INSTALAR\u00c1N-CINCO-EXPENDIOS-DE-LECHE-LICONSA-EN-LA-PIEDAD.jpg","_links":{"self":[{"href":"http:\/\/tvalaire.com\/index.php?rest_route=\/wp\/v2\/posts\/1808"}],"collection":[{"href":"http:\/\/tvalaire.com\/index.php?rest_route=\/wp\/v2\/posts"}],"about":[{"href":"http:\/\/tvalaire.com\/index.php?rest_route=\/wp\/v2\/types\/post"}],"author":[{"embeddable":true,"href":"http:\/\/tvalaire.com\/index.php?rest_route=\/wp\/v2\/users\/1"}],"replies":[{"embeddable":true,"href":"http:\/\/tvalaire.com\/index.php?rest_route=%2Fwp%2Fv2%2Fcomments&post=1808"}],"version-history":[{"count":1,"href":"http:\/\/tvalaire.com\/index.php?rest_route=\/wp\/v2\/posts\/1808\/revisions"}],"predecessor-version":[{"id":1809,"href":"http:\/\/tvalaire.com\/index.php?rest_route=\/wp\/v2\/posts\/1808\/revisions\/1809"}],"wp:featuredmedia":[{"embeddable":true,"href":"http:\/\/tvalaire.com\/index.php?rest_route=\/wp\/v2\/media\/1802"}],"wp:attachment":[{"href":"http:\/\/tvalaire.com\/index.php?rest_route=%2Fwp%2Fv2%2Fmedia&parent=1808"}],"wp:term":[{"taxonomy":"category","embeddable":true,"href":"http:\/\/tvalaire.com\/index.php?rest_route=%2Fwp%2Fv2%2Fcategories&post=1808"},{"taxonomy":"post_tag","embeddable":true,"href":"http:\/\/tvalaire.com\/index.php?rest_route=%2Fwp%2Fv2%2Ftags&post=1808"}],"curies":[{"name":"wp","href":"https:\/\/api.w.org\/{rel}","templated":true}]}}