{"id":1792,"date":"2017-06-08T10:44:08","date_gmt":"2017-06-08T15:44:08","guid":{"rendered":"http:\/\/tvalaire.com\/?p=1792"},"modified":"2017-06-08T10:44:08","modified_gmt":"2017-06-08T15:44:08","slug":"entrego-alcalde-estrada-medina-uniformes-a-trabajadores-de-sapas","status":"publish","type":"post","link":"http:\/\/tvalaire.com\/?p=1792","title":{"rendered":"ENTREG\u00d3 ALCALDE ESTRADA MEDINA UNIFORMES A TRABAJADORES DE SAPAS"},"content":{"rendered":"<p class=\"xmsonormal\" style=\"text-align: center; background: white;\" align=\"center\"><b><span style=\"font-size: 11.5pt; font-family: 'Arial','sans-serif'; color: #212121;\">\u00a0<\/span><\/b><\/p>\n<p class=\"xmsonormal\" style=\"text-align: justify; background: white;\"><span style=\"font-size: 11.5pt; font-family: 'Arial','sans-serif'; color: #212121;\">El d\u00eda de ayer, se llevo a cabo la entrega de uniformes a trabajadores del organismo de SAPAS La Piedad\u00a0por parte del presidente municipal Juan Manuel Estrada Medina.<\/span><\/p>\n<p class=\"xmsonormal\" style=\"text-align: justify; background: white;\"><span style=\"font-size: 11.5pt; font-family: 'Arial','sans-serif'; color: #212121;\">\u00a0El alcalde dijo a los trabajadores que entregarles la ropa de trabajo es para que la gente los identifique bien y a la vez ellos puedan portar su uniforme con orgullo, porque para todos es sabido que SAPAS es reconocido a nivel federal y estatal como uno de los mejores organismos operadores.<\/span><\/p>\n<p class=\"xmsonormal\" style=\"text-align: justify; background: white;\"><span style=\"font-size: 11.5pt; font-family: 'Arial','sans-serif'; color: #212121;\">\u00a0Agreg\u00f3 el alcalde que \u201cPara todos es sabido el lugar que tienen y este reconocimiento se lo han ganado todos. Trabajar en el servicio p\u00fablico como Gobierno Municipal es y debe de ser sin\u00f3nimo de servicio a la ciudadan\u00eda y esforzarse cada d\u00eda por ofrecer cada vez un mejor servicio, ya que el agua es vital para todos y en SAPAS y el gobierno se ofrece\u00a0 su esfuerzo para tener una ciudad cada vez mejor.<\/span><\/p>\n<p class=\"xmsonormal\" style=\"text-align: justify; background: white;\"><span style=\"font-size: 11.5pt; font-family: 'Arial','sans-serif'; color: #212121;\">\u00a0Por su parte Jorge Rubio Olivares director del organismo operador, indic\u00f3 que para esta entrega que se hace cada a\u00f1o, el Gobierno local realiza un esfuerzo importante, pero lo hace con gusto porque como trabajadores y servidores p\u00fablicos se debe de mostrar la mejor cara, adem\u00e1s del mejor servicio.<\/span><\/p>\n<p class=\"xmsonormal\" style=\"text-align: justify; background: white;\"><span style=\"font-size: 11.5pt; font-family: 'Arial','sans-serif'; color: #212121;\">\u00a0La entrega de uniformes fue para un total de 107 empleados que laboran en el organismo operador, ah\u00ed mismo Ricardo Garc\u00eda Cazares, Secretario general del Sindicato de Empleados Municipales (SEM) al hacer uso de la palabra agradeci\u00f3 la apertura del Alcalde a quien reconoci\u00f3 que siempre que se sientan a platicar, hay beneficios para la clase trabajadora.<\/span><\/p>\n<p class=\"xmsonormal\" style=\"text-align: justify; background: white;\"><span style=\"font-size: 11.5pt; font-family: 'Arial','sans-serif'; color: #212121;\">\u00a0Por tanto, expres\u00f3 que los empleados municipales salen a trabajar con la camiseta bien puesta y sobre todo con orgullo pues el personal cuenta con las herramientas necesarias para laborar en pro de la ciudadan\u00eda. <\/span><\/p>\n<p class=\"xmsonormal\" style=\"text-align: justify; background: white;\"><span style=\"font-size: 11.5pt; font-family: 'Arial','sans-serif'; color: #212121;\">Indic\u00f3 a los trabajadores que una de las situaciones que ha identificado a esta administraci\u00f3n municipal y al SAPAS, es que no ha escatimado en recursos para poder proporcionar las mejores herramientas de trabajo, de ah\u00ed la importancia y reconocimiento al Alcalde por su apertura, por lo que reiter\u00f3 una vez m\u00e1s que traen la camiseta bien puesta, as\u00ed lo pronuncio el representante de los trabajadores del gobierno municipal.<\/span><\/p>\n","protected":false},"excerpt":{"rendered":"<p>\u00a0 El d\u00eda de ayer, se llevo a cabo la entrega de uniformes a trabajadores&#8230;<\/p>\n","protected":false},"author":1,"featured_media":1790,"comment_status":"open","ping_status":"open","sticky":false,"template":"","format":"standard","meta":{"jetpack_post_was_ever_published":false,"_jetpack_newsletter_access":"","_jetpack_dont_email_post_to_subs":false,"_jetpack_newsletter_tier_id":0,"_jetpack_memberships_contains_paywalled_content":false,"_jetpack_memberships_contains_paid_content":false,"footnotes":"","jetpack_publicize_message":"","jetpack_publicize_feature_enabled":true,"jetpack_social_post_already_shared":false,"jetpack_social_options":{"image_generator_settings":{"template":"highway","enabled":false},"version":2}},"categories":[1],"tags":[15,36],"class_list":["post-1792","post","type-post","status-publish","format-standard","has-post-thumbnail","hentry","category-la-piedad","tag-la-piedad","tag-principales"],"jetpack_publicize_connections":[],"jetpack_sharing_enabled":true,"featured_image_urls":{"full":["http:\/\/tvalaire.com\/wp-content\/uploads\/2017\/06\/ENTREG\u00d3-ALCALDE-ESTRADA-MEDINA-UNIFORMES-A-TRABAJADORES-DE-SAPAS.jpg",1024,684,false],"thumbnail":["http:\/\/tvalaire.com\/wp-content\/uploads\/2017\/06\/ENTREG\u00d3-ALCALDE-ESTRADA-MEDINA-UNIFORMES-A-TRABAJADORES-DE-SAPAS-150x150.jpg",150,150,true],"medium":["http:\/\/tvalaire.com\/wp-content\/uploads\/2017\/06\/ENTREG\u00d3-ALCALDE-ESTRADA-MEDINA-UNIFORMES-A-TRABAJADORES-DE-SAPAS-300x200.jpg",300,200,true],"medium_large":["http:\/\/tvalaire.com\/wp-content\/uploads\/2017\/06\/ENTREG\u00d3-ALCALDE-ESTRADA-MEDINA-UNIFORMES-A-TRABAJADORES-DE-SAPAS-768x513.jpg",640,428,true],"large":["http:\/\/tvalaire.com\/wp-content\/uploads\/2017\/06\/ENTREG\u00d3-ALCALDE-ESTRADA-MEDINA-UNIFORMES-A-TRABAJADORES-DE-SAPAS-1024x684.jpg",640,428,true],"post-slider-thumb-size":["http:\/\/tvalaire.com\/wp-content\/uploads\/2017\/06\/ENTREG\u00d3-ALCALDE-ESTRADA-MEDINA-UNIFORMES-A-TRABAJADORES-DE-SAPAS.jpg",284,190,false],"post-category-slider-size":["http:\/\/tvalaire.com\/wp-content\/uploads\/2017\/06\/ENTREG\u00d3-ALCALDE-ESTRADA-MEDINA-UNIFORMES-A-TRABAJADORES-DE-SAPAS.jpg",330,220,false],"1536x1536":["http:\/\/tvalaire.com\/wp-content\/uploads\/2017\/06\/ENTREG\u00d3-ALCALDE-ESTRADA-MEDINA-UNIFORMES-A-TRABAJADORES-DE-SAPAS.jpg",1024,684,false],"2048x2048":["http:\/\/tvalaire.com\/wp-content\/uploads\/2017\/06\/ENTREG\u00d3-ALCALDE-ESTRADA-MEDINA-UNIFORMES-A-TRABAJADORES-DE-SAPAS.jpg",1024,684,false],"newsium-slider-full":["http:\/\/tvalaire.com\/wp-content\/uploads\/2017\/06\/ENTREG\u00d3-ALCALDE-ESTRADA-MEDINA-UNIFORMES-A-TRABAJADORES-DE-SAPAS.jpg",1024,684,false],"newsium-featured":["http:\/\/tvalaire.com\/wp-content\/uploads\/2017\/06\/ENTREG\u00d3-ALCALDE-ESTRADA-MEDINA-UNIFORMES-A-TRABAJADORES-DE-SAPAS.jpg",1024,684,false],"newsium-medium":["http:\/\/tvalaire.com\/wp-content\/uploads\/2017\/06\/ENTREG\u00d3-ALCALDE-ESTRADA-MEDINA-UNIFORMES-A-TRABAJADORES-DE-SAPAS.jpg",711,475,false]},"author_info":{"info":["tvalairenoti"]},"category_info":"<a href=\"http:\/\/tvalaire.com\/?cat=1\" rel=\"category\">La Piedad<\/a>","tag_info":"La Piedad","comment_count":"0","jetpack_featured_media_url":"http:\/\/tvalaire.com\/wp-content\/uploads\/2017\/06\/ENTREG\u00d3-ALCALDE-ESTRADA-MEDINA-UNIFORMES-A-TRABAJADORES-DE-SAPAS.jpg","_links":{"self":[{"href":"http:\/\/tvalaire.com\/index.php?rest_route=\/wp\/v2\/posts\/1792"}],"collection":[{"href":"http:\/\/tvalaire.com\/index.php?rest_route=\/wp\/v2\/posts"}],"about":[{"href":"http:\/\/tvalaire.com\/index.php?rest_route=\/wp\/v2\/types\/post"}],"author":[{"embeddable":true,"href":"http:\/\/tvalaire.com\/index.php?rest_route=\/wp\/v2\/users\/1"}],"replies":[{"embeddable":true,"href":"http:\/\/tvalaire.com\/index.php?rest_route=%2Fwp%2Fv2%2Fcomments&post=1792"}],"version-history":[{"count":1,"href":"http:\/\/tvalaire.com\/index.php?rest_route=\/wp\/v2\/posts\/1792\/revisions"}],"predecessor-version":[{"id":1793,"href":"http:\/\/tvalaire.com\/index.php?rest_route=\/wp\/v2\/posts\/1792\/revisions\/1793"}],"wp:featuredmedia":[{"embeddable":true,"href":"http:\/\/tvalaire.com\/index.php?rest_route=\/wp\/v2\/media\/1790"}],"wp:attachment":[{"href":"http:\/\/tvalaire.com\/index.php?rest_route=%2Fwp%2Fv2%2Fmedia&parent=1792"}],"wp:term":[{"taxonomy":"category","embeddable":true,"href":"http:\/\/tvalaire.com\/index.php?rest_route=%2Fwp%2Fv2%2Fcategories&post=1792"},{"taxonomy":"post_tag","embeddable":true,"href":"http:\/\/tvalaire.com\/index.php?rest_route=%2Fwp%2Fv2%2Ftags&post=1792"}],"curies":[{"name":"wp","href":"https:\/\/api.w.org\/{rel}","templated":true}]}}