{"id":1788,"date":"2017-06-08T10:42:41","date_gmt":"2017-06-08T15:42:41","guid":{"rendered":"http:\/\/tvalaire.com\/?p=1788"},"modified":"2017-06-08T10:42:41","modified_gmt":"2017-06-08T15:42:41","slug":"anuncian-conferencia-magistral-sobre-prevencion-de-la-violencia","status":"publish","type":"post","link":"http:\/\/tvalaire.com\/?p=1788","title":{"rendered":"ANUNCIAN CONFERENCIA MAGISTRAL SOBRE PREVENCI\u00d3N DE LA VIOLENCIA"},"content":{"rendered":"<p class=\"xmsonormal\" style=\"text-align: center; background: white;\" align=\"center\">\n<p class=\"xmsonormal\" style=\"text-align: justify; background: white;\"><span style=\"font-size: 11.5pt; font-family: 'Arial','sans-serif'; color: #212121;\">\u00a0<\/span><span style=\"font-size: 11.5pt; font-family: 'Arial','sans-serif'; color: #212121;\">Por invitaci\u00f3n del Instituto Municipal de la Mujer (IMM), el pr\u00f3ximo viernes 16 de junio, se llevar\u00e1 a cabo una Conferencia Magistral sobre Prevenci\u00f3n de la Violencia por parte de uno de los expositores conocido internacionalmente, Jos\u00e9 Guillermo Salas Tonella.<\/span><\/p>\n<p class=\"xmsonormal\" style=\"text-align: justify; background: white;\"><span style=\"font-size: 11.5pt; font-family: 'Arial','sans-serif'; color: #212121;\">\u00a0La conferencia de corte motivacional se desarrollar\u00e1 en el auditorio de la Universidad del Valle de Atemajac (UNIVA) a las 11:00 horas. La presencia de este conferencista, se hace por primera vez para invitar a todos los j\u00f3venes a participar y motivarse por alcanzar sus sue\u00f1os.<\/span><\/p>\n<p class=\"xmsonormal\" style=\"text-align: justify; background: white;\"><span style=\"font-size: 11.5pt; font-family: 'Arial','sans-serif'; color: #212121;\">\u00a0Guillermo Salas Tonella, cuenta con una amplia trayectoria en artes marciales como el Jiu-jitsu, actividad de la que es vicepresidente; es adem\u00e1s, conductor y analista de Fox Sports con Bellator MMA; forma parte de la Fundaci\u00f3n No tires la toalla. Se gradu\u00f3 en School of Business, Stanford University y ha realizado diversos estudios en Pennsylvania University, as\u00ed como en Harvard University; forma parte del Colegio de Consultores y Comunicadores en Semiolog\u00eda de la vida cotidiana, entre otros.<\/span><\/p>\n<p class=\"xmsonormal\" style=\"text-align: justify; background: white;\"><span style=\"font-size: 11.5pt; font-family: 'Arial','sans-serif'; color: #212121;\">\u00a0Dentro de su experiencia de vida, ha impartido varios cursos y seminarios para la rep\u00fablica mexicana y el extranjero en: Principios de protecci\u00f3n Ejecutiva, Manejo Vehicular Defensivo-Evasivo, Defensa Personal y T\u00e1cticas defensivas, Fundamentos de tiro defensivo, Primeros auxilios y reanimaci\u00f3n Cardio Pulmonar Avanzada; ha sido agente de protecci\u00f3n personal de empresarios, ejecutivos, celebridades y deportistas, adem\u00e1s de ser campe\u00f3n de Asia y Europa de Jiu-jitsu en Tokio Jap\u00f3n en el 2010, Roma Italia en el 2013, entre otros.<\/span><\/p>\n<p class=\"xmsonormal\" style=\"text-align: justify; background: white;\"><span style=\"font-size: 11.5pt; font-family: 'Arial','sans-serif'; color: #212121;\">\u00a0La directora del IMM, inform\u00f3 que la visita a La Piedad se hace de forma gratuita, por tanto se buscar\u00e1 aprovechar los tiempos. Para ello, en primer t\u00e9rmino se ofrecer\u00e1 la conferencia y por la tarde dictar\u00e1 otra ponencia en el CONALEP, para concluir con el pesaje de la pelea de Jiu-jitsu que se realizar\u00e1 al d\u00eda siguiente.<\/span><\/p>\n","protected":false},"excerpt":{"rendered":"<p>\u00a0Por invitaci\u00f3n del Instituto Municipal de la Mujer (IMM), el pr\u00f3ximo viernes 16 de junio,&#8230;<\/p>\n","protected":false},"author":1,"featured_media":1789,"comment_status":"open","ping_status":"open","sticky":false,"template":"","format":"standard","meta":{"jetpack_post_was_ever_published":false,"_jetpack_newsletter_access":"","_jetpack_dont_email_post_to_subs":false,"_jetpack_newsletter_tier_id":0,"_jetpack_memberships_contains_paywalled_content":false,"_jetpack_memberships_contains_paid_content":false,"footnotes":"","jetpack_publicize_message":"","jetpack_publicize_feature_enabled":true,"jetpack_social_post_already_shared":false,"jetpack_social_options":{"image_generator_settings":{"template":"highway","enabled":false},"version":2}},"categories":[1],"tags":[15,36],"class_list":["post-1788","post","type-post","status-publish","format-standard","has-post-thumbnail","hentry","category-la-piedad","tag-la-piedad","tag-principales"],"jetpack_publicize_connections":[],"jetpack_sharing_enabled":true,"featured_image_urls":{"full":["http:\/\/tvalaire.com\/wp-content\/uploads\/2017\/06\/ANUNCIAN-CONFERENCIA-MAGISTRAL-SOBRE-PREVENCI\u00d3N-DE-LA-VIOLENCIA.jpg",1024,683,false],"thumbnail":["http:\/\/tvalaire.com\/wp-content\/uploads\/2017\/06\/ANUNCIAN-CONFERENCIA-MAGISTRAL-SOBRE-PREVENCI\u00d3N-DE-LA-VIOLENCIA-150x150.jpg",150,150,true],"medium":["http:\/\/tvalaire.com\/wp-content\/uploads\/2017\/06\/ANUNCIAN-CONFERENCIA-MAGISTRAL-SOBRE-PREVENCI\u00d3N-DE-LA-VIOLENCIA-300x200.jpg",300,200,true],"medium_large":["http:\/\/tvalaire.com\/wp-content\/uploads\/2017\/06\/ANUNCIAN-CONFERENCIA-MAGISTRAL-SOBRE-PREVENCI\u00d3N-DE-LA-VIOLENCIA-768x512.jpg",640,427,true],"large":["http:\/\/tvalaire.com\/wp-content\/uploads\/2017\/06\/ANUNCIAN-CONFERENCIA-MAGISTRAL-SOBRE-PREVENCI\u00d3N-DE-LA-VIOLENCIA-1024x683.jpg",640,427,true],"post-slider-thumb-size":["http:\/\/tvalaire.com\/wp-content\/uploads\/2017\/06\/ANUNCIAN-CONFERENCIA-MAGISTRAL-SOBRE-PREVENCI\u00d3N-DE-LA-VIOLENCIA.jpg",285,190,false],"post-category-slider-size":["http:\/\/tvalaire.com\/wp-content\/uploads\/2017\/06\/ANUNCIAN-CONFERENCIA-MAGISTRAL-SOBRE-PREVENCI\u00d3N-DE-LA-VIOLENCIA.jpg",330,220,false],"1536x1536":["http:\/\/tvalaire.com\/wp-content\/uploads\/2017\/06\/ANUNCIAN-CONFERENCIA-MAGISTRAL-SOBRE-PREVENCI\u00d3N-DE-LA-VIOLENCIA.jpg",1024,683,false],"2048x2048":["http:\/\/tvalaire.com\/wp-content\/uploads\/2017\/06\/ANUNCIAN-CONFERENCIA-MAGISTRAL-SOBRE-PREVENCI\u00d3N-DE-LA-VIOLENCIA.jpg",1024,683,false],"newsium-slider-full":["http:\/\/tvalaire.com\/wp-content\/uploads\/2017\/06\/ANUNCIAN-CONFERENCIA-MAGISTRAL-SOBRE-PREVENCI\u00d3N-DE-LA-VIOLENCIA.jpg",1024,683,false],"newsium-featured":["http:\/\/tvalaire.com\/wp-content\/uploads\/2017\/06\/ANUNCIAN-CONFERENCIA-MAGISTRAL-SOBRE-PREVENCI\u00d3N-DE-LA-VIOLENCIA.jpg",1024,683,false],"newsium-medium":["http:\/\/tvalaire.com\/wp-content\/uploads\/2017\/06\/ANUNCIAN-CONFERENCIA-MAGISTRAL-SOBRE-PREVENCI\u00d3N-DE-LA-VIOLENCIA.jpg",712,475,false]},"author_info":{"info":["tvalairenoti"]},"category_info":"<a href=\"http:\/\/tvalaire.com\/?cat=1\" rel=\"category\">La Piedad<\/a>","tag_info":"La Piedad","comment_count":"0","jetpack_featured_media_url":"http:\/\/tvalaire.com\/wp-content\/uploads\/2017\/06\/ANUNCIAN-CONFERENCIA-MAGISTRAL-SOBRE-PREVENCI\u00d3N-DE-LA-VIOLENCIA.jpg","_links":{"self":[{"href":"http:\/\/tvalaire.com\/index.php?rest_route=\/wp\/v2\/posts\/1788"}],"collection":[{"href":"http:\/\/tvalaire.com\/index.php?rest_route=\/wp\/v2\/posts"}],"about":[{"href":"http:\/\/tvalaire.com\/index.php?rest_route=\/wp\/v2\/types\/post"}],"author":[{"embeddable":true,"href":"http:\/\/tvalaire.com\/index.php?rest_route=\/wp\/v2\/users\/1"}],"replies":[{"embeddable":true,"href":"http:\/\/tvalaire.com\/index.php?rest_route=%2Fwp%2Fv2%2Fcomments&post=1788"}],"version-history":[{"count":1,"href":"http:\/\/tvalaire.com\/index.php?rest_route=\/wp\/v2\/posts\/1788\/revisions"}],"predecessor-version":[{"id":1791,"href":"http:\/\/tvalaire.com\/index.php?rest_route=\/wp\/v2\/posts\/1788\/revisions\/1791"}],"wp:featuredmedia":[{"embeddable":true,"href":"http:\/\/tvalaire.com\/index.php?rest_route=\/wp\/v2\/media\/1789"}],"wp:attachment":[{"href":"http:\/\/tvalaire.com\/index.php?rest_route=%2Fwp%2Fv2%2Fmedia&parent=1788"}],"wp:term":[{"taxonomy":"category","embeddable":true,"href":"http:\/\/tvalaire.com\/index.php?rest_route=%2Fwp%2Fv2%2Fcategories&post=1788"},{"taxonomy":"post_tag","embeddable":true,"href":"http:\/\/tvalaire.com\/index.php?rest_route=%2Fwp%2Fv2%2Ftags&post=1788"}],"curies":[{"name":"wp","href":"https:\/\/api.w.org\/{rel}","templated":true}]}}