{"id":1753,"date":"2017-06-06T18:51:25","date_gmt":"2017-06-06T23:51:25","guid":{"rendered":"http:\/\/tvalaire.com\/?p=1753"},"modified":"2017-06-06T18:51:25","modified_gmt":"2017-06-06T23:51:25","slug":"dif-se-une-a-la-concientizacion-del-dia-mundial-sin-tabaco","status":"publish","type":"post","link":"http:\/\/tvalaire.com\/?p=1753","title":{"rendered":"DIF SE UNE A LA CONCIENTIZACI\u00d3N DEL  D\u00cdA MUNDIAL SIN TABACO"},"content":{"rendered":"<p>En el marco del D\u00eda Mundial Sin Tabaco, el DIF Municipal que titula la Presidenta Honorifica Yolanda Ram\u00edrez Maga\u00f1a trabajo el d\u00eda de hoy \u00a0con los \u00a0alumnos de la Esc. Sec. Fed. \u00a0\u201cD\u00e1maso C\u00e1rdenas\u201d imparti\u00e9ndoles informaci\u00f3n sobre las consecuencias del uso del tabaco, platica impartida por el Dr. Francisco Morales y del Mtro. Francisco Cisneros, buscando as\u00ed el cuidado de la salud familiar.<\/p>\n<p>&nbsp;<\/p>\n<p><img loading=\"lazy\" decoding=\"async\" class=\"alignnone size-medium wp-image-1754\" src=\"http:\/\/tvalaire.com\/wp-content\/uploads\/2017\/06\/DIA-MUNDIAL-SIN-TABACO-1-300x169.jpeg\" alt=\"\" width=\"300\" height=\"169\" srcset=\"http:\/\/tvalaire.com\/wp-content\/uploads\/2017\/06\/DIA-MUNDIAL-SIN-TABACO-1-300x169.jpeg 300w, http:\/\/tvalaire.com\/wp-content\/uploads\/2017\/06\/DIA-MUNDIAL-SIN-TABACO-1-768x432.jpeg 768w, http:\/\/tvalaire.com\/wp-content\/uploads\/2017\/06\/DIA-MUNDIAL-SIN-TABACO-1-1024x576.jpeg 1024w, http:\/\/tvalaire.com\/wp-content\/uploads\/2017\/06\/DIA-MUNDIAL-SIN-TABACO-1.jpeg 1600w\" sizes=\"(max-width: 300px) 100vw, 300px\" \/><\/p>\n","protected":false},"excerpt":{"rendered":"<p>En el marco del D\u00eda Mundial Sin Tabaco, el DIF Municipal que titula la Presidenta&#8230;<\/p>\n","protected":false},"author":1,"featured_media":1755,"comment_status":"open","ping_status":"open","sticky":false,"template":"","format":"standard","meta":{"jetpack_post_was_ever_published":false,"_jetpack_newsletter_access":"","_jetpack_dont_email_post_to_subs":false,"_jetpack_newsletter_tier_id":0,"_jetpack_memberships_contains_paywalled_content":false,"_jetpack_memberships_contains_paid_content":false,"footnotes":"","jetpack_publicize_message":"","jetpack_publicize_feature_enabled":true,"jetpack_social_post_already_shared":false,"jetpack_social_options":{"image_generator_settings":{"template":"highway","enabled":false},"version":2}},"categories":[4],"tags":[24],"class_list":["post-1753","post","type-post","status-publish","format-standard","has-post-thumbnail","hentry","category-puruandiro","tag-puruandiro"],"jetpack_publicize_connections":[],"jetpack_sharing_enabled":true,"featured_image_urls":{"full":["http:\/\/tvalaire.com\/wp-content\/uploads\/2017\/06\/DIA-MUNDIAL-SIN-TABACO-2.jpeg",1600,900,false],"thumbnail":["http:\/\/tvalaire.com\/wp-content\/uploads\/2017\/06\/DIA-MUNDIAL-SIN-TABACO-2-150x150.jpeg",150,150,true],"medium":["http:\/\/tvalaire.com\/wp-content\/uploads\/2017\/06\/DIA-MUNDIAL-SIN-TABACO-2-300x169.jpeg",300,169,true],"medium_large":["http:\/\/tvalaire.com\/wp-content\/uploads\/2017\/06\/DIA-MUNDIAL-SIN-TABACO-2-768x432.jpeg",640,360,true],"large":["http:\/\/tvalaire.com\/wp-content\/uploads\/2017\/06\/DIA-MUNDIAL-SIN-TABACO-2-1024x576.jpeg",640,360,true],"post-slider-thumb-size":["http:\/\/tvalaire.com\/wp-content\/uploads\/2017\/06\/DIA-MUNDIAL-SIN-TABACO-2.jpeg",330,186,false],"post-category-slider-size":["http:\/\/tvalaire.com\/wp-content\/uploads\/2017\/06\/DIA-MUNDIAL-SIN-TABACO-2.jpeg",330,186,false],"1536x1536":["http:\/\/tvalaire.com\/wp-content\/uploads\/2017\/06\/DIA-MUNDIAL-SIN-TABACO-2.jpeg",1536,864,false],"2048x2048":["http:\/\/tvalaire.com\/wp-content\/uploads\/2017\/06\/DIA-MUNDIAL-SIN-TABACO-2.jpeg",1600,900,false],"newsium-slider-full":["http:\/\/tvalaire.com\/wp-content\/uploads\/2017\/06\/DIA-MUNDIAL-SIN-TABACO-2.jpeg",1280,720,false],"newsium-featured":["http:\/\/tvalaire.com\/wp-content\/uploads\/2017\/06\/DIA-MUNDIAL-SIN-TABACO-2.jpeg",1024,576,false],"newsium-medium":["http:\/\/tvalaire.com\/wp-content\/uploads\/2017\/06\/DIA-MUNDIAL-SIN-TABACO-2.jpeg",720,405,false]},"author_info":{"info":["tvalairenoti"]},"category_info":"<a href=\"http:\/\/tvalaire.com\/?cat=4\" rel=\"category\">Puru\u00e1ndiro<\/a>","tag_info":"Puru\u00e1ndiro","comment_count":"0","jetpack_featured_media_url":"http:\/\/tvalaire.com\/wp-content\/uploads\/2017\/06\/DIA-MUNDIAL-SIN-TABACO-2.jpeg","_links":{"self":[{"href":"http:\/\/tvalaire.com\/index.php?rest_route=\/wp\/v2\/posts\/1753"}],"collection":[{"href":"http:\/\/tvalaire.com\/index.php?rest_route=\/wp\/v2\/posts"}],"about":[{"href":"http:\/\/tvalaire.com\/index.php?rest_route=\/wp\/v2\/types\/post"}],"author":[{"embeddable":true,"href":"http:\/\/tvalaire.com\/index.php?rest_route=\/wp\/v2\/users\/1"}],"replies":[{"embeddable":true,"href":"http:\/\/tvalaire.com\/index.php?rest_route=%2Fwp%2Fv2%2Fcomments&post=1753"}],"version-history":[{"count":1,"href":"http:\/\/tvalaire.com\/index.php?rest_route=\/wp\/v2\/posts\/1753\/revisions"}],"predecessor-version":[{"id":1756,"href":"http:\/\/tvalaire.com\/index.php?rest_route=\/wp\/v2\/posts\/1753\/revisions\/1756"}],"wp:featuredmedia":[{"embeddable":true,"href":"http:\/\/tvalaire.com\/index.php?rest_route=\/wp\/v2\/media\/1755"}],"wp:attachment":[{"href":"http:\/\/tvalaire.com\/index.php?rest_route=%2Fwp%2Fv2%2Fmedia&parent=1753"}],"wp:term":[{"taxonomy":"category","embeddable":true,"href":"http:\/\/tvalaire.com\/index.php?rest_route=%2Fwp%2Fv2%2Fcategories&post=1753"},{"taxonomy":"post_tag","embeddable":true,"href":"http:\/\/tvalaire.com\/index.php?rest_route=%2Fwp%2Fv2%2Ftags&post=1753"}],"curies":[{"name":"wp","href":"https:\/\/api.w.org\/{rel}","templated":true}]}}