{"id":1743,"date":"2017-06-06T17:38:37","date_gmt":"2017-06-06T22:38:37","guid":{"rendered":"http:\/\/tvalaire.com\/?p=1743"},"modified":"2017-06-06T17:38:37","modified_gmt":"2017-06-06T22:38:37","slug":"quedo-instalado-el-consejo-ciudadano-para-el-desarrollo-integral-de-la-piedad","status":"publish","type":"post","link":"http:\/\/tvalaire.com\/?p=1743","title":{"rendered":"QUED\u00d3 INSTALADO EL CONSEJO CIUDADANO PARA EL DESARROLLO INTEGRAL DE LA PIEDAD"},"content":{"rendered":"<p class=\"x_MsoNormal\" align=\"center\">\n<p class=\"x_MsoNormal\">El Gobernador del Estado, Silvano Aureoles Conejo, asisti\u00f3 a la instalaci\u00f3n y toma de protesta del Consejo Ciudadano para el Desarrollo Integral de La Piedad, en donde asegur\u00f3 a los casi 150 integrantes que no se trata de invitarlos a quitarles su tiempo, sino de apoyar para generar un espacio donde se construya el verdadero desarrollo local.<\/p>\n<p class=\"x_MsoNormal\">\u00a0Juan Manuel Estrada Medina, dijo, \u201cLos piedadenses estamos plenamente convencidos, que todos los compromisos adquiridos con anterioridad ser\u00e1n una prioridad de las mesas tem\u00e1ticas de trabajo que habr\u00e1n de celebrarse pr\u00f3ximamente, con la firme convicci\u00f3n de que usted se\u00f1or Gobernador, habr\u00e1 de dar cumplimiento a esos y muchos m\u00e1s acuerdos y compromisos antes del t\u00e9rmino de su gesti\u00f3n y que son parte fundamental del desarrollo de este municipio, porque creemos en usted\u201d.<\/p>\n<p class=\"x_MsoNormal\">\u00a0Estrada Medina destac\u00f3 a los presentes la importancia de colaborar en este consejo pues resalt\u00f3 que nadie vendr\u00e1 de fuera a solucionar los problemas que hay en La Piedad, es el mismo pueblo quien tiene que unirse y proyectar la visi\u00f3n del municipio que pretende.<\/p>\n<p class=\"x_MsoNormal\">\u00a0La bienvenida del gobernador corri\u00f3 a cargo del Alcalde Juan Manuel Estrada Medina quien agradeci\u00f3 la visita del Jefe del Ejecutivo Estatal y de cada uno de los integrantes que forman parte de este consejo. Expuso que los trabajos previos realizados han dejado ver el inter\u00e9s por los diferentes actores que realmente anhelan el desarrollo integral de La Piedad y para lo cual, indic\u00f3 que pondr\u00e1n todas sus capacidades con el fin de empatar lo deseado con lo proyectado tanto en el nivel local como estatal y de esta manera ser congruentes con la demanda ciudadana y lo que con visi\u00f3n de futuro se pretende.<\/p>\n<p class=\"x_MsoNormal\">\u00a0Por su parte el Gobernador en su intervenci\u00f3n dijo no ha olvidado los compromisos que tiene con la poblaci\u00f3n, entre los que se encuentran la remodelaci\u00f3n del bulevar L\u00e1zaro C\u00e1rdenas, del cual est\u00e1n por terminar el proyecto t\u00e9cnico y te\u00f3rico que incluir\u00e1 dijo, banquetas m\u00e1s amplias, camell\u00f3n central, una ciclov\u00eda.<\/p>\n<p class=\"x_MsoNormal\">\u00a0Invit\u00f3 a su vez a todos los que conforman este Consejo Ciudadano para el Desarrollo Integral de La Piedad, entre los que se encuentran empresarios, profesionistas, asociaci\u00f3n civiles, instituciones educativas, ministros de culto religioso, clubes de servicio, transportistas, representantes del sector salud, partidos pol\u00edticos, promotores del arte y la cultural, s\u00edndico y regidores del Ayuntamiento, jefes de tenencia, comisariados ejidales, encargados del orden, entre otros, a que juntos den continuidad al proyecto con la instalaci\u00f3n de las mesas de trabajo en las que se tocar\u00e1n varios temas entre ellos:<\/p>\n<p class=\"x_MsoNormal\">\u00a0Desarrollo econ\u00f3mico, social, infraestructura, seguridad p\u00fablica, medio ambiente, en las cuales se habr\u00e1n de enlistar cada una de las problem\u00e1ticas existentes en cada uno de esos \u00e1mbitos, para establecer las acciones y obras de trabajo que ser\u00e1n entregadas al Secretario de Obras P\u00fablicas del Estado, para que se priorice cada una de ellas y se les asigne fecha de inicio y terminaci\u00f3n.<\/p>\n<p class=\"x_MsoNormal\">\u00a0Pidi\u00f3 a su vez dejar un espacio para el establecimiento de un proyecto que brinde apoyo, asesor\u00eda y financiamiento a los porcicultores locales, as\u00ed como incluir el saneamiento del R\u00edo Lerma. La problem\u00e1tica existente dijo, saldr\u00e1 del trabajo que se realice en cada una de esas mesas tem\u00e1ticas que pr\u00f3ximamente habr\u00e1n de establecerse en esta ciudad.<\/p>\n","protected":false},"excerpt":{"rendered":"<p>El Gobernador del Estado, Silvano Aureoles Conejo, asisti\u00f3 a la instalaci\u00f3n y toma de protesta&#8230;<\/p>\n","protected":false},"author":1,"featured_media":1744,"comment_status":"open","ping_status":"open","sticky":false,"template":"","format":"standard","meta":{"jetpack_post_was_ever_published":false,"_jetpack_newsletter_access":"","_jetpack_dont_email_post_to_subs":false,"_jetpack_newsletter_tier_id":0,"_jetpack_memberships_contains_paywalled_content":false,"_jetpack_memberships_contains_paid_content":false,"footnotes":"","jetpack_publicize_message":"","jetpack_publicize_feature_enabled":true,"jetpack_social_post_already_shared":false,"jetpack_social_options":{"image_generator_settings":{"template":"highway","enabled":false},"version":2}},"categories":[1],"tags":[15,36],"class_list":["post-1743","post","type-post","status-publish","format-standard","has-post-thumbnail","hentry","category-la-piedad","tag-la-piedad","tag-principales"],"jetpack_publicize_connections":[],"jetpack_sharing_enabled":true,"featured_image_urls":{"full":["http:\/\/tvalaire.com\/wp-content\/uploads\/2017\/06\/QUED\u00d3-INSTALADO-EL-CONSEJO-CIUDADANO-PARA-EL-DESARROLLO-INTEGRAL-DE-LA-PIEDAD.jpg",1024,684,false],"thumbnail":["http:\/\/tvalaire.com\/wp-content\/uploads\/2017\/06\/QUED\u00d3-INSTALADO-EL-CONSEJO-CIUDADANO-PARA-EL-DESARROLLO-INTEGRAL-DE-LA-PIEDAD-150x150.jpg",150,150,true],"medium":["http:\/\/tvalaire.com\/wp-content\/uploads\/2017\/06\/QUED\u00d3-INSTALADO-EL-CONSEJO-CIUDADANO-PARA-EL-DESARROLLO-INTEGRAL-DE-LA-PIEDAD-300x200.jpg",300,200,true],"medium_large":["http:\/\/tvalaire.com\/wp-content\/uploads\/2017\/06\/QUED\u00d3-INSTALADO-EL-CONSEJO-CIUDADANO-PARA-EL-DESARROLLO-INTEGRAL-DE-LA-PIEDAD-768x513.jpg",640,428,true],"large":["http:\/\/tvalaire.com\/wp-content\/uploads\/2017\/06\/QUED\u00d3-INSTALADO-EL-CONSEJO-CIUDADANO-PARA-EL-DESARROLLO-INTEGRAL-DE-LA-PIEDAD-1024x684.jpg",640,428,true],"post-slider-thumb-size":["http:\/\/tvalaire.com\/wp-content\/uploads\/2017\/06\/QUED\u00d3-INSTALADO-EL-CONSEJO-CIUDADANO-PARA-EL-DESARROLLO-INTEGRAL-DE-LA-PIEDAD.jpg",284,190,false],"post-category-slider-size":["http:\/\/tvalaire.com\/wp-content\/uploads\/2017\/06\/QUED\u00d3-INSTALADO-EL-CONSEJO-CIUDADANO-PARA-EL-DESARROLLO-INTEGRAL-DE-LA-PIEDAD.jpg",330,220,false],"1536x1536":["http:\/\/tvalaire.com\/wp-content\/uploads\/2017\/06\/QUED\u00d3-INSTALADO-EL-CONSEJO-CIUDADANO-PARA-EL-DESARROLLO-INTEGRAL-DE-LA-PIEDAD.jpg",1024,684,false],"2048x2048":["http:\/\/tvalaire.com\/wp-content\/uploads\/2017\/06\/QUED\u00d3-INSTALADO-EL-CONSEJO-CIUDADANO-PARA-EL-DESARROLLO-INTEGRAL-DE-LA-PIEDAD.jpg",1024,684,false],"newsium-slider-full":["http:\/\/tvalaire.com\/wp-content\/uploads\/2017\/06\/QUED\u00d3-INSTALADO-EL-CONSEJO-CIUDADANO-PARA-EL-DESARROLLO-INTEGRAL-DE-LA-PIEDAD.jpg",1024,684,false],"newsium-featured":["http:\/\/tvalaire.com\/wp-content\/uploads\/2017\/06\/QUED\u00d3-INSTALADO-EL-CONSEJO-CIUDADANO-PARA-EL-DESARROLLO-INTEGRAL-DE-LA-PIEDAD.jpg",1024,684,false],"newsium-medium":["http:\/\/tvalaire.com\/wp-content\/uploads\/2017\/06\/QUED\u00d3-INSTALADO-EL-CONSEJO-CIUDADANO-PARA-EL-DESARROLLO-INTEGRAL-DE-LA-PIEDAD.jpg",711,475,false]},"author_info":{"info":["tvalairenoti"]},"category_info":"<a href=\"http:\/\/tvalaire.com\/?cat=1\" rel=\"category\">La Piedad<\/a>","tag_info":"La Piedad","comment_count":"0","jetpack_featured_media_url":"http:\/\/tvalaire.com\/wp-content\/uploads\/2017\/06\/QUED\u00d3-INSTALADO-EL-CONSEJO-CIUDADANO-PARA-EL-DESARROLLO-INTEGRAL-DE-LA-PIEDAD.jpg","_links":{"self":[{"href":"http:\/\/tvalaire.com\/index.php?rest_route=\/wp\/v2\/posts\/1743"}],"collection":[{"href":"http:\/\/tvalaire.com\/index.php?rest_route=\/wp\/v2\/posts"}],"about":[{"href":"http:\/\/tvalaire.com\/index.php?rest_route=\/wp\/v2\/types\/post"}],"author":[{"embeddable":true,"href":"http:\/\/tvalaire.com\/index.php?rest_route=\/wp\/v2\/users\/1"}],"replies":[{"embeddable":true,"href":"http:\/\/tvalaire.com\/index.php?rest_route=%2Fwp%2Fv2%2Fcomments&post=1743"}],"version-history":[{"count":1,"href":"http:\/\/tvalaire.com\/index.php?rest_route=\/wp\/v2\/posts\/1743\/revisions"}],"predecessor-version":[{"id":1745,"href":"http:\/\/tvalaire.com\/index.php?rest_route=\/wp\/v2\/posts\/1743\/revisions\/1745"}],"wp:featuredmedia":[{"embeddable":true,"href":"http:\/\/tvalaire.com\/index.php?rest_route=\/wp\/v2\/media\/1744"}],"wp:attachment":[{"href":"http:\/\/tvalaire.com\/index.php?rest_route=%2Fwp%2Fv2%2Fmedia&parent=1743"}],"wp:term":[{"taxonomy":"category","embeddable":true,"href":"http:\/\/tvalaire.com\/index.php?rest_route=%2Fwp%2Fv2%2Fcategories&post=1743"},{"taxonomy":"post_tag","embeddable":true,"href":"http:\/\/tvalaire.com\/index.php?rest_route=%2Fwp%2Fv2%2Ftags&post=1743"}],"curies":[{"name":"wp","href":"https:\/\/api.w.org\/{rel}","templated":true}]}}