{"id":1740,"date":"2017-06-06T17:36:30","date_gmt":"2017-06-06T22:36:30","guid":{"rendered":"http:\/\/tvalaire.com\/?p=1740"},"modified":"2017-06-06T17:36:30","modified_gmt":"2017-06-06T22:36:30","slug":"anuncia-gobierno-la-realizacion-del-primer-foro-ambiental-la-piedad-2017","status":"publish","type":"post","link":"http:\/\/tvalaire.com\/?p=1740","title":{"rendered":"ANUNCIA GOBIERNO LA REALIZACI\u00d3N DEL PRIMER FORO AMBIENTAL LA PIEDAD 2017"},"content":{"rendered":"<p class=\"x_MsoNormal\" align=\"center\"><b>ANUNCIA GOBIERNO LA REALIZACI\u00d3N DEL PRIMER FORO AMBIENTAL LA PIEDAD 2017<\/b><\/p>\n<p class=\"x_MsoNormal\" align=\"center\"><b>\u00a0<\/b><\/p>\n<p class=\"x_MsoNormal\"><b>Tocar\u00e1n diversos temas relacionados con el medio ambiente y se impartir\u00e1 el jueves 8 en la UNIVA.<\/b><\/p>\n<p class=\"x_MsoNormal\">\n<p class=\"x_MsoNormal\">El Gobierno Municipal a trav\u00e9s de la Coordinaci\u00f3n de Ecolog\u00eda, con el apoyo de diversos expositores de instancias como Procuradur\u00eda Federal de Protecci\u00f3n al Ambiente (PROFEPA); el Colegio de Michoac\u00e1n (COLMICH) y la Secretar\u00eda del Medio Ambiente y Recursos Naturales (SEMARNAT) y la Secretar\u00eda del Medio Ambiente, Recursos Naturales y Cambio Clim\u00e1tico (SEMARNACC) participar\u00e1n en el Primer Foro Ambiental La Piedad 2017.<\/p>\n<p class=\"x_MsoNormal\">\n<p class=\"x_MsoNormal\">La sede de este evento ser\u00e1 la Universidad del Valle de Atemajac (UNIVA) y se realizar\u00e1 este jueves 8 de junio a partir de las 09:00 horas.<\/p>\n<p class=\"x_MsoNormal\">\n<p class=\"x_MsoNormal\">De acuerdo al orden del d\u00eda con el que se cuenta, el evento iniciar\u00e1 con las palabras del Alcalde Juan Manuel Estrada Medina, quien har\u00e1 el arranque oficial de este evento, para luego dar inicio con las ponencias que se tienen programas y entre las cuales destacan los siguientes temas: Recursos naturales que estar\u00e1 dirigida por Juan Maga\u00f1a de la PROFEPA delegaci\u00f3n Michoac\u00e1n; Inspecci\u00f3n industrial que estar\u00e1 a cargo del bi\u00f3logo Arturo Villase\u00f1or tambi\u00e9n de esta instancia.<\/p>\n<p class=\"x_MsoNormal\">\n<p class=\"x_MsoNormal\">Posteriormente Eduardo R\u00edos de la SEMARNAT expondr\u00e1 el tema: Entendiendo el cambio clim\u00e1tico; le seguir\u00e1n la licenciada Luz Samanta Su\u00e1rez \u00c1vila quien es jefa del departamento de educaci\u00f3n y capacitaci\u00f3n para la sustentabilidad y cambio clim\u00e1tico de la SEMARNACC, con la exposici\u00f3n, Los retos para el cuidado del medio ambiente y concluir\u00e1 Jos\u00e9 Alberto Aguirre Anaya investigador de CEGH del COLMICH, con otra exposici\u00f3n sobre el mismo tema.<\/p>\n<p class=\"x_MsoNormal\">\n<p class=\"x_MsoNormal\">Por lo que se invit\u00f3 a todos los interesados con este tema asistir a este importante evento que organiza el Gobierno Municipal, con la finalidad de crear conciencia entre la poblaci\u00f3n sobre los problemas que presenta el medio ambiente.<\/p>\n","protected":false},"excerpt":{"rendered":"<p>ANUNCIA GOBIERNO LA REALIZACI\u00d3N DEL PRIMER FORO AMBIENTAL LA PIEDAD 2017 \u00a0 Tocar\u00e1n diversos temas&#8230;<\/p>\n","protected":false},"author":1,"featured_media":1741,"comment_status":"open","ping_status":"open","sticky":false,"template":"","format":"standard","meta":{"jetpack_post_was_ever_published":false,"_jetpack_newsletter_access":"","_jetpack_dont_email_post_to_subs":false,"_jetpack_newsletter_tier_id":0,"_jetpack_memberships_contains_paywalled_content":false,"_jetpack_memberships_contains_paid_content":false,"footnotes":"","jetpack_publicize_message":"","jetpack_publicize_feature_enabled":true,"jetpack_social_post_already_shared":false,"jetpack_social_options":{"image_generator_settings":{"template":"highway","enabled":false},"version":2}},"categories":[1],"tags":[15],"class_list":["post-1740","post","type-post","status-publish","format-standard","has-post-thumbnail","hentry","category-la-piedad","tag-la-piedad"],"jetpack_publicize_connections":[],"jetpack_sharing_enabled":true,"featured_image_urls":{"full":["http:\/\/tvalaire.com\/wp-content\/uploads\/2017\/06\/ANUNCIA-GOBIERNO-LA-REALIZACI\u00d3N-DEL-PRIMER-FORO-AMBIENTAL-LA-PIEDAD-2017.jpg",3300,2550,false],"thumbnail":["http:\/\/tvalaire.com\/wp-content\/uploads\/2017\/06\/ANUNCIA-GOBIERNO-LA-REALIZACI\u00d3N-DEL-PRIMER-FORO-AMBIENTAL-LA-PIEDAD-2017-150x150.jpg",150,150,true],"medium":["http:\/\/tvalaire.com\/wp-content\/uploads\/2017\/06\/ANUNCIA-GOBIERNO-LA-REALIZACI\u00d3N-DEL-PRIMER-FORO-AMBIENTAL-LA-PIEDAD-2017-300x232.jpg",300,232,true],"medium_large":["http:\/\/tvalaire.com\/wp-content\/uploads\/2017\/06\/ANUNCIA-GOBIERNO-LA-REALIZACI\u00d3N-DEL-PRIMER-FORO-AMBIENTAL-LA-PIEDAD-2017-768x593.jpg",640,494,true],"large":["http:\/\/tvalaire.com\/wp-content\/uploads\/2017\/06\/ANUNCIA-GOBIERNO-LA-REALIZACI\u00d3N-DEL-PRIMER-FORO-AMBIENTAL-LA-PIEDAD-2017-1024x791.jpg",640,494,true],"post-slider-thumb-size":["http:\/\/tvalaire.com\/wp-content\/uploads\/2017\/06\/ANUNCIA-GOBIERNO-LA-REALIZACI\u00d3N-DEL-PRIMER-FORO-AMBIENTAL-LA-PIEDAD-2017.jpg",246,190,false],"post-category-slider-size":["http:\/\/tvalaire.com\/wp-content\/uploads\/2017\/06\/ANUNCIA-GOBIERNO-LA-REALIZACI\u00d3N-DEL-PRIMER-FORO-AMBIENTAL-LA-PIEDAD-2017.jpg",330,255,false],"1536x1536":["http:\/\/tvalaire.com\/wp-content\/uploads\/2017\/06\/ANUNCIA-GOBIERNO-LA-REALIZACI\u00d3N-DEL-PRIMER-FORO-AMBIENTAL-LA-PIEDAD-2017.jpg",1536,1187,false],"2048x2048":["http:\/\/tvalaire.com\/wp-content\/uploads\/2017\/06\/ANUNCIA-GOBIERNO-LA-REALIZACI\u00d3N-DEL-PRIMER-FORO-AMBIENTAL-LA-PIEDAD-2017.jpg",2048,1583,false],"newsium-slider-full":["http:\/\/tvalaire.com\/wp-content\/uploads\/2017\/06\/ANUNCIA-GOBIERNO-LA-REALIZACI\u00d3N-DEL-PRIMER-FORO-AMBIENTAL-LA-PIEDAD-2017.jpg",1094,845,false],"newsium-featured":["http:\/\/tvalaire.com\/wp-content\/uploads\/2017\/06\/ANUNCIA-GOBIERNO-LA-REALIZACI\u00d3N-DEL-PRIMER-FORO-AMBIENTAL-LA-PIEDAD-2017.jpg",1024,791,false],"newsium-medium":["http:\/\/tvalaire.com\/wp-content\/uploads\/2017\/06\/ANUNCIA-GOBIERNO-LA-REALIZACI\u00d3N-DEL-PRIMER-FORO-AMBIENTAL-LA-PIEDAD-2017.jpg",615,475,false]},"author_info":{"info":["tvalairenoti"]},"category_info":"<a href=\"http:\/\/tvalaire.com\/?cat=1\" rel=\"category\">La Piedad<\/a>","tag_info":"La Piedad","comment_count":"0","jetpack_featured_media_url":"http:\/\/tvalaire.com\/wp-content\/uploads\/2017\/06\/ANUNCIA-GOBIERNO-LA-REALIZACI\u00d3N-DEL-PRIMER-FORO-AMBIENTAL-LA-PIEDAD-2017.jpg","_links":{"self":[{"href":"http:\/\/tvalaire.com\/index.php?rest_route=\/wp\/v2\/posts\/1740"}],"collection":[{"href":"http:\/\/tvalaire.com\/index.php?rest_route=\/wp\/v2\/posts"}],"about":[{"href":"http:\/\/tvalaire.com\/index.php?rest_route=\/wp\/v2\/types\/post"}],"author":[{"embeddable":true,"href":"http:\/\/tvalaire.com\/index.php?rest_route=\/wp\/v2\/users\/1"}],"replies":[{"embeddable":true,"href":"http:\/\/tvalaire.com\/index.php?rest_route=%2Fwp%2Fv2%2Fcomments&post=1740"}],"version-history":[{"count":1,"href":"http:\/\/tvalaire.com\/index.php?rest_route=\/wp\/v2\/posts\/1740\/revisions"}],"predecessor-version":[{"id":1742,"href":"http:\/\/tvalaire.com\/index.php?rest_route=\/wp\/v2\/posts\/1740\/revisions\/1742"}],"wp:featuredmedia":[{"embeddable":true,"href":"http:\/\/tvalaire.com\/index.php?rest_route=\/wp\/v2\/media\/1741"}],"wp:attachment":[{"href":"http:\/\/tvalaire.com\/index.php?rest_route=%2Fwp%2Fv2%2Fmedia&parent=1740"}],"wp:term":[{"taxonomy":"category","embeddable":true,"href":"http:\/\/tvalaire.com\/index.php?rest_route=%2Fwp%2Fv2%2Fcategories&post=1740"},{"taxonomy":"post_tag","embeddable":true,"href":"http:\/\/tvalaire.com\/index.php?rest_route=%2Fwp%2Fv2%2Ftags&post=1740"}],"curies":[{"name":"wp","href":"https:\/\/api.w.org\/{rel}","templated":true}]}}