{"id":1736,"date":"2017-06-06T17:30:31","date_gmt":"2017-06-06T22:30:31","guid":{"rendered":"http:\/\/tvalaire.com\/?p=1736"},"modified":"2017-06-06T17:30:31","modified_gmt":"2017-06-06T22:30:31","slug":"habra-nueva-nomenclatura-exterior-en-el-centro-historico-de-la-piedad","status":"publish","type":"post","link":"http:\/\/tvalaire.com\/?p=1736","title":{"rendered":"HABR\u00c1 NUEVA NOMENCLATURA EXTERIOR EN EL CENTRO HIST\u00d3RICO DE LA PIEDAD"},"content":{"rendered":"<p class=\"x_m_6335469244995700783gmail-Standard\" align=\"center\">\n<p class=\"x_m_6335469244995700783gmail-Standard\">El Presidente Municipal, Juan Manuel Estrada Medina, aprovech\u00f3 su participaci\u00f3n como invitado para la toma de protesta de la nueva Mesa Directiva de la C\u00e1mara Nacional de Comercio (CANACO) SERVITUR, para informar del proyecto de Nueva Imagen Urbana que incluir\u00e1 a todo el Centro Hist\u00f3rico de esta ciudad.<\/p>\n<p class=\"x_m_6335469244995700783gmail-Standard\">Se trata dijo, del cambio de la nomenclatura exterior en todos los comercios que se encuentran establecidos dentro del Centro Hist\u00f3rico de La Piedad, con la finalidad de hacer de \u00e9stos, un espacio m\u00e1s agradable para todos.<\/p>\n<p class=\"x_m_6335469244995700783gmail-Standard\">Indic\u00f3 que en pr\u00f3ximas fechas la subdirecci\u00f3n de Urbanismo y Reglamentos Municipal, habr\u00e1n de hacerles llegar el prototipo de la Nueva Imagen Urbana, por lo que pidi\u00f3 a los integrantes de CANACO-SERVITUR, ser part\u00edcipes de este proyecto.<\/p>\n<p class=\"x_m_6335469244995700783gmail-Standard\">La presencia del Alcalde en este evento fue a invitaci\u00f3n de la nueva Mesa Directiva en un acto realizado en la Escuela de Artes en donde se cont\u00f3 con la presencia de Jos\u00e9 H\u00e9ctor Tejada Shaar, vicepresidente de la regi\u00f3n Centro-Occidente de la Confederaci\u00f3n Nacional de C\u00e1maras de Comercio y presentante del Presidente de CONCANACO; tambi\u00e9n se cont\u00f3 con la presencia de Rafael Olivo Fuentes, representante del delegado federal de la Secretar\u00eda de Econom\u00eda en el Estado; Rogelio Zaraz\u00faa S\u00e1nchez, representante del Secretario de Desarrollo Econ\u00f3mico; Eric Rafael Ram\u00edrez Basurto, presidente de la CANACO-SERVITUR entre otros.<\/p>\n<p class=\"x_m_6335469244995700783gmail-Standard\">Estrada Medina destac\u00f3 que los sectores que la Confederaci\u00f3n representa, participan con el 52.8% del PIB Nacional y el 53% de los empleos formales registrados ante el IMSS, por lo que reconoci\u00f3 la dedicaci\u00f3n, esfuerzo y entusiasmo que los empresarios tanto locales como nacionales imprimen en todas y cada una de sus actividades siempre en uni\u00f3n para fortalecer el mercado y la econom\u00eda de todos los mexicanos, lo cual dijo, habla muy bien de todos ellos.<\/p>\n<p class=\"x_m_6335469244995700783gmail-Standard\">Agradeci\u00f3 por tanto a la CANACO-SERVITUR por la invitaci\u00f3n a este evento que se hace por el bien del comercio organizado del Municipio.<\/p>\n<p class=\"x_m_6335469244995700783gmail-Standard\">Eric Rafael Ram\u00edrez Basurto fue el encargado en dar la bienvenida y agradecer a todos su presencia, mencionando que el organismo est\u00e1 integrado por prestadores de servicio convencidos por su trabajo. Por lo que reiter\u00f3 su disposici\u00f3n para trabajar de la mano con las autoridades municipales a quien a su vez agradeci\u00f3 el apoyo, la apertura y la buena disposici\u00f3n para laborar juntos, reconoci\u00e9ndole las facilidades que les proporcion\u00f3 al comercio para dar pr\u00f3rroga en la renovaci\u00f3n de las licencias y por el apoyo para el evento del saz\u00f3n que habr\u00e1n de realizar pr\u00f3ximamente.<\/p>\n<p class=\"x_m_6335469244995700783gmail-Standard\">Ram\u00edrez Basurto habl\u00f3 de los logros obtenidos para el comercio mediante la introducci\u00f3n de mecanismos digitales para trabajo en redes y la bancarizaci\u00f3n de sus negocios y anunci\u00f3 que se mantienen atentos a las convocatorias de las distintas instancias de gobierno para buscar mejores apoyos a este sector.<\/p>\n<p class=\"x_m_6335469244995700783gmail-Standard\">Inform\u00f3 que uno de sus prop\u00f3sitos es darse a la tarea de trabajar en conjunto con las autoridades municipales para la construcci\u00f3n de las propias oficinas de la CANACO-SERVITUR La Piedad, en un terreno de 2 mil metros cuadrados que tienen en la colonia Santa Fe. Proyecto sobre el cual ya se trabaja con el Instituto Municipal de Planeaci\u00f3n (IMPLAN), por lo cual tambi\u00e9n agradeci\u00f3 al Alcalde para sentar las bases de estas oficinas.<\/p>\n<p class=\"x_m_6335469244995700783gmail-Standard\">Posteriormente el Alcalde tom\u00f3 protesta a todos los integrantes de la Mesa Directiva encabezados por Eric Rafael Ram\u00edrez Basurto.<\/p>\n<p class=\"x_m_6335469244995700783gmail-Standard\">Durante el acto, tambi\u00e9n se firm\u00f3 un convenio entre CANACO-SERVITUR e Instituto de Capacitaci\u00f3n para el Trabajo en Michoac\u00e1n (ICATMI), con la finalidad de establecer planes y programas de capacitaci\u00f3n, para lo cual el plantel puso a disposici\u00f3n un total de 300 cursos y certificaciones con varios est\u00e1ndares.<\/p>\n","protected":false},"excerpt":{"rendered":"<p>El Presidente Municipal, Juan Manuel Estrada Medina, aprovech\u00f3 su participaci\u00f3n como invitado para la toma&#8230;<\/p>\n","protected":false},"author":1,"featured_media":1738,"comment_status":"open","ping_status":"open","sticky":false,"template":"","format":"standard","meta":{"jetpack_post_was_ever_published":false,"_jetpack_newsletter_access":"","_jetpack_dont_email_post_to_subs":false,"_jetpack_newsletter_tier_id":0,"_jetpack_memberships_contains_paywalled_content":false,"_jetpack_memberships_contains_paid_content":false,"footnotes":"","jetpack_publicize_message":"","jetpack_publicize_feature_enabled":true,"jetpack_social_post_already_shared":false,"jetpack_social_options":{"image_generator_settings":{"template":"highway","enabled":false},"version":2}},"categories":[1],"tags":[15,36],"class_list":["post-1736","post","type-post","status-publish","format-standard","has-post-thumbnail","hentry","category-la-piedad","tag-la-piedad","tag-principales"],"jetpack_publicize_connections":[],"jetpack_sharing_enabled":true,"featured_image_urls":{"full":["http:\/\/tvalaire.com\/wp-content\/uploads\/2017\/06\/HABR\u00c1-NUEVA-NOMENCLATURA-EXTERIOR-EN-EL-CENTRO-HIST\u00d3RICO-DE-LA-PIEDAD2.jpg",1024,684,false],"thumbnail":["http:\/\/tvalaire.com\/wp-content\/uploads\/2017\/06\/HABR\u00c1-NUEVA-NOMENCLATURA-EXTERIOR-EN-EL-CENTRO-HIST\u00d3RICO-DE-LA-PIEDAD2-150x150.jpg",150,150,true],"medium":["http:\/\/tvalaire.com\/wp-content\/uploads\/2017\/06\/HABR\u00c1-NUEVA-NOMENCLATURA-EXTERIOR-EN-EL-CENTRO-HIST\u00d3RICO-DE-LA-PIEDAD2-300x200.jpg",300,200,true],"medium_large":["http:\/\/tvalaire.com\/wp-content\/uploads\/2017\/06\/HABR\u00c1-NUEVA-NOMENCLATURA-EXTERIOR-EN-EL-CENTRO-HIST\u00d3RICO-DE-LA-PIEDAD2-768x513.jpg",640,428,true],"large":["http:\/\/tvalaire.com\/wp-content\/uploads\/2017\/06\/HABR\u00c1-NUEVA-NOMENCLATURA-EXTERIOR-EN-EL-CENTRO-HIST\u00d3RICO-DE-LA-PIEDAD2-1024x684.jpg",640,428,true],"post-slider-thumb-size":["http:\/\/tvalaire.com\/wp-content\/uploads\/2017\/06\/HABR\u00c1-NUEVA-NOMENCLATURA-EXTERIOR-EN-EL-CENTRO-HIST\u00d3RICO-DE-LA-PIEDAD2.jpg",284,190,false],"post-category-slider-size":["http:\/\/tvalaire.com\/wp-content\/uploads\/2017\/06\/HABR\u00c1-NUEVA-NOMENCLATURA-EXTERIOR-EN-EL-CENTRO-HIST\u00d3RICO-DE-LA-PIEDAD2.jpg",330,220,false],"1536x1536":["http:\/\/tvalaire.com\/wp-content\/uploads\/2017\/06\/HABR\u00c1-NUEVA-NOMENCLATURA-EXTERIOR-EN-EL-CENTRO-HIST\u00d3RICO-DE-LA-PIEDAD2.jpg",1024,684,false],"2048x2048":["http:\/\/tvalaire.com\/wp-content\/uploads\/2017\/06\/HABR\u00c1-NUEVA-NOMENCLATURA-EXTERIOR-EN-EL-CENTRO-HIST\u00d3RICO-DE-LA-PIEDAD2.jpg",1024,684,false],"newsium-slider-full":["http:\/\/tvalaire.com\/wp-content\/uploads\/2017\/06\/HABR\u00c1-NUEVA-NOMENCLATURA-EXTERIOR-EN-EL-CENTRO-HIST\u00d3RICO-DE-LA-PIEDAD2.jpg",1024,684,false],"newsium-featured":["http:\/\/tvalaire.com\/wp-content\/uploads\/2017\/06\/HABR\u00c1-NUEVA-NOMENCLATURA-EXTERIOR-EN-EL-CENTRO-HIST\u00d3RICO-DE-LA-PIEDAD2.jpg",1024,684,false],"newsium-medium":["http:\/\/tvalaire.com\/wp-content\/uploads\/2017\/06\/HABR\u00c1-NUEVA-NOMENCLATURA-EXTERIOR-EN-EL-CENTRO-HIST\u00d3RICO-DE-LA-PIEDAD2.jpg",711,475,false]},"author_info":{"info":["tvalairenoti"]},"category_info":"<a href=\"http:\/\/tvalaire.com\/?cat=1\" rel=\"category\">La Piedad<\/a>","tag_info":"La Piedad","comment_count":"0","jetpack_featured_media_url":"http:\/\/tvalaire.com\/wp-content\/uploads\/2017\/06\/HABR\u00c1-NUEVA-NOMENCLATURA-EXTERIOR-EN-EL-CENTRO-HIST\u00d3RICO-DE-LA-PIEDAD2.jpg","_links":{"self":[{"href":"http:\/\/tvalaire.com\/index.php?rest_route=\/wp\/v2\/posts\/1736"}],"collection":[{"href":"http:\/\/tvalaire.com\/index.php?rest_route=\/wp\/v2\/posts"}],"about":[{"href":"http:\/\/tvalaire.com\/index.php?rest_route=\/wp\/v2\/types\/post"}],"author":[{"embeddable":true,"href":"http:\/\/tvalaire.com\/index.php?rest_route=\/wp\/v2\/users\/1"}],"replies":[{"embeddable":true,"href":"http:\/\/tvalaire.com\/index.php?rest_route=%2Fwp%2Fv2%2Fcomments&post=1736"}],"version-history":[{"count":1,"href":"http:\/\/tvalaire.com\/index.php?rest_route=\/wp\/v2\/posts\/1736\/revisions"}],"predecessor-version":[{"id":1739,"href":"http:\/\/tvalaire.com\/index.php?rest_route=\/wp\/v2\/posts\/1736\/revisions\/1739"}],"wp:featuredmedia":[{"embeddable":true,"href":"http:\/\/tvalaire.com\/index.php?rest_route=\/wp\/v2\/media\/1738"}],"wp:attachment":[{"href":"http:\/\/tvalaire.com\/index.php?rest_route=%2Fwp%2Fv2%2Fmedia&parent=1736"}],"wp:term":[{"taxonomy":"category","embeddable":true,"href":"http:\/\/tvalaire.com\/index.php?rest_route=%2Fwp%2Fv2%2Fcategories&post=1736"},{"taxonomy":"post_tag","embeddable":true,"href":"http:\/\/tvalaire.com\/index.php?rest_route=%2Fwp%2Fv2%2Ftags&post=1736"}],"curies":[{"name":"wp","href":"https:\/\/api.w.org\/{rel}","templated":true}]}}