{"id":1734,"date":"2017-05-31T09:37:03","date_gmt":"2017-05-31T14:37:03","guid":{"rendered":"http:\/\/tvalaire.com\/?p=1734"},"modified":"2017-05-31T09:37:03","modified_gmt":"2017-05-31T14:37:03","slug":"con-dos-conferencias-presentan-libro-anhelo-de-grandeza","status":"publish","type":"post","link":"http:\/\/tvalaire.com\/?p=1734","title":{"rendered":"CON DOS CONFERENCIAS PRESENTAN LIBRO: ANHELO DE GRANDEZA"},"content":{"rendered":"<p class=\"xmsonormal\" style=\"text-align: center; background: white;\" align=\"center\">\n<p class=\"xmsonormal\" style=\"text-align: justify; background: white; font-variant-ligatures: normal; font-variant-caps: normal; orphans: 2; widows: 2; -webkit-text-stroke-width: 0px; text-decoration-style: initial; text-decoration-color: initial; word-spacing: 0px;\"><span style=\"font-size: 11.5pt; font-family: 'Arial','sans-serif'; color: #212121;\">La direcci\u00f3n de Cultura, colaborar\u00f3 para la presentaci\u00f3n del libro: Anhelo de Grandeza del autor Pedro Arturo Tlelo Ram\u00edrez, realizado el lunes por la tarde en el caf\u00e9 Kaffa de esta ciudad.<\/span><\/p>\n<p class=\"xmsonormal\" style=\"text-align: justify; background: white;\"><span style=\"font-size: 11.5pt; font-family: 'Arial','sans-serif'; color: #212121;\">En la presentaci\u00f3n del libro se cont\u00f3 con la presencia del director de Cultura, quien a nombre personal y de manera oficial por parte de la actual administraci\u00f3n, felicit\u00f3 al autor por este trabajo del cual dijo no duda del que todo lo escrito sea vivencial.<\/span><\/p>\n<p class=\"xmsonormal\" style=\"text-align: justify; background: white;\"><span style=\"font-size: 11.5pt; font-family: 'Arial','sans-serif'; color: #212121;\">Calific\u00f3 al propio autor de quien dijo llevar una buena amistad y que a trav\u00e9s de esta presentaci\u00f3n les mostr\u00f3 una pintura con pinceladas abstractas y llenas de religiosidad de parte de un excelente educador.<\/span><\/p>\n<p class=\"xmsonormal\" style=\"text-align: justify; background: white;\"><span style=\"font-size: 11.5pt; font-family: 'Arial','sans-serif'; color: #212121;\">Como funcionario p\u00fablico, resalt\u00f3 que la intenci\u00f3n de una administraci\u00f3n municipal es hacer que el apoyo y los programas lleguen a donde deben llegar, de ah\u00ed la importancia e inter\u00e9s del Gobierno Municipal que dirige el Alcalde Juan Manuel Estrada Medina, por apoyar este tipo de eventos.<\/span><\/p>\n<p class=\"xmsonormal\" style=\"text-align: justify; background: white;\"><span style=\"font-size: 11.5pt; font-family: 'Arial','sans-serif'; color: #212121;\">Por su parte el autor dijo que con esta obra literaria no aspir\u00f3 a hacer un libro de superaci\u00f3n personal o competir con los grandes creadores de este tipo de obras, lo que \u00e9l busca con este trabajo es despertar el fuego interno que hay en cada una de las personas para que puedan hacer lo que m\u00e1s les guste y para que puedan cumplir con el objetivo de su vida.<\/span><\/p>\n<p class=\"xmsonormal\" style=\"text-align: justify; background: white;\"><span style=\"font-size: 11.5pt; font-family: 'Arial','sans-serif'; color: #212121;\">Resumi\u00f3 su libro en cinco puntos, en donde el primero es que la obra trata del dolor y sufrimiento que vive la persona; no es un tratado sobre Dios; habla sobre el ego; deja un mensaje a quienes lo leen para que hagan lo que en verdad les guste y finaliza con un perd\u00f3n.<\/span><\/p>\n<p class=\"xmsonormal\" style=\"text-align: justify; background: white;\"><span style=\"font-size: 11.5pt; font-family: 'Arial','sans-serif'; color: #212121;\">As\u00ed mismo, adelant\u00f3 que si bien \u00e9ste fue su primer proyecto, ya prepara el segundo libro al que llamar\u00e1: \u201cEl gran proyecto\u201d, por lo que invit\u00f3 a las personas a leer esta obra y a encontrar ese fuego interno, a sacarle provecho para que al final de sus d\u00edas todos los que lo lean puedan decir que hicieron lo que realmente quer\u00edan hacer en la vida.<\/span><\/p>\n<p class=\"xmsonormal\" style=\"text-align: justify; background: white;\"><span style=\"font-size: 11.5pt; font-family: 'Arial','sans-serif'; color: #212121;\">Antes de la ponencia de Pedro Arturo Tlelo Ram\u00edrez la alumna Andrea P\u00e9rez Ferrer, estudiante de Preparatoria originaria de Corralejo municipio de P\u00e9njamo Guanajuato, hizo una ponencia dirigida a todos los j\u00f3venes de su edad, para crear conciencia sobre lo que hacen y el luchar para lograr el objetivo de todo ser humano que es el lograr ser feliz.<\/span><\/p>\n<p class=\"xmsonormal\" style=\"text-align: justify; background: white;\"><span style=\"font-size: 11.5pt; font-family: 'Arial','sans-serif'; color: #212121;\">Durante la conferencia, el autor se encontraba acompa\u00f1ado de su esposa e hijos, as\u00ed como su mam\u00e1, amigos y familiares, as\u00ed como la se\u00f1ora Teresa L\u00f3pez propietaria del caf\u00e9 Kaffe; Margarita L\u00f3pez de Celis acompa\u00f1ada de su esposo; Oscar M\u00e9ndez, literato piredadense, entre otros.<\/span><\/p>\n<p class=\"xmsonormal\" style=\"text-align: justify; background: white;\"><span style=\"font-size: 11.5pt; font-family: 'Arial','sans-serif'; color: #212121;\">En el intermedio se cont\u00f3 tambi\u00e9n con la presentaci\u00f3n del grupo Shock Dance quien mostr\u00f3 el gran talento con el que cuenta cada uno de sus integrantes y al t\u00e9rmino de las dos ponencias el autor autograf\u00edo \u00e9ste que fue su primer libro.<\/span><\/p>\n","protected":false},"excerpt":{"rendered":"<p>La direcci\u00f3n de Cultura, colaborar\u00f3 para la presentaci\u00f3n del libro: Anhelo de Grandeza del autor&#8230;<\/p>\n","protected":false},"author":1,"featured_media":1728,"comment_status":"open","ping_status":"open","sticky":false,"template":"","format":"standard","meta":{"jetpack_post_was_ever_published":false,"_jetpack_newsletter_access":"","_jetpack_dont_email_post_to_subs":false,"_jetpack_newsletter_tier_id":0,"_jetpack_memberships_contains_paywalled_content":false,"_jetpack_memberships_contains_paid_content":false,"footnotes":"","jetpack_publicize_message":"","jetpack_publicize_feature_enabled":true,"jetpack_social_post_already_shared":false,"jetpack_social_options":{"image_generator_settings":{"template":"highway","enabled":false},"version":2}},"categories":[1],"tags":[15,36],"class_list":["post-1734","post","type-post","status-publish","format-standard","has-post-thumbnail","hentry","category-la-piedad","tag-la-piedad","tag-principales"],"jetpack_publicize_connections":[],"jetpack_sharing_enabled":true,"featured_image_urls":{"full":["http:\/\/tvalaire.com\/wp-content\/uploads\/2017\/05\/CON-DOS-CONFERENCIAS-PRESENTAN-LIBRO-ANHELO-DE-GRANDEZA.jpg",1024,683,false],"thumbnail":["http:\/\/tvalaire.com\/wp-content\/uploads\/2017\/05\/CON-DOS-CONFERENCIAS-PRESENTAN-LIBRO-ANHELO-DE-GRANDEZA-150x150.jpg",150,150,true],"medium":["http:\/\/tvalaire.com\/wp-content\/uploads\/2017\/05\/CON-DOS-CONFERENCIAS-PRESENTAN-LIBRO-ANHELO-DE-GRANDEZA-300x200.jpg",300,200,true],"medium_large":["http:\/\/tvalaire.com\/wp-content\/uploads\/2017\/05\/CON-DOS-CONFERENCIAS-PRESENTAN-LIBRO-ANHELO-DE-GRANDEZA-768x512.jpg",640,427,true],"large":["http:\/\/tvalaire.com\/wp-content\/uploads\/2017\/05\/CON-DOS-CONFERENCIAS-PRESENTAN-LIBRO-ANHELO-DE-GRANDEZA-1024x683.jpg",640,427,true],"post-slider-thumb-size":["http:\/\/tvalaire.com\/wp-content\/uploads\/2017\/05\/CON-DOS-CONFERENCIAS-PRESENTAN-LIBRO-ANHELO-DE-GRANDEZA.jpg",285,190,false],"post-category-slider-size":["http:\/\/tvalaire.com\/wp-content\/uploads\/2017\/05\/CON-DOS-CONFERENCIAS-PRESENTAN-LIBRO-ANHELO-DE-GRANDEZA.jpg",330,220,false],"1536x1536":["http:\/\/tvalaire.com\/wp-content\/uploads\/2017\/05\/CON-DOS-CONFERENCIAS-PRESENTAN-LIBRO-ANHELO-DE-GRANDEZA.jpg",1024,683,false],"2048x2048":["http:\/\/tvalaire.com\/wp-content\/uploads\/2017\/05\/CON-DOS-CONFERENCIAS-PRESENTAN-LIBRO-ANHELO-DE-GRANDEZA.jpg",1024,683,false],"newsium-slider-full":["http:\/\/tvalaire.com\/wp-content\/uploads\/2017\/05\/CON-DOS-CONFERENCIAS-PRESENTAN-LIBRO-ANHELO-DE-GRANDEZA.jpg",1024,683,false],"newsium-featured":["http:\/\/tvalaire.com\/wp-content\/uploads\/2017\/05\/CON-DOS-CONFERENCIAS-PRESENTAN-LIBRO-ANHELO-DE-GRANDEZA.jpg",1024,683,false],"newsium-medium":["http:\/\/tvalaire.com\/wp-content\/uploads\/2017\/05\/CON-DOS-CONFERENCIAS-PRESENTAN-LIBRO-ANHELO-DE-GRANDEZA.jpg",712,475,false]},"author_info":{"info":["tvalairenoti"]},"category_info":"<a href=\"http:\/\/tvalaire.com\/?cat=1\" rel=\"category\">La Piedad<\/a>","tag_info":"La Piedad","comment_count":"0","jetpack_featured_media_url":"http:\/\/tvalaire.com\/wp-content\/uploads\/2017\/05\/CON-DOS-CONFERENCIAS-PRESENTAN-LIBRO-ANHELO-DE-GRANDEZA.jpg","_links":{"self":[{"href":"http:\/\/tvalaire.com\/index.php?rest_route=\/wp\/v2\/posts\/1734"}],"collection":[{"href":"http:\/\/tvalaire.com\/index.php?rest_route=\/wp\/v2\/posts"}],"about":[{"href":"http:\/\/tvalaire.com\/index.php?rest_route=\/wp\/v2\/types\/post"}],"author":[{"embeddable":true,"href":"http:\/\/tvalaire.com\/index.php?rest_route=\/wp\/v2\/users\/1"}],"replies":[{"embeddable":true,"href":"http:\/\/tvalaire.com\/index.php?rest_route=%2Fwp%2Fv2%2Fcomments&post=1734"}],"version-history":[{"count":1,"href":"http:\/\/tvalaire.com\/index.php?rest_route=\/wp\/v2\/posts\/1734\/revisions"}],"predecessor-version":[{"id":1735,"href":"http:\/\/tvalaire.com\/index.php?rest_route=\/wp\/v2\/posts\/1734\/revisions\/1735"}],"wp:featuredmedia":[{"embeddable":true,"href":"http:\/\/tvalaire.com\/index.php?rest_route=\/wp\/v2\/media\/1728"}],"wp:attachment":[{"href":"http:\/\/tvalaire.com\/index.php?rest_route=%2Fwp%2Fv2%2Fmedia&parent=1734"}],"wp:term":[{"taxonomy":"category","embeddable":true,"href":"http:\/\/tvalaire.com\/index.php?rest_route=%2Fwp%2Fv2%2Fcategories&post=1734"},{"taxonomy":"post_tag","embeddable":true,"href":"http:\/\/tvalaire.com\/index.php?rest_route=%2Fwp%2Fv2%2Ftags&post=1734"}],"curies":[{"name":"wp","href":"https:\/\/api.w.org\/{rel}","templated":true}]}}