{"id":1732,"date":"2017-05-31T09:35:52","date_gmt":"2017-05-31T14:35:52","guid":{"rendered":"http:\/\/tvalaire.com\/?p=1732"},"modified":"2017-05-31T09:35:52","modified_gmt":"2017-05-31T14:35:52","slug":"ofrece-gobierno-platicas-de-orientacion-y-prevencion-en-el-uso-de-redes-sociales","status":"publish","type":"post","link":"http:\/\/tvalaire.com\/?p=1732","title":{"rendered":"OFRECE GOBIERNO PL\u00c1TICAS DE ORIENTACI\u00d3N Y PREVENCI\u00d3N EN EL USO DE REDES SOCIALES"},"content":{"rendered":"<p class=\"xmsonormal\" style=\"text-align: center; background: white;\" align=\"center\">\n<p class=\"xmsonormal\" style=\"text-align: justify; background: white; font-variant-ligatures: normal; font-variant-caps: normal; orphans: 2; widows: 2; -webkit-text-stroke-width: 0px; text-decoration-style: initial; text-decoration-color: initial; word-spacing: 0px;\"><span style=\"font-size: 11.5pt; font-family: 'Arial','sans-serif'; color: #212121;\">Con el fin de informar y prevenir a los menores de edad sobre algunos perjuicios que puede ocasionar el mal uso de las redes sociales, personal de la Coordinaci\u00f3n General de Regiones de la Polic\u00eda Michoac\u00e1n a trav\u00e9s del grupo especial de Proximidad Social, llevaron la pl\u00e1tica \u201cMenores infractores y secuestro virtual\u201d a alumnos del colegio Paulo Freire.<\/span><\/p>\n<p class=\"xmsonormal\" style=\"text-align: justify; background: white;\"><span style=\"font-size: 11.5pt; font-family: 'Arial','sans-serif'; color: #212121;\">A la charla asisti\u00f3 un total de 100 estudiantes de ese plantel, en donde Juan Carlos Carrillo Hern\u00e1ndez e Irene Jackeline Vel\u00e1zquez Rodr\u00edguez hablaron de \u00e9ste que es un tema nacional, debido a los problemas que se han presentado ya en algunas ciudades y de las cuales los menores podr\u00edan caer en el enga\u00f1o de delincuentes que se encuentran detr\u00e1s de una computadora o un m\u00f3vil con acceso a Internet.<\/span><\/p>\n<p class=\"xmsonormal\" style=\"text-align: justify; background: white;\"><span style=\"font-size: 11.5pt; font-family: 'Arial','sans-serif'; color: #212121;\">Durante la pl\u00e1tica los alumnos se mostraron atentos y sorprendidos de las situaciones que se est\u00e1n presentando. De igual manera se les recomend\u00f3 no dar de alta a desconocidos en sus redes sociales y menos a\u00fan, el proporcionar informaci\u00f3n personal o familiar a personas que se lo soliciten.<\/span><\/p>\n<p class=\"xmsonormal\" style=\"text-align: justify; background: white;\"><span style=\"font-size: 11.5pt; font-family: 'Arial','sans-serif'; color: #212121;\">Esta pl\u00e1tica se replica en todas las instituciones educativas de los niveles b\u00e1sico, medio superior y superior donde la solicitan pues el objetivo principal de la autoridad municipal es cumplir con la premisa de prevenir a la poblaci\u00f3n sobre los delitos y problemas sociales que se presentan para evitar ser v\u00edctimas de desconocidos que pueden da\u00f1arlos mental, emocional y econ\u00f3micamente.<\/span><\/p>\n","protected":false},"excerpt":{"rendered":"<p>Con el fin de informar y prevenir a los menores de edad sobre algunos perjuicios&#8230;<\/p>\n","protected":false},"author":1,"featured_media":1729,"comment_status":"open","ping_status":"open","sticky":false,"template":"","format":"standard","meta":{"jetpack_post_was_ever_published":false,"_jetpack_newsletter_access":"","_jetpack_dont_email_post_to_subs":false,"_jetpack_newsletter_tier_id":0,"_jetpack_memberships_contains_paywalled_content":false,"_jetpack_memberships_contains_paid_content":false,"footnotes":"","jetpack_publicize_message":"","jetpack_publicize_feature_enabled":true,"jetpack_social_post_already_shared":false,"jetpack_social_options":{"image_generator_settings":{"template":"highway","enabled":false},"version":2}},"categories":[1],"tags":[15,36],"class_list":["post-1732","post","type-post","status-publish","format-standard","has-post-thumbnail","hentry","category-la-piedad","tag-la-piedad","tag-principales"],"jetpack_publicize_connections":[],"jetpack_sharing_enabled":true,"featured_image_urls":{"full":["http:\/\/tvalaire.com\/wp-content\/uploads\/2017\/05\/OFRECE-GOBIERNO-PL\u00c1TICAS-DE-ORIENTACI\u00d3N-Y-PREVENCI\u00d3N-EN-EL-USO-DE-REDES-SOCIALES.jpg",1600,900,false],"thumbnail":["http:\/\/tvalaire.com\/wp-content\/uploads\/2017\/05\/OFRECE-GOBIERNO-PL\u00c1TICAS-DE-ORIENTACI\u00d3N-Y-PREVENCI\u00d3N-EN-EL-USO-DE-REDES-SOCIALES-150x150.jpg",150,150,true],"medium":["http:\/\/tvalaire.com\/wp-content\/uploads\/2017\/05\/OFRECE-GOBIERNO-PL\u00c1TICAS-DE-ORIENTACI\u00d3N-Y-PREVENCI\u00d3N-EN-EL-USO-DE-REDES-SOCIALES-300x169.jpg",300,169,true],"medium_large":["http:\/\/tvalaire.com\/wp-content\/uploads\/2017\/05\/OFRECE-GOBIERNO-PL\u00c1TICAS-DE-ORIENTACI\u00d3N-Y-PREVENCI\u00d3N-EN-EL-USO-DE-REDES-SOCIALES-768x432.jpg",640,360,true],"large":["http:\/\/tvalaire.com\/wp-content\/uploads\/2017\/05\/OFRECE-GOBIERNO-PL\u00c1TICAS-DE-ORIENTACI\u00d3N-Y-PREVENCI\u00d3N-EN-EL-USO-DE-REDES-SOCIALES-1024x576.jpg",640,360,true],"post-slider-thumb-size":["http:\/\/tvalaire.com\/wp-content\/uploads\/2017\/05\/OFRECE-GOBIERNO-PL\u00c1TICAS-DE-ORIENTACI\u00d3N-Y-PREVENCI\u00d3N-EN-EL-USO-DE-REDES-SOCIALES.jpg",330,186,false],"post-category-slider-size":["http:\/\/tvalaire.com\/wp-content\/uploads\/2017\/05\/OFRECE-GOBIERNO-PL\u00c1TICAS-DE-ORIENTACI\u00d3N-Y-PREVENCI\u00d3N-EN-EL-USO-DE-REDES-SOCIALES.jpg",330,186,false],"1536x1536":["http:\/\/tvalaire.com\/wp-content\/uploads\/2017\/05\/OFRECE-GOBIERNO-PL\u00c1TICAS-DE-ORIENTACI\u00d3N-Y-PREVENCI\u00d3N-EN-EL-USO-DE-REDES-SOCIALES.jpg",1536,864,false],"2048x2048":["http:\/\/tvalaire.com\/wp-content\/uploads\/2017\/05\/OFRECE-GOBIERNO-PL\u00c1TICAS-DE-ORIENTACI\u00d3N-Y-PREVENCI\u00d3N-EN-EL-USO-DE-REDES-SOCIALES.jpg",1600,900,false],"newsium-slider-full":["http:\/\/tvalaire.com\/wp-content\/uploads\/2017\/05\/OFRECE-GOBIERNO-PL\u00c1TICAS-DE-ORIENTACI\u00d3N-Y-PREVENCI\u00d3N-EN-EL-USO-DE-REDES-SOCIALES.jpg",1280,720,false],"newsium-featured":["http:\/\/tvalaire.com\/wp-content\/uploads\/2017\/05\/OFRECE-GOBIERNO-PL\u00c1TICAS-DE-ORIENTACI\u00d3N-Y-PREVENCI\u00d3N-EN-EL-USO-DE-REDES-SOCIALES.jpg",1024,576,false],"newsium-medium":["http:\/\/tvalaire.com\/wp-content\/uploads\/2017\/05\/OFRECE-GOBIERNO-PL\u00c1TICAS-DE-ORIENTACI\u00d3N-Y-PREVENCI\u00d3N-EN-EL-USO-DE-REDES-SOCIALES.jpg",720,405,false]},"author_info":{"info":["tvalairenoti"]},"category_info":"<a href=\"http:\/\/tvalaire.com\/?cat=1\" rel=\"category\">La Piedad<\/a>","tag_info":"La Piedad","comment_count":"0","jetpack_featured_media_url":"http:\/\/tvalaire.com\/wp-content\/uploads\/2017\/05\/OFRECE-GOBIERNO-PL\u00c1TICAS-DE-ORIENTACI\u00d3N-Y-PREVENCI\u00d3N-EN-EL-USO-DE-REDES-SOCIALES.jpg","_links":{"self":[{"href":"http:\/\/tvalaire.com\/index.php?rest_route=\/wp\/v2\/posts\/1732"}],"collection":[{"href":"http:\/\/tvalaire.com\/index.php?rest_route=\/wp\/v2\/posts"}],"about":[{"href":"http:\/\/tvalaire.com\/index.php?rest_route=\/wp\/v2\/types\/post"}],"author":[{"embeddable":true,"href":"http:\/\/tvalaire.com\/index.php?rest_route=\/wp\/v2\/users\/1"}],"replies":[{"embeddable":true,"href":"http:\/\/tvalaire.com\/index.php?rest_route=%2Fwp%2Fv2%2Fcomments&post=1732"}],"version-history":[{"count":1,"href":"http:\/\/tvalaire.com\/index.php?rest_route=\/wp\/v2\/posts\/1732\/revisions"}],"predecessor-version":[{"id":1733,"href":"http:\/\/tvalaire.com\/index.php?rest_route=\/wp\/v2\/posts\/1732\/revisions\/1733"}],"wp:featuredmedia":[{"embeddable":true,"href":"http:\/\/tvalaire.com\/index.php?rest_route=\/wp\/v2\/media\/1729"}],"wp:attachment":[{"href":"http:\/\/tvalaire.com\/index.php?rest_route=%2Fwp%2Fv2%2Fmedia&parent=1732"}],"wp:term":[{"taxonomy":"category","embeddable":true,"href":"http:\/\/tvalaire.com\/index.php?rest_route=%2Fwp%2Fv2%2Fcategories&post=1732"},{"taxonomy":"post_tag","embeddable":true,"href":"http:\/\/tvalaire.com\/index.php?rest_route=%2Fwp%2Fv2%2Ftags&post=1732"}],"curies":[{"name":"wp","href":"https:\/\/api.w.org\/{rel}","templated":true}]}}