{"id":1727,"date":"2017-05-31T09:34:34","date_gmt":"2017-05-31T14:34:34","guid":{"rendered":"http:\/\/tvalaire.com\/?p=1727"},"modified":"2017-05-31T09:34:34","modified_gmt":"2017-05-31T14:34:34","slug":"reordenara-transito-municipal-y-reglamentos-circulacion-via","status":"publish","type":"post","link":"http:\/\/tvalaire.com\/?p=1727","title":{"rendered":"REORDENAR\u00c1 TR\u00c1NSITO MUNICIPAL Y REGLAMENTOS CIRCULACI\u00d3N VIA"},"content":{"rendered":"<p class=\"xmsonormal\" style=\"text-align: center; background: white;\" align=\"center\"><b><span style=\"font-size: 16.0pt; font-family: 'Arial','sans-serif'; color: #212121;\">REORDENAR\u00c1 TR\u00c1NSITO MUNICIPAL Y REGLAMENTOS CIRCULACI\u00d3N VIAL<\/span><\/b><\/p>\n<p class=\"xmsonormal\" style=\"text-align: justify; background: white; font-variant-ligatures: normal; font-variant-caps: normal; orphans: 2; widows: 2; -webkit-text-stroke-width: 0px; text-decoration-style: initial; text-decoration-color: initial; word-spacing: 0px;\"><span style=\"font-size: 11.5pt; font-family: 'Arial','sans-serif'; color: #212121;\">\u00a0<\/span><span style=\"font-size: 11.5pt; font-family: 'Segoe UI','sans-serif'; color: #212121;\">Se<\/span><span style=\"font-size: 11.5pt; font-family: 'Arial','sans-serif'; color: #212121;\"> reordenar\u00e1 la v\u00eda p\u00fablica en lo que corresponde a zona denominada como las Ocho Esquinas. El objetivo de este trabajo es optimizar los espacios para ampliar el n\u00famero de cajones de estacionamiento p\u00fablico y habilitar las \u00e1reas especiales para motociclistas, as\u00ed como determinar \u00e1reas espec\u00edficas para carga y descarga.<\/span><\/p>\n<p class=\"xmsonormal\" style=\"text-align: justify; background: white;\"><span style=\"font-size: 11.5pt; font-family: 'Arial','sans-serif'; color: #212121;\">Por tal motivo, personal de Tr\u00e1nsito y Vialidad, acompa\u00f1ados de dos de los supervisores de Reglamentos, realizaron un recorrido por el lugar en donde pudieron detectar la invasi\u00f3n de algunos cajones de estacionamiento incluso, por los mismos comerciantes con quienes se entabl\u00f3 una pl\u00e1tica directa para crear conciencia e invitarlos a mejorar sus \u00e1reas laborales.<\/span><\/p>\n<p class=\"xmsonormal\" style=\"text-align: justify; background: white;\"><span style=\"font-size: 11.5pt; font-family: 'Arial','sans-serif'; color: #212121;\">Como resultado se acord\u00f3 habilitar cajones de estacionamiento para motocicletas en dos puntos: El primero de ellos es sobre la calle Pino Su\u00e1rez, esquina con Carrillo Puerto, frente al vivero de plantas que hay en el lugar, ya que se encuentran invadiendo un caj\u00f3n de estacionamiento y acceso al \u00e1rea de discapacitados que ingresa a una dulcer\u00eda.<\/span><\/p>\n<p class=\"xmsonormal\" style=\"text-align: justify; background: white;\"><span style=\"font-size: 11.5pt; font-family: 'Arial','sans-serif'; color: #212121;\">El segundo, ser\u00e1 frente a la tienda de pl\u00e1sticos, en donde actualmente se utiliza todo el frente para la colocaci\u00f3n de anuncios publicitarios.<\/span><\/p>\n<p class=\"xmsonormal\" style=\"text-align: justify; background: white; font-variant-ligatures: normal; font-variant-caps: normal; orphans: 2; widows: 2; -webkit-text-stroke-width: 0px; text-decoration-style: initial; text-decoration-color: initial; word-spacing: 0px;\"><span style=\"font-size: 11.5pt; font-family: 'Arial','sans-serif'; color: #212121;\">\u00a0En esa misma calle en la esquina con Independencia, hay dos vendedores uno de elotes y otro de elaboraci\u00f3n de papitas, los cuales cuentan con un permiso otorgado por el Gobierno Municipal, as\u00ed que su funci\u00f3n es vigilar que el espacio se respete durante el horario permitido.<\/span><\/p>\n<p class=\"xmsonormal\" style=\"text-align: justify; background: white;\"><span style=\"font-size: 11.5pt; font-family: 'Arial','sans-serif'; color: #212121;\">Lo mismo ocurre con el vendedor de tacos que se ubica sobre la calle Pino Su\u00e1rez esquina con Carrillo Puerto, en donde cuentan con permiso para abarcar una superficie de 8 metros de largo.<\/span><\/p>\n<p class=\"xmsonormal\" style=\"text-align: justify; background: white;\"><span style=\"font-size: 11.5pt; font-family: 'Arial','sans-serif'; color: #212121;\">Durante el recorrido tambi\u00e9n acudieron a una negociaci\u00f3n de arreglo y venta de partes para motociclistas, en donde se pidi\u00f3 evitar reparar motos utilizando los cajones de estacionamiento.<\/span><\/p>\n<p class=\"xmsonormal\" style=\"text-align: justify; background: white; font-variant-ligatures: normal; font-variant-caps: normal; orphans: 2; widows: 2; -webkit-text-stroke-width: 0px; text-decoration-style: initial; text-decoration-color: initial; word-spacing: 0px;\"><span style=\"font-size: 11.5pt; font-family: 'Arial','sans-serif'; color: #212121;\">La puesta en marcha de las nuevas medidas, entrar\u00e1 en vigor en cuanto la Subdirecci\u00f3n de Tr\u00e1nsito y Vialidad realice los trabajos de balizamiento.<\/span><\/p>\n","protected":false},"excerpt":{"rendered":"<p>REORDENAR\u00c1 TR\u00c1NSITO MUNICIPAL Y REGLAMENTOS CIRCULACI\u00d3N VIAL \u00a0Se reordenar\u00e1 la v\u00eda p\u00fablica en lo que&#8230;<\/p>\n","protected":false},"author":1,"featured_media":1730,"comment_status":"open","ping_status":"open","sticky":false,"template":"","format":"standard","meta":{"jetpack_post_was_ever_published":false,"_jetpack_newsletter_access":"","_jetpack_dont_email_post_to_subs":false,"_jetpack_newsletter_tier_id":0,"_jetpack_memberships_contains_paywalled_content":false,"_jetpack_memberships_contains_paid_content":false,"footnotes":"","jetpack_publicize_message":"","jetpack_publicize_feature_enabled":true,"jetpack_social_post_already_shared":false,"jetpack_social_options":{"image_generator_settings":{"template":"highway","enabled":false},"version":2}},"categories":[1],"tags":[15,36],"class_list":["post-1727","post","type-post","status-publish","format-standard","has-post-thumbnail","hentry","category-la-piedad","tag-la-piedad","tag-principales"],"jetpack_publicize_connections":[],"jetpack_sharing_enabled":true,"featured_image_urls":{"full":["http:\/\/tvalaire.com\/wp-content\/uploads\/2017\/05\/REORDENAR\u00c1-TR\u00c1NSITO-MUNICIPAL-Y-REGLAMENTOS-CIRCULACI\u00d3N-VIAL.jpg",1024,684,false],"thumbnail":["http:\/\/tvalaire.com\/wp-content\/uploads\/2017\/05\/REORDENAR\u00c1-TR\u00c1NSITO-MUNICIPAL-Y-REGLAMENTOS-CIRCULACI\u00d3N-VIAL-150x150.jpg",150,150,true],"medium":["http:\/\/tvalaire.com\/wp-content\/uploads\/2017\/05\/REORDENAR\u00c1-TR\u00c1NSITO-MUNICIPAL-Y-REGLAMENTOS-CIRCULACI\u00d3N-VIAL-300x200.jpg",300,200,true],"medium_large":["http:\/\/tvalaire.com\/wp-content\/uploads\/2017\/05\/REORDENAR\u00c1-TR\u00c1NSITO-MUNICIPAL-Y-REGLAMENTOS-CIRCULACI\u00d3N-VIAL-768x513.jpg",640,428,true],"large":["http:\/\/tvalaire.com\/wp-content\/uploads\/2017\/05\/REORDENAR\u00c1-TR\u00c1NSITO-MUNICIPAL-Y-REGLAMENTOS-CIRCULACI\u00d3N-VIAL-1024x684.jpg",640,428,true],"post-slider-thumb-size":["http:\/\/tvalaire.com\/wp-content\/uploads\/2017\/05\/REORDENAR\u00c1-TR\u00c1NSITO-MUNICIPAL-Y-REGLAMENTOS-CIRCULACI\u00d3N-VIAL.jpg",284,190,false],"post-category-slider-size":["http:\/\/tvalaire.com\/wp-content\/uploads\/2017\/05\/REORDENAR\u00c1-TR\u00c1NSITO-MUNICIPAL-Y-REGLAMENTOS-CIRCULACI\u00d3N-VIAL.jpg",330,220,false],"1536x1536":["http:\/\/tvalaire.com\/wp-content\/uploads\/2017\/05\/REORDENAR\u00c1-TR\u00c1NSITO-MUNICIPAL-Y-REGLAMENTOS-CIRCULACI\u00d3N-VIAL.jpg",1024,684,false],"2048x2048":["http:\/\/tvalaire.com\/wp-content\/uploads\/2017\/05\/REORDENAR\u00c1-TR\u00c1NSITO-MUNICIPAL-Y-REGLAMENTOS-CIRCULACI\u00d3N-VIAL.jpg",1024,684,false],"newsium-slider-full":["http:\/\/tvalaire.com\/wp-content\/uploads\/2017\/05\/REORDENAR\u00c1-TR\u00c1NSITO-MUNICIPAL-Y-REGLAMENTOS-CIRCULACI\u00d3N-VIAL.jpg",1024,684,false],"newsium-featured":["http:\/\/tvalaire.com\/wp-content\/uploads\/2017\/05\/REORDENAR\u00c1-TR\u00c1NSITO-MUNICIPAL-Y-REGLAMENTOS-CIRCULACI\u00d3N-VIAL.jpg",1024,684,false],"newsium-medium":["http:\/\/tvalaire.com\/wp-content\/uploads\/2017\/05\/REORDENAR\u00c1-TR\u00c1NSITO-MUNICIPAL-Y-REGLAMENTOS-CIRCULACI\u00d3N-VIAL.jpg",711,475,false]},"author_info":{"info":["tvalairenoti"]},"category_info":"<a href=\"http:\/\/tvalaire.com\/?cat=1\" rel=\"category\">La Piedad<\/a>","tag_info":"La Piedad","comment_count":"0","jetpack_featured_media_url":"http:\/\/tvalaire.com\/wp-content\/uploads\/2017\/05\/REORDENAR\u00c1-TR\u00c1NSITO-MUNICIPAL-Y-REGLAMENTOS-CIRCULACI\u00d3N-VIAL.jpg","_links":{"self":[{"href":"http:\/\/tvalaire.com\/index.php?rest_route=\/wp\/v2\/posts\/1727"}],"collection":[{"href":"http:\/\/tvalaire.com\/index.php?rest_route=\/wp\/v2\/posts"}],"about":[{"href":"http:\/\/tvalaire.com\/index.php?rest_route=\/wp\/v2\/types\/post"}],"author":[{"embeddable":true,"href":"http:\/\/tvalaire.com\/index.php?rest_route=\/wp\/v2\/users\/1"}],"replies":[{"embeddable":true,"href":"http:\/\/tvalaire.com\/index.php?rest_route=%2Fwp%2Fv2%2Fcomments&post=1727"}],"version-history":[{"count":1,"href":"http:\/\/tvalaire.com\/index.php?rest_route=\/wp\/v2\/posts\/1727\/revisions"}],"predecessor-version":[{"id":1731,"href":"http:\/\/tvalaire.com\/index.php?rest_route=\/wp\/v2\/posts\/1727\/revisions\/1731"}],"wp:featuredmedia":[{"embeddable":true,"href":"http:\/\/tvalaire.com\/index.php?rest_route=\/wp\/v2\/media\/1730"}],"wp:attachment":[{"href":"http:\/\/tvalaire.com\/index.php?rest_route=%2Fwp%2Fv2%2Fmedia&parent=1727"}],"wp:term":[{"taxonomy":"category","embeddable":true,"href":"http:\/\/tvalaire.com\/index.php?rest_route=%2Fwp%2Fv2%2Fcategories&post=1727"},{"taxonomy":"post_tag","embeddable":true,"href":"http:\/\/tvalaire.com\/index.php?rest_route=%2Fwp%2Fv2%2Ftags&post=1727"}],"curies":[{"name":"wp","href":"https:\/\/api.w.org\/{rel}","templated":true}]}}