{"id":1715,"date":"2017-05-25T14:10:34","date_gmt":"2017-05-25T19:10:34","guid":{"rendered":"http:\/\/tvalaire.com\/?p=1715"},"modified":"2017-05-25T14:10:34","modified_gmt":"2017-05-25T19:10:34","slug":"estrada-medina-anuncia-construccion-de-un-aula-en-la-primaria-de-san-cristobal","status":"publish","type":"post","link":"http:\/\/tvalaire.com\/?p=1715","title":{"rendered":"ESTRADA MEDINA ANUNCIA CONSTRUCCI\u00d3N DE UN AULA EN LA PRIMARIA DE SAN CRIST\u00d3BAL"},"content":{"rendered":"<p class=\"MsoNormal\" style=\"color: #000000; font-family: sans-serif; font-size: 14px; line-height: 1.5; widows: auto; text-align: justify; width: 344px; min-width: 344px; max-width: 344px;\"><span lang=\"ES\" style=\"font-size: 16px; line-height: 1.5; font-family: Arial, sans-serif;\">Aprovechar los apoyos que tenemos para el sector rural es importante, ya que este a\u00f1o aumentamos el presupuesto para apoyar m\u00e1s al campo, cierto es que el a\u00f1o pasado hubo incredulidad y la gente no cre\u00eda que el apoyo al campo era en serio y este a\u00f1o vemos mucha m\u00e1s participaci\u00f3n porque para esta administraci\u00f3n El Campo S\u00ed Cuenta\u201d: Juan Manuel Estrada Medina.<\/span><\/p>\n<p class=\"MsoNormal\" style=\"color: #000000; font-family: sans-serif; font-size: 14px; line-height: 1.5; widows: auto; text-align: justify; width: 344px; min-width: 344px; max-width: 344px;\"><span lang=\"ES\" style=\"font-size: 16px; line-height: 1.5; font-family: Arial, sans-serif;\">\u00a0<\/span><\/p>\n<p class=\"MsoNormal\" style=\"color: #000000; font-family: sans-serif; font-size: 14px; line-height: 1.5; widows: auto; text-align: justify; width: 344px; min-width: 344px; max-width: 344px;\"><span lang=\"ES\" style=\"font-size: 16px; line-height: 1.5; font-family: Arial, sans-serif;\">As\u00ed mismo dio a conocer los programas de apoyo a los cuales todav\u00eda pueden ingresar los lugare\u00f1os en Desarrollo Social y Fomento Agropecuario, e hizo del conocimiento a la comunidad que el mes que entra inicia la construcci\u00f3n del aula en la escuela primaria \u201cJos\u00e9 Mar\u00eda Morelos y Pav\u00f3n\u201d de la misma comunidad.<\/span><\/p>\n<p class=\"MsoNormal\" style=\"color: #000000; font-family: sans-serif; font-size: 14px; line-height: 1.5; widows: auto; text-align: justify; width: 344px; min-width: 344px; max-width: 344px;\"><span lang=\"ES\" style=\"font-size: 16px; line-height: 1.5; font-family: Arial, sans-serif;\">\u00a0<\/span><\/p>\n<p class=\"MsoNormal\" style=\"color: #000000; font-family: sans-serif; font-size: 14px; line-height: 1.5; widows: auto; text-align: justify; width: 344px; min-width: 344px; max-width: 344px;\"><span lang=\"ES\" style=\"font-size: 16px; line-height: 1.5; font-family: Arial, sans-serif;\">De esta manera se dirigi\u00f3 el Alcalde Estrada Medina en la visita hecha en la comunidad de San Crist\u00f3bal misma que realiz\u00f3 con la finalidad de conocer de cerca la problem\u00e1tica que viven los habitantes del lugar, entre las cuales sobresali\u00f3 un drenaje a cielo abierto que una empresa local habilit\u00f3 con tuber\u00eda de un di\u00e1metro menor al que requieren.<\/span><\/p>\n<p class=\"MsoNormal\" style=\"color: #000000; font-family: sans-serif; font-size: 14px; line-height: 1.5; widows: auto; text-align: justify; width: 344px; min-width: 344px; max-width: 344px;\"><span lang=\"ES\" style=\"font-size: 16px; line-height: 1.5; font-family: Arial, sans-serif;\">\u00a0<\/span><\/p>\n<p class=\"MsoNormal\" style=\"color: #000000; font-family: sans-serif; font-size: 14px; line-height: 1.5; widows: auto; text-align: justify; width: 344px; min-width: 344px; max-width: 344px;\"><span lang=\"ES\" style=\"font-size: 16px; line-height: 1.5; font-family: Arial, sans-serif;\">Dicho drenaje atraviesa toda la comunidad, afectando a todos los habitantes quienes pidieron de la intervenci\u00f3n del Alcalde para encausar las aguas negras mediante una obra que sea de las dimensiones que requieren para evitar que en la temporada de lluvias el drenaje truene.<\/span><\/p>\n<p class=\"MsoNormal\" style=\"color: #000000; font-family: sans-serif; font-size: 14px; line-height: 1.5; widows: auto; text-align: justify; width: 344px; min-width: 344px; max-width: 344px;\"><span lang=\"ES\" style=\"font-size: 16px; line-height: 1.5; font-family: Arial, sans-serif;\">\u00a0<\/span><\/p>\n<p class=\"MsoNormal\" style=\"color: #000000; font-family: sans-serif; font-size: 14px; line-height: 1.5; widows: auto; text-align: justify; width: 344px; min-width: 344px; max-width: 344px;\"><span lang=\"ES\" style=\"font-size: 16px; line-height: 1.5; font-family: Arial, sans-serif;\">La bienvenida de las autoridades fue por parte del encargado del orden, Hugo Hern\u00e1ndez quien junto con habitantes del lugar, se dirigi\u00f3 al Alcalde y a directores que lo acompa\u00f1aron a revisar la obra.<\/span><\/p>\n<p class=\"MsoNormal\" style=\"color: #000000; font-family: sans-serif; font-size: 14px; line-height: 1.5; widows: auto; text-align: justify; width: 344px; min-width: 344px; max-width: 344px;\"><span lang=\"ES\" style=\"font-size: 16px; line-height: 1.5; font-family: Arial, sans-serif;\">\u00a0<\/span><\/p>\n<p class=\"MsoNormal\" style=\"color: #000000; font-family: sans-serif; font-size: 14px; line-height: 1.5; widows: auto; text-align: justify; width: 344px; min-width: 344px; max-width: 344px;\"><span lang=\"ES\" style=\"font-size: 16px; line-height: 1.5; font-family: Arial, sans-serif;\">El compromiso del mun\u00edcipe ante esta situaci\u00f3n fue el hablar con la empresa que realiz\u00f3 los trabajos y ver la posibilidad de apoyar para que se realice la obra con las especificaciones necesarias.<\/span><\/p>\n<p class=\"MsoNormal\" style=\"color: #000000; font-family: sans-serif; font-size: 14px; line-height: 1.5; widows: auto; text-align: justify; width: 344px; min-width: 344px; max-width: 344px;\"><span lang=\"ES\" style=\"font-size: 16px; line-height: 1.5; font-family: Arial, sans-serif;\">\u00a0<\/span><\/p>\n<p class=\"MsoNormal\" style=\"color: #000000; font-family: sans-serif; font-size: 14px; line-height: 1.5; widows: auto; text-align: justify; width: 344px; min-width: 344px; max-width: 344px;\"><span lang=\"ES\" style=\"font-size: 16px; line-height: 1.5; font-family: Arial, sans-serif;\">Otro de los planteamientos que hicieron fue el del cambio de luminarias e instalaci\u00f3n de nuevas l\u00e1mparas que den mayor visibilidad y brinde la seguridad que requieren los habitantes por las noches y rehabilitar el camino de acceso, ya que se encuentra en malas condiciones.<\/span><\/p>\n<p class=\"MsoNormal\" style=\"color: #000000; font-family: sans-serif; font-size: 14px; line-height: 1.5; widows: auto; text-align: justify; width: 344px; min-width: 344px; max-width: 344px;\"><span lang=\"ES\" style=\"font-size: 16px; line-height: 1.5; font-family: Arial, sans-serif;\">\u00a0<\/span><\/p>\n<p class=\"MsoNormal\" style=\"color: #000000; font-family: sans-serif; font-size: 14px; line-height: 1.5; widows: auto; text-align: justify; width: 344px; min-width: 344px; max-width: 344px;\"><span lang=\"ES\" style=\"font-size: 16px; line-height: 1.5; font-family: Arial, sans-serif;\">Pidieron a su vez la intervenci\u00f3n del Alcalde, para hablar con el propietario de una empresa porcina que se encuentra pegada a la comunidad, debido a la contaminaci\u00f3n que genera con la quema de cerdos cuando alguno de estos muere, as\u00ed como los malos olores que estos despiden.<\/span><\/p>\n<p class=\"MsoNormal\" style=\"color: #000000; font-family: sans-serif; font-size: 14px; line-height: 1.5; widows: auto; text-align: justify; width: 344px; min-width: 344px; max-width: 344px;\"><span lang=\"ES\" style=\"font-size: 16px; line-height: 1.5; font-family: Arial, sans-serif;\">\u00a0<\/span><\/p>\n<p class=\"MsoNormal\" style=\"color: #000000; font-family: sans-serif; font-size: 14px; line-height: 1.5; widows: auto; text-align: justify; width: 344px; min-width: 344px; max-width: 344px;\"><span lang=\"ES\" style=\"font-size: 16px; line-height: 1.5; font-family: Arial, sans-serif;\">Al respecto, se comprometi\u00f3 a pedir la intervenci\u00f3n de las autoridades correspondientes para que verifiquen sobre el tratamiento adecuado en el manejo de los animales muertos, con el fin de evitar problemas a los habitantes, as\u00ed como cambiar las luminarias por otras que den mejores resultados y resuelvan la problem\u00e1tica existente y dar a la brevedad soluci\u00f3n al arreglo del camino de ser posible antes de la temporada de lluvias.<\/span><\/p>\n","protected":false},"excerpt":{"rendered":"<p>Aprovechar los apoyos que tenemos para el sector rural es importante, ya que este a\u00f1o&#8230;<\/p>\n","protected":false},"author":1,"featured_media":1716,"comment_status":"open","ping_status":"open","sticky":false,"template":"","format":"standard","meta":{"jetpack_post_was_ever_published":false,"_jetpack_newsletter_access":"","_jetpack_dont_email_post_to_subs":false,"_jetpack_newsletter_tier_id":0,"_jetpack_memberships_contains_paywalled_content":false,"_jetpack_memberships_contains_paid_content":false,"footnotes":"","jetpack_publicize_message":"","jetpack_publicize_feature_enabled":true,"jetpack_social_post_already_shared":false,"jetpack_social_options":{"image_generator_settings":{"template":"highway","enabled":false},"version":2}},"categories":[1],"tags":[15,36],"class_list":["post-1715","post","type-post","status-publish","format-standard","has-post-thumbnail","hentry","category-la-piedad","tag-la-piedad","tag-principales"],"jetpack_publicize_connections":[],"jetpack_sharing_enabled":true,"featured_image_urls":{"full":["http:\/\/tvalaire.com\/wp-content\/uploads\/2017\/05\/1-2.jpg",1024,684,false],"thumbnail":["http:\/\/tvalaire.com\/wp-content\/uploads\/2017\/05\/1-2-150x150.jpg",150,150,true],"medium":["http:\/\/tvalaire.com\/wp-content\/uploads\/2017\/05\/1-2-300x200.jpg",300,200,true],"medium_large":["http:\/\/tvalaire.com\/wp-content\/uploads\/2017\/05\/1-2-768x513.jpg",640,428,true],"large":["http:\/\/tvalaire.com\/wp-content\/uploads\/2017\/05\/1-2-1024x684.jpg",640,428,true],"post-slider-thumb-size":["http:\/\/tvalaire.com\/wp-content\/uploads\/2017\/05\/1-2.jpg",284,190,false],"post-category-slider-size":["http:\/\/tvalaire.com\/wp-content\/uploads\/2017\/05\/1-2.jpg",330,220,false],"1536x1536":["http:\/\/tvalaire.com\/wp-content\/uploads\/2017\/05\/1-2.jpg",1024,684,false],"2048x2048":["http:\/\/tvalaire.com\/wp-content\/uploads\/2017\/05\/1-2.jpg",1024,684,false],"newsium-slider-full":["http:\/\/tvalaire.com\/wp-content\/uploads\/2017\/05\/1-2.jpg",1024,684,false],"newsium-featured":["http:\/\/tvalaire.com\/wp-content\/uploads\/2017\/05\/1-2.jpg",1024,684,false],"newsium-medium":["http:\/\/tvalaire.com\/wp-content\/uploads\/2017\/05\/1-2.jpg",711,475,false]},"author_info":{"info":["tvalairenoti"]},"category_info":"<a href=\"http:\/\/tvalaire.com\/?cat=1\" rel=\"category\">La Piedad<\/a>","tag_info":"La Piedad","comment_count":"0","jetpack_featured_media_url":"http:\/\/tvalaire.com\/wp-content\/uploads\/2017\/05\/1-2.jpg","_links":{"self":[{"href":"http:\/\/tvalaire.com\/index.php?rest_route=\/wp\/v2\/posts\/1715"}],"collection":[{"href":"http:\/\/tvalaire.com\/index.php?rest_route=\/wp\/v2\/posts"}],"about":[{"href":"http:\/\/tvalaire.com\/index.php?rest_route=\/wp\/v2\/types\/post"}],"author":[{"embeddable":true,"href":"http:\/\/tvalaire.com\/index.php?rest_route=\/wp\/v2\/users\/1"}],"replies":[{"embeddable":true,"href":"http:\/\/tvalaire.com\/index.php?rest_route=%2Fwp%2Fv2%2Fcomments&post=1715"}],"version-history":[{"count":1,"href":"http:\/\/tvalaire.com\/index.php?rest_route=\/wp\/v2\/posts\/1715\/revisions"}],"predecessor-version":[{"id":1717,"href":"http:\/\/tvalaire.com\/index.php?rest_route=\/wp\/v2\/posts\/1715\/revisions\/1717"}],"wp:featuredmedia":[{"embeddable":true,"href":"http:\/\/tvalaire.com\/index.php?rest_route=\/wp\/v2\/media\/1716"}],"wp:attachment":[{"href":"http:\/\/tvalaire.com\/index.php?rest_route=%2Fwp%2Fv2%2Fmedia&parent=1715"}],"wp:term":[{"taxonomy":"category","embeddable":true,"href":"http:\/\/tvalaire.com\/index.php?rest_route=%2Fwp%2Fv2%2Fcategories&post=1715"},{"taxonomy":"post_tag","embeddable":true,"href":"http:\/\/tvalaire.com\/index.php?rest_route=%2Fwp%2Fv2%2Ftags&post=1715"}],"curies":[{"name":"wp","href":"https:\/\/api.w.org\/{rel}","templated":true}]}}