{"id":1712,"date":"2017-05-25T10:09:11","date_gmt":"2017-05-25T15:09:11","guid":{"rendered":"http:\/\/tvalaire.com\/?p=1712"},"modified":"2017-05-25T10:09:11","modified_gmt":"2017-05-25T15:09:11","slug":"licenciatura-en-educacion-artistica-proximamente-en-puruandiro","status":"publish","type":"post","link":"http:\/\/tvalaire.com\/?p=1712","title":{"rendered":"LICENCIATURA EN EDUCACI\u00d3N ART\u00cdSTICA PROXIMAMENTE EN PURU\u00c1NDIRO"},"content":{"rendered":"<p>Gracias a la suma de esfuerzos, Presidente Municipal V\u00edctor V\u00e1zquez firma convenio con el Mtro. Javier Irepan Hacha, director general del Instituto Michoacano de Ciencia de la Educaci\u00f3n (IMCED) y con el Mtro. Alfonso Lara Esquivel Director de la Preparatoria Lic. Gustavo D\u00edaz Ordaz, con el objetivo de traer la Licenciatura en Educaci\u00f3n Art\u00edstica para el pr\u00f3ximo ciclo escolar, una alternativa m\u00e1s para los j\u00f3venes y adultos.<\/p>\n<p>\u201cEl d\u00eda de hoy se plasmaron, esfuerzos y suma de voluntades de manera institucional entre el IMCED, el Honorable Ayuntamiento y con la Preparatoria Lic. Gustavo D\u00edaz Ordaz, con la intenci\u00f3n de darle una alternativa m\u00e1s de poder cursar una licenciatura de nivel superior, en este caso se va a traer la Licenciatura en Educaci\u00f3n Art\u00edstica, en donde va a participar el IMCED de manera directa, la Preparatoria, quien va prestar las instalaciones para impartir las clases, acci\u00f3n que agradecemos\u201d, resalt\u00f3 el Edil.<\/p>\n<p>Adem\u00e1s indic\u00f3 el Ayuntamiento ha estado gestionando la llegada de esta extensi\u00f3n del IMCED, realizara una aportaci\u00f3n de 50 % para los maestros, con la intenci\u00f3n de incentivar a los j\u00f3venes y no tan j\u00f3venes para que puedan cursas esta licenciatura.<\/p>\n<p>&nbsp;<\/p>\n<p><img loading=\"lazy\" decoding=\"async\" class=\"alignnone size-medium wp-image-1706\" src=\"http:\/\/tvalaire.com\/wp-content\/uploads\/2017\/05\/firma-de-convenio-con-el-IMCED-2-300x199.jpg\" alt=\"\" width=\"300\" height=\"199\" srcset=\"http:\/\/tvalaire.com\/wp-content\/uploads\/2017\/05\/firma-de-convenio-con-el-IMCED-2-300x199.jpg 300w, http:\/\/tvalaire.com\/wp-content\/uploads\/2017\/05\/firma-de-convenio-con-el-IMCED-2-768x511.jpg 768w, http:\/\/tvalaire.com\/wp-content\/uploads\/2017\/05\/firma-de-convenio-con-el-IMCED-2-1024x681.jpg 1024w\" sizes=\"(max-width: 300px) 100vw, 300px\" \/><\/p>\n","protected":false},"excerpt":{"rendered":"<p>Gracias a la suma de esfuerzos, Presidente Municipal V\u00edctor V\u00e1zquez firma convenio con el Mtro&#8230;.<\/p>\n","protected":false},"author":1,"featured_media":1705,"comment_status":"open","ping_status":"open","sticky":false,"template":"","format":"standard","meta":{"jetpack_post_was_ever_published":false,"_jetpack_newsletter_access":"","_jetpack_dont_email_post_to_subs":false,"_jetpack_newsletter_tier_id":0,"_jetpack_memberships_contains_paywalled_content":false,"_jetpack_memberships_contains_paid_content":false,"footnotes":"","jetpack_publicize_message":"","jetpack_publicize_feature_enabled":true,"jetpack_social_post_already_shared":false,"jetpack_social_options":{"image_generator_settings":{"template":"highway","enabled":false},"version":2}},"categories":[4],"tags":[36,24],"class_list":["post-1712","post","type-post","status-publish","format-standard","has-post-thumbnail","hentry","category-puruandiro","tag-principales","tag-puruandiro"],"jetpack_publicize_connections":[],"jetpack_sharing_enabled":true,"featured_image_urls":{"full":["http:\/\/tvalaire.com\/wp-content\/uploads\/2017\/05\/firma-de-convenio-con-el-IMCED-1.jpg",3008,2000,false],"thumbnail":["http:\/\/tvalaire.com\/wp-content\/uploads\/2017\/05\/firma-de-convenio-con-el-IMCED-1-150x150.jpg",150,150,true],"medium":["http:\/\/tvalaire.com\/wp-content\/uploads\/2017\/05\/firma-de-convenio-con-el-IMCED-1-300x199.jpg",300,199,true],"medium_large":["http:\/\/tvalaire.com\/wp-content\/uploads\/2017\/05\/firma-de-convenio-con-el-IMCED-1-768x511.jpg",640,426,true],"large":["http:\/\/tvalaire.com\/wp-content\/uploads\/2017\/05\/firma-de-convenio-con-el-IMCED-1-1024x681.jpg",640,426,true],"post-slider-thumb-size":["http:\/\/tvalaire.com\/wp-content\/uploads\/2017\/05\/firma-de-convenio-con-el-IMCED-1.jpg",286,190,false],"post-category-slider-size":["http:\/\/tvalaire.com\/wp-content\/uploads\/2017\/05\/firma-de-convenio-con-el-IMCED-1.jpg",330,219,false],"1536x1536":["http:\/\/tvalaire.com\/wp-content\/uploads\/2017\/05\/firma-de-convenio-con-el-IMCED-1.jpg",1536,1021,false],"2048x2048":["http:\/\/tvalaire.com\/wp-content\/uploads\/2017\/05\/firma-de-convenio-con-el-IMCED-1.jpg",2048,1362,false],"newsium-slider-full":["http:\/\/tvalaire.com\/wp-content\/uploads\/2017\/05\/firma-de-convenio-con-el-IMCED-1.jpg",1271,845,false],"newsium-featured":["http:\/\/tvalaire.com\/wp-content\/uploads\/2017\/05\/firma-de-convenio-con-el-IMCED-1.jpg",1024,681,false],"newsium-medium":["http:\/\/tvalaire.com\/wp-content\/uploads\/2017\/05\/firma-de-convenio-con-el-IMCED-1.jpg",714,475,false]},"author_info":{"info":["tvalairenoti"]},"category_info":"<a href=\"http:\/\/tvalaire.com\/?cat=4\" rel=\"category\">Puru\u00e1ndiro<\/a>","tag_info":"Puru\u00e1ndiro","comment_count":"0","jetpack_featured_media_url":"http:\/\/tvalaire.com\/wp-content\/uploads\/2017\/05\/firma-de-convenio-con-el-IMCED-1.jpg","_links":{"self":[{"href":"http:\/\/tvalaire.com\/index.php?rest_route=\/wp\/v2\/posts\/1712"}],"collection":[{"href":"http:\/\/tvalaire.com\/index.php?rest_route=\/wp\/v2\/posts"}],"about":[{"href":"http:\/\/tvalaire.com\/index.php?rest_route=\/wp\/v2\/types\/post"}],"author":[{"embeddable":true,"href":"http:\/\/tvalaire.com\/index.php?rest_route=\/wp\/v2\/users\/1"}],"replies":[{"embeddable":true,"href":"http:\/\/tvalaire.com\/index.php?rest_route=%2Fwp%2Fv2%2Fcomments&post=1712"}],"version-history":[{"count":1,"href":"http:\/\/tvalaire.com\/index.php?rest_route=\/wp\/v2\/posts\/1712\/revisions"}],"predecessor-version":[{"id":1713,"href":"http:\/\/tvalaire.com\/index.php?rest_route=\/wp\/v2\/posts\/1712\/revisions\/1713"}],"wp:featuredmedia":[{"embeddable":true,"href":"http:\/\/tvalaire.com\/index.php?rest_route=\/wp\/v2\/media\/1705"}],"wp:attachment":[{"href":"http:\/\/tvalaire.com\/index.php?rest_route=%2Fwp%2Fv2%2Fmedia&parent=1712"}],"wp:term":[{"taxonomy":"category","embeddable":true,"href":"http:\/\/tvalaire.com\/index.php?rest_route=%2Fwp%2Fv2%2Fcategories&post=1712"},{"taxonomy":"post_tag","embeddable":true,"href":"http:\/\/tvalaire.com\/index.php?rest_route=%2Fwp%2Fv2%2Ftags&post=1712"}],"curies":[{"name":"wp","href":"https:\/\/api.w.org\/{rel}","templated":true}]}}