{"id":1702,"date":"2017-05-25T10:04:03","date_gmt":"2017-05-25T15:04:03","guid":{"rendered":"http:\/\/tvalaire.com\/?p=1702"},"modified":"2017-05-25T10:04:03","modified_gmt":"2017-05-25T15:04:03","slug":"la-piedad-municipio-incluyen-con-temas-de-discapacidad","status":"publish","type":"post","link":"http:\/\/tvalaire.com\/?p=1702","title":{"rendered":"LA PIEDAD MUNICIPIO INCLUYEN CON TEMAS DE DISCAPACIDAD"},"content":{"rendered":"<p class=\"xmsonormal\" style=\"text-align: center; background: white;\" align=\"center\"><span style=\"font-size: 11.5pt; font-family: 'Segoe UI','sans-serif'; color: #212121;\">\u00a0<\/span><\/p>\n<p class=\"xmsonormal\" style=\"text-align: justify; background: white; font-variant-ligatures: normal; font-variant-caps: normal; orphans: 2; widows: 2; -webkit-text-stroke-width: 0px; text-decoration-style: initial; text-decoration-color: initial; word-spacing: 0px;\"><span style=\"font-family: 'Arial','sans-serif'; color: #212121;\">Con la intenci\u00f3n\u00a0 de establecer una relaci\u00f3n de trabajo y participaci\u00f3n el Alcalde de La Piedad Juan Manuel Estrada Medina, recibi\u00f3 en su despacho al titular del Consejo Estatal para Prevenir y Eliminar la Discriminaci\u00f3n y la Violencia (COEPREDV) y as\u00ed sumar esfuerzos a favor de la generaci\u00f3n y promoci\u00f3n de pol\u00edticas p\u00fablicas que coadyuven a la concientizaci\u00f3n de la poblaci\u00f3n en general.<\/span><\/p>\n<p class=\"xmsonormal\" style=\"text-align: justify; background: white;\"><span style=\"font-family: 'Arial','sans-serif'; color: #212121;\">Durante la entrevista de trabajo, Alberto Hern\u00e1ndez Ram\u00edrez, representante de COEPREDV reconoci\u00f3 en la persona de Estrada Medina el inter\u00e9s y la visi\u00f3n que la administraci\u00f3n que dirige de manera incluyente tiene personal laborando con alguna discapacidad. Acci\u00f3n que fue bien vista por el funcionario estatal quien dijo espera sumar esfuerzos para crear beneficios en este sector.<\/span><\/p>\n<p class=\"xmsonormal\" style=\"text-align: justify; background: white;\"><span style=\"font-family: 'Arial','sans-serif'; color: #212121;\">Asimismo, Hern\u00e1ndez Ram\u00edrez refiri\u00f3 que los trabajos que se contemplan es la realizaci\u00f3n de un foro donde varios municipios intervengan y posteriormente en colaboraci\u00f3n de instituciones p\u00fablicas se puedan realizar campa\u00f1as de concientizaci\u00f3n.<\/span><\/p>\n<p class=\"xmsonormal\" style=\"text-align: justify; background: white;\"><span style=\"font-family: 'Arial','sans-serif'; color: #212121;\">Por su parte el Alcalde Estrada Medina, coment\u00f3 estar en la mejor de las disposiciones para laborar en conjunto sobre el tema, ah\u00ed mismo dijo que el Ayuntamiento cuenta con la Comisi\u00f3n de Igualdad, Integraci\u00f3n y Diversidad Social, con la que se puede trabajar en la programaci\u00f3n de acciones que beneficien a los piedadenses.<\/span><\/p>\n<p class=\"xmsonormal\" style=\"text-align: justify; background: white;\"><span style=\"font-family: 'Arial','sans-serif'; color: #212121;\">Destac\u00f3 tambi\u00e9n el Presidente que la administraci\u00f3n ha sido incluyente con este sector y que actualmente laboran para el gobierno siete personas con alguna discapacidad y que espera en poco tiempo se les pueda dar oportunidad a otras personas m\u00e1s.<\/span><\/p>\n<p class=\"xmsonormal\" style=\"text-align: justify; background: white;\"><span style=\"font-family: 'Arial','sans-serif'; color: #212121;\">En la reuni\u00f3n se dijo que en el Estado no se cuenta con una estad\u00edstica formal de cuantas personas con discapacidad hay, por lo que se tienen acercamiento con INEGI para que un pr\u00f3ximo censo se pueda obtener la informaci\u00f3n, datos que ser\u00edan de importancia, pues as\u00ed se podr\u00eda conocer el grueso de este sector y al mismo tiempo enfocar recursos en las pol\u00edticas p\u00fablicas que beneficien este tema.<\/span><\/p>\n","protected":false},"excerpt":{"rendered":"<p>\u00a0 Con la intenci\u00f3n\u00a0 de establecer una relaci\u00f3n de trabajo y participaci\u00f3n el Alcalde de&#8230;<\/p>\n","protected":false},"author":1,"featured_media":1698,"comment_status":"open","ping_status":"open","sticky":false,"template":"","format":"standard","meta":{"jetpack_post_was_ever_published":false,"_jetpack_newsletter_access":"","_jetpack_dont_email_post_to_subs":false,"_jetpack_newsletter_tier_id":0,"_jetpack_memberships_contains_paywalled_content":false,"_jetpack_memberships_contains_paid_content":false,"footnotes":"","jetpack_publicize_message":"","jetpack_publicize_feature_enabled":true,"jetpack_social_post_already_shared":false,"jetpack_social_options":{"image_generator_settings":{"template":"highway","enabled":false},"version":2}},"categories":[1],"tags":[15,36],"class_list":["post-1702","post","type-post","status-publish","format-standard","has-post-thumbnail","hentry","category-la-piedad","tag-la-piedad","tag-principales"],"jetpack_publicize_connections":[],"jetpack_sharing_enabled":true,"featured_image_urls":{"full":["http:\/\/tvalaire.com\/wp-content\/uploads\/2017\/05\/LA-PIEDAD-MUNICIPIO-INCLUYEN-CON-TEMAS-DE-DISCAPACIDAD.jpg",1024,684,false],"thumbnail":["http:\/\/tvalaire.com\/wp-content\/uploads\/2017\/05\/LA-PIEDAD-MUNICIPIO-INCLUYEN-CON-TEMAS-DE-DISCAPACIDAD-150x150.jpg",150,150,true],"medium":["http:\/\/tvalaire.com\/wp-content\/uploads\/2017\/05\/LA-PIEDAD-MUNICIPIO-INCLUYEN-CON-TEMAS-DE-DISCAPACIDAD-300x200.jpg",300,200,true],"medium_large":["http:\/\/tvalaire.com\/wp-content\/uploads\/2017\/05\/LA-PIEDAD-MUNICIPIO-INCLUYEN-CON-TEMAS-DE-DISCAPACIDAD-768x513.jpg",640,428,true],"large":["http:\/\/tvalaire.com\/wp-content\/uploads\/2017\/05\/LA-PIEDAD-MUNICIPIO-INCLUYEN-CON-TEMAS-DE-DISCAPACIDAD-1024x684.jpg",640,428,true],"post-slider-thumb-size":["http:\/\/tvalaire.com\/wp-content\/uploads\/2017\/05\/LA-PIEDAD-MUNICIPIO-INCLUYEN-CON-TEMAS-DE-DISCAPACIDAD.jpg",284,190,false],"post-category-slider-size":["http:\/\/tvalaire.com\/wp-content\/uploads\/2017\/05\/LA-PIEDAD-MUNICIPIO-INCLUYEN-CON-TEMAS-DE-DISCAPACIDAD.jpg",330,220,false],"1536x1536":["http:\/\/tvalaire.com\/wp-content\/uploads\/2017\/05\/LA-PIEDAD-MUNICIPIO-INCLUYEN-CON-TEMAS-DE-DISCAPACIDAD.jpg",1024,684,false],"2048x2048":["http:\/\/tvalaire.com\/wp-content\/uploads\/2017\/05\/LA-PIEDAD-MUNICIPIO-INCLUYEN-CON-TEMAS-DE-DISCAPACIDAD.jpg",1024,684,false],"newsium-slider-full":["http:\/\/tvalaire.com\/wp-content\/uploads\/2017\/05\/LA-PIEDAD-MUNICIPIO-INCLUYEN-CON-TEMAS-DE-DISCAPACIDAD.jpg",1024,684,false],"newsium-featured":["http:\/\/tvalaire.com\/wp-content\/uploads\/2017\/05\/LA-PIEDAD-MUNICIPIO-INCLUYEN-CON-TEMAS-DE-DISCAPACIDAD.jpg",1024,684,false],"newsium-medium":["http:\/\/tvalaire.com\/wp-content\/uploads\/2017\/05\/LA-PIEDAD-MUNICIPIO-INCLUYEN-CON-TEMAS-DE-DISCAPACIDAD.jpg",711,475,false]},"author_info":{"info":["tvalairenoti"]},"category_info":"<a href=\"http:\/\/tvalaire.com\/?cat=1\" rel=\"category\">La Piedad<\/a>","tag_info":"La Piedad","comment_count":"0","jetpack_featured_media_url":"http:\/\/tvalaire.com\/wp-content\/uploads\/2017\/05\/LA-PIEDAD-MUNICIPIO-INCLUYEN-CON-TEMAS-DE-DISCAPACIDAD.jpg","_links":{"self":[{"href":"http:\/\/tvalaire.com\/index.php?rest_route=\/wp\/v2\/posts\/1702"}],"collection":[{"href":"http:\/\/tvalaire.com\/index.php?rest_route=\/wp\/v2\/posts"}],"about":[{"href":"http:\/\/tvalaire.com\/index.php?rest_route=\/wp\/v2\/types\/post"}],"author":[{"embeddable":true,"href":"http:\/\/tvalaire.com\/index.php?rest_route=\/wp\/v2\/users\/1"}],"replies":[{"embeddable":true,"href":"http:\/\/tvalaire.com\/index.php?rest_route=%2Fwp%2Fv2%2Fcomments&post=1702"}],"version-history":[{"count":1,"href":"http:\/\/tvalaire.com\/index.php?rest_route=\/wp\/v2\/posts\/1702\/revisions"}],"predecessor-version":[{"id":1703,"href":"http:\/\/tvalaire.com\/index.php?rest_route=\/wp\/v2\/posts\/1702\/revisions\/1703"}],"wp:featuredmedia":[{"embeddable":true,"href":"http:\/\/tvalaire.com\/index.php?rest_route=\/wp\/v2\/media\/1698"}],"wp:attachment":[{"href":"http:\/\/tvalaire.com\/index.php?rest_route=%2Fwp%2Fv2%2Fmedia&parent=1702"}],"wp:term":[{"taxonomy":"category","embeddable":true,"href":"http:\/\/tvalaire.com\/index.php?rest_route=%2Fwp%2Fv2%2Fcategories&post=1702"},{"taxonomy":"post_tag","embeddable":true,"href":"http:\/\/tvalaire.com\/index.php?rest_route=%2Fwp%2Fv2%2Ftags&post=1702"}],"curies":[{"name":"wp","href":"https:\/\/api.w.org\/{rel}","templated":true}]}}