{"id":1678,"date":"2017-05-22T12:07:15","date_gmt":"2017-05-22T17:07:15","guid":{"rendered":"http:\/\/tvalaire.com\/?p=1678"},"modified":"2017-05-22T12:07:15","modified_gmt":"2017-05-22T17:07:15","slug":"ninos-puruandirenses-disfrutan-en-la-inauguracion-de-la-expo-feria-2017","status":"publish","type":"post","link":"http:\/\/tvalaire.com\/?p=1678","title":{"rendered":"NI\u00d1OS PURUANDIRENSES DISFRUTAN EN LA INAUGURACI\u00d3N DE LA EXPO- FERIA 2017"},"content":{"rendered":"<p>Presidente Municipal V\u00edctor V\u00e1zquez inaugur\u00f3 la Expo- Feria Puru\u00e1ndiro 2017, en compa\u00f1\u00eda de cientos de ni\u00f1os, quienes soltaron globos en el tradicional corte de list\u00f3n, adem\u00e1s de disfrutar de \u00a0tres horas de juegos mec\u00e1nicos gratis y funci\u00f3n de Lucha Libre para todos los Puruandirenses.<br \/>\n\u201cQuisimos realizar la inauguraci\u00f3n aqu\u00ed con los ni\u00f1os, que son los reyes de la casa, vamos a realizar otras actividades en esta Expo- feria, como es en el teatro del pueblo que inicia el d\u00eda de ma\u00f1ana con el grupo Brindis y\u00a0el grupo traves\u00eda norte\u00f1a, para el d\u00eda 25 grupo musical Los Mismos compartiendo escenario con Desta K2 Musical y para el d\u00eda 28 cerramos con broche de oro con Cuitla Vega, aperturando Nuevo Estilo, los cuales tendr\u00e1n una cuota de recuperaci\u00f3n de 80 pesos\u201d extern\u00f3 V\u00edctor V\u00e1zquez.<br \/>\nIgualmente indic\u00f3 que \u201ctambi\u00e9n a partir del d\u00eda 26 al 28 de mayo tendremos La Agro- Ganadera en el mismo mercado San Juan y la Artesanal en el portal Morelos, en donde los artesanos podr\u00e1n exponer y vender sus productos elaborados, acciones que se realizan de manera integral, donde la intenci\u00f3n es tambi\u00e9n reactivar la econom\u00eda, generando la derrama econ\u00f3mica, al igual que puedan disfrutar al m\u00e1ximo estas fiestas patronales con mucha responsabilidad\u201d.<br \/>\nEn el mismo tenor resalt\u00f3 que el a\u00f1o pasado se tuvieron grandes satisfacciones, porque tuvimos ocupaciones Hoteleras al 100 por ciento, no solamente el 25 de mayo que es la fiesta principal, sino de toda una semana, que son los objetivos que se est\u00e1n persiguiendo, el poder reactivar con estas y otras acciones la econom\u00eda regional.<\/p>\n<p>&nbsp;<\/p>\n<p><img loading=\"lazy\" decoding=\"async\" class=\"alignnone size-medium wp-image-1683\" src=\"http:\/\/tvalaire.com\/wp-content\/uploads\/2017\/05\/DSC9471-1-199x300.jpg\" alt=\"\" width=\"199\" height=\"300\" srcset=\"http:\/\/tvalaire.com\/wp-content\/uploads\/2017\/05\/DSC9471-1-199x300.jpg 199w, http:\/\/tvalaire.com\/wp-content\/uploads\/2017\/05\/DSC9471-1-768x1160.jpg 768w, http:\/\/tvalaire.com\/wp-content\/uploads\/2017\/05\/DSC9471-1-678x1024.jpg 678w, http:\/\/tvalaire.com\/wp-content\/uploads\/2017\/05\/DSC9471-1.jpg 1632w\" sizes=\"(max-width: 199px) 100vw, 199px\" \/><\/p>\n<p><img loading=\"lazy\" decoding=\"async\" class=\"alignnone size-medium wp-image-1682\" src=\"http:\/\/tvalaire.com\/wp-content\/uploads\/2017\/05\/DSC9482-300x199.jpg\" alt=\"\" width=\"300\" height=\"199\" srcset=\"http:\/\/tvalaire.com\/wp-content\/uploads\/2017\/05\/DSC9482-300x199.jpg 300w, http:\/\/tvalaire.com\/wp-content\/uploads\/2017\/05\/DSC9482-768x509.jpg 768w, http:\/\/tvalaire.com\/wp-content\/uploads\/2017\/05\/DSC9482-1024x678.jpg 1024w\" sizes=\"(max-width: 300px) 100vw, 300px\" \/><\/p>\n<p><img loading=\"lazy\" decoding=\"async\" class=\"alignnone size-medium wp-image-1679\" src=\"http:\/\/tvalaire.com\/wp-content\/uploads\/2017\/05\/DSC9466-300x199.jpg\" alt=\"\" width=\"300\" height=\"199\" srcset=\"http:\/\/tvalaire.com\/wp-content\/uploads\/2017\/05\/DSC9466-300x199.jpg 300w, http:\/\/tvalaire.com\/wp-content\/uploads\/2017\/05\/DSC9466-768x509.jpg 768w, http:\/\/tvalaire.com\/wp-content\/uploads\/2017\/05\/DSC9466-1024x678.jpg 1024w\" sizes=\"(max-width: 300px) 100vw, 300px\" \/><\/p>\n","protected":false},"excerpt":{"rendered":"<p>Presidente Municipal V\u00edctor V\u00e1zquez inaugur\u00f3 la Expo- Feria Puru\u00e1ndiro 2017, en compa\u00f1\u00eda de cientos de&#8230;<\/p>\n","protected":false},"author":1,"featured_media":1681,"comment_status":"open","ping_status":"open","sticky":false,"template":"","format":"standard","meta":{"jetpack_post_was_ever_published":false,"_jetpack_newsletter_access":"","_jetpack_dont_email_post_to_subs":false,"_jetpack_newsletter_tier_id":0,"_jetpack_memberships_contains_paywalled_content":false,"_jetpack_memberships_contains_paid_content":false,"footnotes":"","jetpack_publicize_message":"","jetpack_publicize_feature_enabled":true,"jetpack_social_post_already_shared":false,"jetpack_social_options":{"image_generator_settings":{"template":"highway","enabled":false},"version":2}},"categories":[4],"tags":[36,24],"class_list":["post-1678","post","type-post","status-publish","format-standard","has-post-thumbnail","hentry","category-puruandiro","tag-principales","tag-puruandiro"],"jetpack_publicize_connections":[],"jetpack_sharing_enabled":true,"featured_image_urls":{"full":["http:\/\/tvalaire.com\/wp-content\/uploads\/2017\/05\/DSC9480.jpg",2464,1632,false],"thumbnail":["http:\/\/tvalaire.com\/wp-content\/uploads\/2017\/05\/DSC9480-150x150.jpg",150,150,true],"medium":["http:\/\/tvalaire.com\/wp-content\/uploads\/2017\/05\/DSC9480-300x199.jpg",300,199,true],"medium_large":["http:\/\/tvalaire.com\/wp-content\/uploads\/2017\/05\/DSC9480-768x509.jpg",640,424,true],"large":["http:\/\/tvalaire.com\/wp-content\/uploads\/2017\/05\/DSC9480-1024x678.jpg",640,424,true],"post-slider-thumb-size":["http:\/\/tvalaire.com\/wp-content\/uploads\/2017\/05\/DSC9480.jpg",287,190,false],"post-category-slider-size":["http:\/\/tvalaire.com\/wp-content\/uploads\/2017\/05\/DSC9480.jpg",330,219,false],"1536x1536":["http:\/\/tvalaire.com\/wp-content\/uploads\/2017\/05\/DSC9480.jpg",1536,1017,false],"2048x2048":["http:\/\/tvalaire.com\/wp-content\/uploads\/2017\/05\/DSC9480.jpg",2048,1356,false],"newsium-slider-full":["http:\/\/tvalaire.com\/wp-content\/uploads\/2017\/05\/DSC9480.jpg",1276,845,false],"newsium-featured":["http:\/\/tvalaire.com\/wp-content\/uploads\/2017\/05\/DSC9480.jpg",1024,678,false],"newsium-medium":["http:\/\/tvalaire.com\/wp-content\/uploads\/2017\/05\/DSC9480.jpg",717,475,false]},"author_info":{"info":["tvalairenoti"]},"category_info":"<a href=\"http:\/\/tvalaire.com\/?cat=4\" rel=\"category\">Puru\u00e1ndiro<\/a>","tag_info":"Puru\u00e1ndiro","comment_count":"0","jetpack_featured_media_url":"http:\/\/tvalaire.com\/wp-content\/uploads\/2017\/05\/DSC9480.jpg","_links":{"self":[{"href":"http:\/\/tvalaire.com\/index.php?rest_route=\/wp\/v2\/posts\/1678"}],"collection":[{"href":"http:\/\/tvalaire.com\/index.php?rest_route=\/wp\/v2\/posts"}],"about":[{"href":"http:\/\/tvalaire.com\/index.php?rest_route=\/wp\/v2\/types\/post"}],"author":[{"embeddable":true,"href":"http:\/\/tvalaire.com\/index.php?rest_route=\/wp\/v2\/users\/1"}],"replies":[{"embeddable":true,"href":"http:\/\/tvalaire.com\/index.php?rest_route=%2Fwp%2Fv2%2Fcomments&post=1678"}],"version-history":[{"count":1,"href":"http:\/\/tvalaire.com\/index.php?rest_route=\/wp\/v2\/posts\/1678\/revisions"}],"predecessor-version":[{"id":1684,"href":"http:\/\/tvalaire.com\/index.php?rest_route=\/wp\/v2\/posts\/1678\/revisions\/1684"}],"wp:featuredmedia":[{"embeddable":true,"href":"http:\/\/tvalaire.com\/index.php?rest_route=\/wp\/v2\/media\/1681"}],"wp:attachment":[{"href":"http:\/\/tvalaire.com\/index.php?rest_route=%2Fwp%2Fv2%2Fmedia&parent=1678"}],"wp:term":[{"taxonomy":"category","embeddable":true,"href":"http:\/\/tvalaire.com\/index.php?rest_route=%2Fwp%2Fv2%2Fcategories&post=1678"},{"taxonomy":"post_tag","embeddable":true,"href":"http:\/\/tvalaire.com\/index.php?rest_route=%2Fwp%2Fv2%2Ftags&post=1678"}],"curies":[{"name":"wp","href":"https:\/\/api.w.org\/{rel}","templated":true}]}}