{"id":1664,"date":"2017-05-19T10:37:25","date_gmt":"2017-05-19T15:37:25","guid":{"rendered":"http:\/\/tvalaire.com\/?p=1664"},"modified":"2017-05-19T10:37:25","modified_gmt":"2017-05-19T15:37:25","slug":"buena-participacion-en-el-primer-torneo-de-ajedrez-estudiantil","status":"publish","type":"post","link":"http:\/\/tvalaire.com\/?p=1664","title":{"rendered":"BUENA PARTICIPACI\u00d3N EN EL PRIMER TORNEO DE AJEDREZ ESTUDIANTIL"},"content":{"rendered":"<p class=\"xmsonormal\" style=\"text-align: center; background: white;\" align=\"center\"><span style=\"font-size: 10.0pt; font-family: 'Arial','sans-serif'; color: #212121;\">\u00a0<\/span><\/p>\n<p class=\"xmsonormal\" style=\"text-align: justify; background: white; font-variant-ligatures: normal; font-variant-caps: normal; orphans: 2; widows: 2; -webkit-text-stroke-width: 0px; text-decoration-style: initial; text-decoration-color: initial; word-spacing: 0px;\"><span style=\"font-size: 10.0pt; font-family: 'Arial','sans-serif'; color: #212121;\">Buena convocatoria obtuvo la direcci\u00f3n de Deportes al realizar con \u00e9xito el Primer Torneo de Ajedrez Estudiantil en la biblioteca p\u00fablica \u201cJos\u00e9 Hern\u00e1ndez Moreno\u201d que se ubica junto al parque Morelos.<\/span><\/p>\n<p class=\"xmsonormal\" style=\"text-align: justify; background: white;\"><span style=\"font-size: 10.0pt; font-family: 'Arial','sans-serif'; color: #212121;\">El registro de los participantes se dio a partir de las 09:00 horas y 15 minutos despu\u00e9s dio comienzo el torneo que se realiz\u00f3 en dos bloques, debido a la gran asistencia y participaci\u00f3n de los estudiantes por este deporte.<\/span><\/p>\n<p class=\"xmsonormal\" style=\"text-align: justify; background: white;\"><span style=\"font-size: 10.0pt; font-family: 'Arial','sans-serif'; color: #212121;\">Esta actividad se realiza por indicaciones del Alcalde Juan Manuel Estrada Medina, quien ha pedido, fomentar todas las ramas de alg\u00fan deporte con la finalidad de tomar en cuenta a todos los gustos de la poblaci\u00f3n, se\u00f1al\u00f3 el director de la dependencia municipal organizadora del evento.<\/span><\/p>\n<p class=\"xmsonormal\" style=\"text-align: justify; background: white;\"><span style=\"font-size: 10.0pt; font-family: 'Arial','sans-serif'; color: #212121;\">Consider\u00f3 que debido a la demanda, se realizar\u00e1n por lo menos dos torneos de ajedrez por a\u00f1o, con la finalidad de dar respuesta a los amantes de este deporte.<\/span><\/p>\n<p class=\"xmsonormal\" style=\"text-align: justify; background: white;\"><span style=\"font-size: 10.0pt; font-family: 'Arial','sans-serif'; color: #212121;\">Explic\u00f3 que el ajedrez es considerado como deporte por el Comit\u00e9 Ol\u00edmpico Internacional ya que m\u00e1s de 100 pa\u00edses lo reconocen como tal, pues a trav\u00e9s de su pr\u00e1ctica se ejercita el \u00f3rgano m\u00e1s importante del ser humano que es el cerebro y con ello existe la competitividad que es una de las caracter\u00edsticas del concepto deporte.<\/span><\/p>\n<p class=\"xmsonormal\" style=\"text-align: justify; background: white;\"><span style=\"font-size: 10.0pt; font-family: 'Arial','sans-serif'; color: #212121;\">De tal forma que con este torneo se reconoci\u00f3 el esfuerzo de los ajedrecistas del municipio, quienes se mostraron felices porque se realice este tipo de eventos que los ayuda ejercitar su cerebro.<\/span><\/p>\n<p class=\"xmsonormal\" style=\"text-align: justify; background: white;\"><span style=\"font-size: 10.0pt; font-family: 'Arial','sans-serif'; color: #212121;\">Durante la competencia, los jueces que eran conocedores de esta rama del deporte y el director de la dependencia municipal, estuvieron deliberando para dar a conocer a los ganadores, quienes se llevaron un pants y un reconocimiento por su participaci\u00f3n en esta actividad.<\/span><\/p>\n","protected":false},"excerpt":{"rendered":"<p>\u00a0 Buena convocatoria obtuvo la direcci\u00f3n de Deportes al realizar con \u00e9xito el Primer Torneo&#8230;<\/p>\n","protected":false},"author":1,"featured_media":1665,"comment_status":"open","ping_status":"open","sticky":false,"template":"","format":"standard","meta":{"jetpack_post_was_ever_published":false,"_jetpack_newsletter_access":"","_jetpack_dont_email_post_to_subs":false,"_jetpack_newsletter_tier_id":0,"_jetpack_memberships_contains_paywalled_content":false,"_jetpack_memberships_contains_paid_content":false,"footnotes":"","jetpack_publicize_message":"","jetpack_publicize_feature_enabled":true,"jetpack_social_post_already_shared":false,"jetpack_social_options":{"image_generator_settings":{"template":"highway","enabled":false},"version":2}},"categories":[1],"tags":[15,36],"class_list":["post-1664","post","type-post","status-publish","format-standard","has-post-thumbnail","hentry","category-la-piedad","tag-la-piedad","tag-principales"],"jetpack_publicize_connections":[],"jetpack_sharing_enabled":true,"featured_image_urls":{"full":["http:\/\/tvalaire.com\/wp-content\/uploads\/2017\/05\/BUENA-PARTICIPACI\u00d3N-EN-EL-PRIMER-TORNEO-DE-AJEDREZ-ESTUDIANTIL.jpg",2560,1920,false],"thumbnail":["http:\/\/tvalaire.com\/wp-content\/uploads\/2017\/05\/BUENA-PARTICIPACI\u00d3N-EN-EL-PRIMER-TORNEO-DE-AJEDREZ-ESTUDIANTIL-150x150.jpg",150,150,true],"medium":["http:\/\/tvalaire.com\/wp-content\/uploads\/2017\/05\/BUENA-PARTICIPACI\u00d3N-EN-EL-PRIMER-TORNEO-DE-AJEDREZ-ESTUDIANTIL-300x225.jpg",300,225,true],"medium_large":["http:\/\/tvalaire.com\/wp-content\/uploads\/2017\/05\/BUENA-PARTICIPACI\u00d3N-EN-EL-PRIMER-TORNEO-DE-AJEDREZ-ESTUDIANTIL-768x576.jpg",640,480,true],"large":["http:\/\/tvalaire.com\/wp-content\/uploads\/2017\/05\/BUENA-PARTICIPACI\u00d3N-EN-EL-PRIMER-TORNEO-DE-AJEDREZ-ESTUDIANTIL-1024x768.jpg",640,480,true],"post-slider-thumb-size":["http:\/\/tvalaire.com\/wp-content\/uploads\/2017\/05\/BUENA-PARTICIPACI\u00d3N-EN-EL-PRIMER-TORNEO-DE-AJEDREZ-ESTUDIANTIL.jpg",253,190,false],"post-category-slider-size":["http:\/\/tvalaire.com\/wp-content\/uploads\/2017\/05\/BUENA-PARTICIPACI\u00d3N-EN-EL-PRIMER-TORNEO-DE-AJEDREZ-ESTUDIANTIL.jpg",330,248,false],"1536x1536":["http:\/\/tvalaire.com\/wp-content\/uploads\/2017\/05\/BUENA-PARTICIPACI\u00d3N-EN-EL-PRIMER-TORNEO-DE-AJEDREZ-ESTUDIANTIL.jpg",1536,1152,false],"2048x2048":["http:\/\/tvalaire.com\/wp-content\/uploads\/2017\/05\/BUENA-PARTICIPACI\u00d3N-EN-EL-PRIMER-TORNEO-DE-AJEDREZ-ESTUDIANTIL.jpg",2048,1536,false],"newsium-slider-full":["http:\/\/tvalaire.com\/wp-content\/uploads\/2017\/05\/BUENA-PARTICIPACI\u00d3N-EN-EL-PRIMER-TORNEO-DE-AJEDREZ-ESTUDIANTIL.jpg",1127,845,false],"newsium-featured":["http:\/\/tvalaire.com\/wp-content\/uploads\/2017\/05\/BUENA-PARTICIPACI\u00d3N-EN-EL-PRIMER-TORNEO-DE-AJEDREZ-ESTUDIANTIL.jpg",1024,768,false],"newsium-medium":["http:\/\/tvalaire.com\/wp-content\/uploads\/2017\/05\/BUENA-PARTICIPACI\u00d3N-EN-EL-PRIMER-TORNEO-DE-AJEDREZ-ESTUDIANTIL.jpg",633,475,false]},"author_info":{"info":["tvalairenoti"]},"category_info":"<a href=\"http:\/\/tvalaire.com\/?cat=1\" rel=\"category\">La Piedad<\/a>","tag_info":"La Piedad","comment_count":"0","jetpack_featured_media_url":"http:\/\/tvalaire.com\/wp-content\/uploads\/2017\/05\/BUENA-PARTICIPACI\u00d3N-EN-EL-PRIMER-TORNEO-DE-AJEDREZ-ESTUDIANTIL.jpg","_links":{"self":[{"href":"http:\/\/tvalaire.com\/index.php?rest_route=\/wp\/v2\/posts\/1664"}],"collection":[{"href":"http:\/\/tvalaire.com\/index.php?rest_route=\/wp\/v2\/posts"}],"about":[{"href":"http:\/\/tvalaire.com\/index.php?rest_route=\/wp\/v2\/types\/post"}],"author":[{"embeddable":true,"href":"http:\/\/tvalaire.com\/index.php?rest_route=\/wp\/v2\/users\/1"}],"replies":[{"embeddable":true,"href":"http:\/\/tvalaire.com\/index.php?rest_route=%2Fwp%2Fv2%2Fcomments&post=1664"}],"version-history":[{"count":1,"href":"http:\/\/tvalaire.com\/index.php?rest_route=\/wp\/v2\/posts\/1664\/revisions"}],"predecessor-version":[{"id":1667,"href":"http:\/\/tvalaire.com\/index.php?rest_route=\/wp\/v2\/posts\/1664\/revisions\/1667"}],"wp:featuredmedia":[{"embeddable":true,"href":"http:\/\/tvalaire.com\/index.php?rest_route=\/wp\/v2\/media\/1665"}],"wp:attachment":[{"href":"http:\/\/tvalaire.com\/index.php?rest_route=%2Fwp%2Fv2%2Fmedia&parent=1664"}],"wp:term":[{"taxonomy":"category","embeddable":true,"href":"http:\/\/tvalaire.com\/index.php?rest_route=%2Fwp%2Fv2%2Fcategories&post=1664"},{"taxonomy":"post_tag","embeddable":true,"href":"http:\/\/tvalaire.com\/index.php?rest_route=%2Fwp%2Fv2%2Ftags&post=1664"}],"curies":[{"name":"wp","href":"https:\/\/api.w.org\/{rel}","templated":true}]}}