{"id":1648,"date":"2017-05-18T09:26:29","date_gmt":"2017-05-18T14:26:29","guid":{"rendered":"http:\/\/tvalaire.com\/?p=1648"},"modified":"2017-05-18T09:26:29","modified_gmt":"2017-05-18T14:26:29","slug":"pegan-convocatoria-para-el-premio-municipal-de-la-juventud","status":"publish","type":"post","link":"http:\/\/tvalaire.com\/?p=1648","title":{"rendered":"PEGAN CONVOCATORIA PARA EL PREMIO MUNICIPAL DE LA JUVENTUD"},"content":{"rendered":"<p>Presidente Municipal V\u00edctor V\u00e1zquez y la regidora de la comisi\u00f3n de Ecolog\u00eda y Acceso a la informaci\u00f3n Soledad Maciel Garnica, en compa\u00f1\u00eda de los integrantes del Honorable Cabildo, pegan convocatoria del \u201cSegundo Premio Municipal de la Juventud 2017\u201d.<\/p>\n<p>Misma que consiste en recocer la labor extraordinaria que realizan los j\u00f3venes de 15 a 29 a\u00f1os de edad con un est\u00edmulo econ\u00f3mico de 100 d\u00edas del salario m\u00ednimo general, que destacan en el \u00e1mbito acad\u00e9mico e investigaci\u00f3n; art\u00edstico \u2013 cultural; medio ambiente y social;\u00a0 desarrollo econ\u00f3mico y deportivo.<\/p>\n<p>La propuesta deber\u00e1 realizarse por alguna Instituci\u00f3n Acad\u00e9mica, Asociaciones Estudiantiles y Deportivas, Asociaciones Civiles, c\u00e1maras de Comercio y dem\u00e1s Organismos P\u00fablicos y Privados municipales.<\/p>\n","protected":false},"excerpt":{"rendered":"<p>Presidente Municipal V\u00edctor V\u00e1zquez y la regidora de la comisi\u00f3n de Ecolog\u00eda y Acceso a&#8230;<\/p>\n","protected":false},"author":1,"featured_media":1649,"comment_status":"open","ping_status":"open","sticky":false,"template":"","format":"standard","meta":{"jetpack_post_was_ever_published":false,"_jetpack_newsletter_access":"","_jetpack_dont_email_post_to_subs":false,"_jetpack_newsletter_tier_id":0,"_jetpack_memberships_contains_paywalled_content":false,"_jetpack_memberships_contains_paid_content":false,"footnotes":"","jetpack_publicize_message":"","jetpack_publicize_feature_enabled":true,"jetpack_social_post_already_shared":false,"jetpack_social_options":{"image_generator_settings":{"template":"highway","enabled":false},"version":2}},"categories":[4],"tags":[36,24],"class_list":["post-1648","post","type-post","status-publish","format-standard","has-post-thumbnail","hentry","category-puruandiro","tag-principales","tag-puruandiro"],"jetpack_publicize_connections":[],"jetpack_sharing_enabled":true,"featured_image_urls":{"full":["http:\/\/tvalaire.com\/wp-content\/uploads\/2017\/05\/pega-de-convocatoria.jpg",2048,1356,false],"thumbnail":["http:\/\/tvalaire.com\/wp-content\/uploads\/2017\/05\/pega-de-convocatoria-150x150.jpg",150,150,true],"medium":["http:\/\/tvalaire.com\/wp-content\/uploads\/2017\/05\/pega-de-convocatoria-300x199.jpg",300,199,true],"medium_large":["http:\/\/tvalaire.com\/wp-content\/uploads\/2017\/05\/pega-de-convocatoria-768x509.jpg",640,424,true],"large":["http:\/\/tvalaire.com\/wp-content\/uploads\/2017\/05\/pega-de-convocatoria-1024x678.jpg",640,424,true],"post-slider-thumb-size":["http:\/\/tvalaire.com\/wp-content\/uploads\/2017\/05\/pega-de-convocatoria.jpg",287,190,false],"post-category-slider-size":["http:\/\/tvalaire.com\/wp-content\/uploads\/2017\/05\/pega-de-convocatoria.jpg",330,218,false],"1536x1536":["http:\/\/tvalaire.com\/wp-content\/uploads\/2017\/05\/pega-de-convocatoria.jpg",1536,1017,false],"2048x2048":["http:\/\/tvalaire.com\/wp-content\/uploads\/2017\/05\/pega-de-convocatoria.jpg",2048,1356,false],"newsium-slider-full":["http:\/\/tvalaire.com\/wp-content\/uploads\/2017\/05\/pega-de-convocatoria.jpg",1276,845,false],"newsium-featured":["http:\/\/tvalaire.com\/wp-content\/uploads\/2017\/05\/pega-de-convocatoria.jpg",1024,678,false],"newsium-medium":["http:\/\/tvalaire.com\/wp-content\/uploads\/2017\/05\/pega-de-convocatoria.jpg",717,475,false]},"author_info":{"info":["tvalairenoti"]},"category_info":"<a href=\"http:\/\/tvalaire.com\/?cat=4\" rel=\"category\">Puru\u00e1ndiro<\/a>","tag_info":"Puru\u00e1ndiro","comment_count":"0","jetpack_featured_media_url":"http:\/\/tvalaire.com\/wp-content\/uploads\/2017\/05\/pega-de-convocatoria.jpg","_links":{"self":[{"href":"http:\/\/tvalaire.com\/index.php?rest_route=\/wp\/v2\/posts\/1648"}],"collection":[{"href":"http:\/\/tvalaire.com\/index.php?rest_route=\/wp\/v2\/posts"}],"about":[{"href":"http:\/\/tvalaire.com\/index.php?rest_route=\/wp\/v2\/types\/post"}],"author":[{"embeddable":true,"href":"http:\/\/tvalaire.com\/index.php?rest_route=\/wp\/v2\/users\/1"}],"replies":[{"embeddable":true,"href":"http:\/\/tvalaire.com\/index.php?rest_route=%2Fwp%2Fv2%2Fcomments&post=1648"}],"version-history":[{"count":1,"href":"http:\/\/tvalaire.com\/index.php?rest_route=\/wp\/v2\/posts\/1648\/revisions"}],"predecessor-version":[{"id":1650,"href":"http:\/\/tvalaire.com\/index.php?rest_route=\/wp\/v2\/posts\/1648\/revisions\/1650"}],"wp:featuredmedia":[{"embeddable":true,"href":"http:\/\/tvalaire.com\/index.php?rest_route=\/wp\/v2\/media\/1649"}],"wp:attachment":[{"href":"http:\/\/tvalaire.com\/index.php?rest_route=%2Fwp%2Fv2%2Fmedia&parent=1648"}],"wp:term":[{"taxonomy":"category","embeddable":true,"href":"http:\/\/tvalaire.com\/index.php?rest_route=%2Fwp%2Fv2%2Fcategories&post=1648"},{"taxonomy":"post_tag","embeddable":true,"href":"http:\/\/tvalaire.com\/index.php?rest_route=%2Fwp%2Fv2%2Ftags&post=1648"}],"curies":[{"name":"wp","href":"https:\/\/api.w.org\/{rel}","templated":true}]}}