{"id":1641,"date":"2017-05-18T09:20:57","date_gmt":"2017-05-18T14:20:57","guid":{"rendered":"http:\/\/tvalaire.com\/?p=1641"},"modified":"2017-05-18T09:20:57","modified_gmt":"2017-05-18T14:20:57","slug":"destinan-6-mdp-para-el-distrito-ganadero-090-de-la-region-bajio","status":"publish","type":"post","link":"http:\/\/tvalaire.com\/?p=1641","title":{"rendered":"DESTINAN 6 MDP PARA EL DISTRITO GANADERO 090 DE LA REGI\u00d3N BAJ\u00cdO"},"content":{"rendered":"<p class=\"xmsonormal\" style=\"text-align: center; background: white;\" align=\"center\"><span style=\"font-size: 10.0pt; font-family: 'Arial','sans-serif'; color: #212121;\">\u00a0<\/span><\/p>\n<p class=\"xmsonormal\" style=\"text-align: justify; background: white; font-variant-ligatures: normal; font-variant-caps: normal; orphans: 2; widows: 2; -webkit-text-stroke-width: 0px; text-decoration-style: initial; text-decoration-color: initial; word-spacing: 0px;\"><span style=\"font-size: 10.0pt; font-family: 'Arial','sans-serif'; color: #212121;\">El Auditorio de la Uni\u00f3n Ganadera Regional de Porcicultores de La Piedad, sirvi\u00f3 como marco oficial de la primera reuni\u00f3n de capacitaci\u00f3n sobre las reglas que se aplicar\u00e1n con los programas de desarrollo integral rural, en la que se cont\u00f3 con la participaci\u00f3n de representantes de varias dependencias de gobierno.<\/span><\/p>\n<p class=\"xmsonormal\" style=\"text-align: justify; background: white;\"><span style=\"font-size: 10.0pt; font-family: 'Arial','sans-serif'; color: #212121;\">Durante la reuni\u00f3n se inform\u00f3 sobre el monto asignado por parte del Gobierno del Estado que es de 6 millones 430 mil 413 pesos, cantidad que ser\u00e1 dividida entre los 17 municipios que forman parte de la Regi\u00f3n Baj\u00edo pertenecientes al distrito 090.<\/span><\/p>\n<p class=\"xmsonormal\" style=\"text-align: justify; background: white;\"><span style=\"font-size: 10.0pt; font-family: 'Arial','sans-serif'; color: #212121;\">De esa cantidad, al Municipio de La Piedad se le autoriz\u00f3 la cantidad de 369 mil 063 pesos (25%) bas\u00e1ndose en una formula equitativa por Municipios donde se tomaron en cuenta diferentes criterios para su realizaci\u00f3n los cuales son: los productivos, superficiales, superficie de cultivos, producci\u00f3n, n\u00famero de localidades y marginaci\u00f3n. El Gobierno local aportar\u00e1 otro monto igual y los productores beneficiados destinar\u00e1n de su bolsa la cantidad de 738 mil 127 pesos que representa el 50% para dar un total de la suma del Gobierno Estatal, Municipal y los Productores de un mill\u00f3n 476 mil 253 pesos.<\/span><\/p>\n<p class=\"xmsonormal\" style=\"text-align: justify; background: white;\"><span style=\"font-size: 10.0pt; font-family: 'Arial','sans-serif'; color: #212121;\">Dentro del programa Municipalizado de Fomento al Desarrollo Rural, podr\u00e1n ser beneficiados aquellas personas que desean iniciar o tecnificar un micro negocio (carpinter\u00eda, carnicer\u00eda, llanteras, tortiller\u00eda etc.), con lo cual se reactivar\u00e1 la econom\u00eda de las comunidades rurales.<\/span><\/p>\n<p class=\"xmsonormal\" style=\"text-align: justify; background: white;\"><span style=\"font-size: 10.0pt; font-family: 'Arial','sans-serif'; color: #212121;\">As\u00ed mismo por acuerdo de Consejo Municipal de Desarrollo Rural Sustentable los productores que no alcanzaron a beneficiarse en el recurso municipal del programa de implementos agr\u00edcolas, se priorizar\u00e1n sus solicitudes para ser apoyadas en este llamado Programa Municipalizado en Concurrencia Gobierno Estatal y Gobierno Municipal.<\/span><\/p>\n<p class=\"xmsonormal\" style=\"text-align: justify; background: white;\"><span style=\"font-size: 10.0pt; font-family: 'Arial','sans-serif'; color: #212121;\">La Direcci\u00f3n de Fomento Agropecuario se har\u00e1 cargo de aperturar la ventanilla y la recepci\u00f3n de documentaci\u00f3n y el consejo Municipal de Desarrollo Rural Sustentable, de la validaci\u00f3n, priorizaci\u00f3n y supervisi\u00f3n los apoyos otorgados.<\/span><\/p>\n<p class=\"xmsonormal\" style=\"text-align: justify; background: white;\"><span style=\"font-size: 10.0pt; font-family: 'Arial','sans-serif'; color: #212121;\">Entre los funcionarios asistentes se cont\u00f3 con la presencia del delegado de la Secretar\u00eda de Desarrollo Rural y Alimentario (SEDRUA), Germ\u00e1n \u00c1vila \u00c1vila; Jorge Alberto Alvarado Quiroz director de Fomento Agropecuario y los expositores Carlos Torres Robledo, subsecretario de Organizaci\u00f3n y Desarrollo de la propia secretar\u00eda y Octavio Ocampo Pe\u00f1a, director de delegaciones regionales, donde se dieron a conocer los objetivos espec\u00edficos y los requisitos para los municipios.<\/span><\/p>\n","protected":false},"excerpt":{"rendered":"<p>\u00a0 El Auditorio de la Uni\u00f3n Ganadera Regional de Porcicultores de La Piedad, sirvi\u00f3 como&#8230;<\/p>\n","protected":false},"author":1,"featured_media":1642,"comment_status":"open","ping_status":"open","sticky":false,"template":"","format":"standard","meta":{"jetpack_post_was_ever_published":false,"_jetpack_newsletter_access":"","_jetpack_dont_email_post_to_subs":false,"_jetpack_newsletter_tier_id":0,"_jetpack_memberships_contains_paywalled_content":false,"_jetpack_memberships_contains_paid_content":false,"footnotes":"","jetpack_publicize_message":"","jetpack_publicize_feature_enabled":true,"jetpack_social_post_already_shared":false,"jetpack_social_options":{"image_generator_settings":{"template":"highway","enabled":false},"version":2}},"categories":[1],"tags":[15,36],"class_list":["post-1641","post","type-post","status-publish","format-standard","has-post-thumbnail","hentry","category-la-piedad","tag-la-piedad","tag-principales"],"jetpack_publicize_connections":[],"jetpack_sharing_enabled":true,"featured_image_urls":{"full":["http:\/\/tvalaire.com\/wp-content\/uploads\/2017\/05\/DESTINAN-6-MDP-PARA-EL-DISTRITO-GANADERO-090-DE-LA-REGI\u00d3N-BAJ\u00cdO.jpg",1600,1200,false],"thumbnail":["http:\/\/tvalaire.com\/wp-content\/uploads\/2017\/05\/DESTINAN-6-MDP-PARA-EL-DISTRITO-GANADERO-090-DE-LA-REGI\u00d3N-BAJ\u00cdO-150x150.jpg",150,150,true],"medium":["http:\/\/tvalaire.com\/wp-content\/uploads\/2017\/05\/DESTINAN-6-MDP-PARA-EL-DISTRITO-GANADERO-090-DE-LA-REGI\u00d3N-BAJ\u00cdO-300x225.jpg",300,225,true],"medium_large":["http:\/\/tvalaire.com\/wp-content\/uploads\/2017\/05\/DESTINAN-6-MDP-PARA-EL-DISTRITO-GANADERO-090-DE-LA-REGI\u00d3N-BAJ\u00cdO-768x576.jpg",640,480,true],"large":["http:\/\/tvalaire.com\/wp-content\/uploads\/2017\/05\/DESTINAN-6-MDP-PARA-EL-DISTRITO-GANADERO-090-DE-LA-REGI\u00d3N-BAJ\u00cdO-1024x768.jpg",640,480,true],"post-slider-thumb-size":["http:\/\/tvalaire.com\/wp-content\/uploads\/2017\/05\/DESTINAN-6-MDP-PARA-EL-DISTRITO-GANADERO-090-DE-LA-REGI\u00d3N-BAJ\u00cdO.jpg",253,190,false],"post-category-slider-size":["http:\/\/tvalaire.com\/wp-content\/uploads\/2017\/05\/DESTINAN-6-MDP-PARA-EL-DISTRITO-GANADERO-090-DE-LA-REGI\u00d3N-BAJ\u00cdO.jpg",330,248,false],"1536x1536":["http:\/\/tvalaire.com\/wp-content\/uploads\/2017\/05\/DESTINAN-6-MDP-PARA-EL-DISTRITO-GANADERO-090-DE-LA-REGI\u00d3N-BAJ\u00cdO.jpg",1536,1152,false],"2048x2048":["http:\/\/tvalaire.com\/wp-content\/uploads\/2017\/05\/DESTINAN-6-MDP-PARA-EL-DISTRITO-GANADERO-090-DE-LA-REGI\u00d3N-BAJ\u00cdO.jpg",1600,1200,false],"newsium-slider-full":["http:\/\/tvalaire.com\/wp-content\/uploads\/2017\/05\/DESTINAN-6-MDP-PARA-EL-DISTRITO-GANADERO-090-DE-LA-REGI\u00d3N-BAJ\u00cdO.jpg",1127,845,false],"newsium-featured":["http:\/\/tvalaire.com\/wp-content\/uploads\/2017\/05\/DESTINAN-6-MDP-PARA-EL-DISTRITO-GANADERO-090-DE-LA-REGI\u00d3N-BAJ\u00cdO.jpg",1024,768,false],"newsium-medium":["http:\/\/tvalaire.com\/wp-content\/uploads\/2017\/05\/DESTINAN-6-MDP-PARA-EL-DISTRITO-GANADERO-090-DE-LA-REGI\u00d3N-BAJ\u00cdO.jpg",633,475,false]},"author_info":{"info":["tvalairenoti"]},"category_info":"<a href=\"http:\/\/tvalaire.com\/?cat=1\" rel=\"category\">La Piedad<\/a>","tag_info":"La Piedad","comment_count":"0","jetpack_featured_media_url":"http:\/\/tvalaire.com\/wp-content\/uploads\/2017\/05\/DESTINAN-6-MDP-PARA-EL-DISTRITO-GANADERO-090-DE-LA-REGI\u00d3N-BAJ\u00cdO.jpg","_links":{"self":[{"href":"http:\/\/tvalaire.com\/index.php?rest_route=\/wp\/v2\/posts\/1641"}],"collection":[{"href":"http:\/\/tvalaire.com\/index.php?rest_route=\/wp\/v2\/posts"}],"about":[{"href":"http:\/\/tvalaire.com\/index.php?rest_route=\/wp\/v2\/types\/post"}],"author":[{"embeddable":true,"href":"http:\/\/tvalaire.com\/index.php?rest_route=\/wp\/v2\/users\/1"}],"replies":[{"embeddable":true,"href":"http:\/\/tvalaire.com\/index.php?rest_route=%2Fwp%2Fv2%2Fcomments&post=1641"}],"version-history":[{"count":1,"href":"http:\/\/tvalaire.com\/index.php?rest_route=\/wp\/v2\/posts\/1641\/revisions"}],"predecessor-version":[{"id":1645,"href":"http:\/\/tvalaire.com\/index.php?rest_route=\/wp\/v2\/posts\/1641\/revisions\/1645"}],"wp:featuredmedia":[{"embeddable":true,"href":"http:\/\/tvalaire.com\/index.php?rest_route=\/wp\/v2\/media\/1642"}],"wp:attachment":[{"href":"http:\/\/tvalaire.com\/index.php?rest_route=%2Fwp%2Fv2%2Fmedia&parent=1641"}],"wp:term":[{"taxonomy":"category","embeddable":true,"href":"http:\/\/tvalaire.com\/index.php?rest_route=%2Fwp%2Fv2%2Fcategories&post=1641"},{"taxonomy":"post_tag","embeddable":true,"href":"http:\/\/tvalaire.com\/index.php?rest_route=%2Fwp%2Fv2%2Ftags&post=1641"}],"curies":[{"name":"wp","href":"https:\/\/api.w.org\/{rel}","templated":true}]}}