{"id":1633,"date":"2017-05-16T09:44:27","date_gmt":"2017-05-16T14:44:27","guid":{"rendered":"http:\/\/tvalaire.com\/?p=1633"},"modified":"2017-05-16T09:44:27","modified_gmt":"2017-05-16T14:44:27","slug":"crearan-en-la-piedad-enlace-regional-con-el-centro-de-justicia-para-las-mujeres-en-michoacan","status":"publish","type":"post","link":"http:\/\/tvalaire.com\/?p=1633","title":{"rendered":"CREAR\u00c1N EN LA PIEDAD ENLACE REGIONAL CON EL CENTRO DE JUSTICIA PARA LAS MUJERES EN MICHOAC\u00c1N"},"content":{"rendered":"<p class=\"xmsonormal\" style=\"text-align: center; background: white;\" align=\"center\">\n<p class=\"xmsonormal\" style=\"text-align: center; background: white;\" align=\"center\"><b><span style=\"font-size: 10.0pt; font-family: 'Arial','sans-serif'; color: #212121;\">\u00a0<\/span><\/b><span style=\"font-size: 10.0pt; font-family: 'Arial','sans-serif'; color: #212121;\">Cumpliendo con las formalidades que conlleva la Declaratoria de Alerta de G\u00e9nero en La Piedad, este mi\u00e9rcoles 17 La Piedad ser\u00e1 sede de la Primera Reuni\u00f3n de Enlace de los Centros de Justicia para las Mujeres en Michoac\u00e1n, que busca establecer un enlace en esta localidad.<\/span><\/p>\n<p class=\"xmsonormal\" style=\"text-align: justify; background: white;\"><span style=\"font-size: 10.0pt; font-family: 'Arial','sans-serif'; color: #212121;\">Hasta el momento se ha confirmado la asistencia de Janet Mart\u00ednez Mondrag\u00f3n, directora del Centro de Justicia Integral para las Mujeres de Michoac\u00e1n; Yunu\u00e9n M\u00e9ndez Silva, coordinadora del \u00e1rea de atenci\u00f3n Jur\u00eddica del Centro de Justicia para las Mujeres y el Director de Carpeta de investigaci\u00f3n de la Fiscal\u00eda Regional, los cuales ser\u00e1n recibidos por el Alcalde.<\/span><\/p>\n<p class=\"xmsonormal\" style=\"text-align: justify; background: white;\"><span style=\"font-size: 10.0pt; font-family: 'Arial','sans-serif'; color: #212121;\">La reuni\u00f3n se tiene prevista a las 13:30 horas a la cual se ha convocado al personal del \u00e1rea de Seguridad P\u00fablica; regidores de la comisi\u00f3n de Mujer; el Fiscal de la Regi\u00f3n y la directora del Instituto Municipal de la Mujer.<\/span><\/p>\n<p class=\"xmsonormal\" style=\"text-align: justify; background: white;\"><span style=\"font-size: 10.0pt; font-family: 'Arial','sans-serif'; color: #212121;\">El objetivo de la reuni\u00f3n es generar un enlace regional entre los Centros de Justicia para las Mujeres, con el fin de que las atienda y oriente en el asunto de la violencia que se da por razones de g\u00e9nero.<\/span><\/p>\n<p class=\"xmsonormal\" style=\"text-align: justify; background: white;\"><span style=\"font-size: 10.0pt; font-family: 'Arial','sans-serif'; color: #212121;\">Por tanto, la informaci\u00f3n que se obtenga de esta reuni\u00f3n ser\u00e1 de gran importancia para las mujeres que sufren o que han sido v\u00edctimas de alg\u00fan tipo de violencia en su contra. Con ello, las instituciones que forman parte de los gobiernos local y estatal, tomar\u00e1n acciones tendientes para su atenci\u00f3n y orientaci\u00f3n.<\/span><\/p>\n<p class=\"xmsonormal\" style=\"text-align: justify; background: white;\"><span style=\"font-size: 10.0pt; font-family: 'Segoe UI','sans-serif'; color: #212121;\">\u00a0<\/span><\/p>\n","protected":false},"excerpt":{"rendered":"<p>\u00a0Cumpliendo con las formalidades que conlleva la Declaratoria de Alerta de G\u00e9nero en La Piedad,&#8230;<\/p>\n","protected":false},"author":1,"featured_media":1630,"comment_status":"open","ping_status":"open","sticky":false,"template":"","format":"standard","meta":{"jetpack_post_was_ever_published":false,"_jetpack_newsletter_access":"","_jetpack_dont_email_post_to_subs":false,"_jetpack_newsletter_tier_id":0,"_jetpack_memberships_contains_paywalled_content":false,"_jetpack_memberships_contains_paid_content":false,"footnotes":"","jetpack_publicize_message":"","jetpack_publicize_feature_enabled":true,"jetpack_social_post_already_shared":false,"jetpack_social_options":{"image_generator_settings":{"template":"highway","enabled":false},"version":2}},"categories":[1],"tags":[15,36],"class_list":["post-1633","post","type-post","status-publish","format-standard","has-post-thumbnail","hentry","category-la-piedad","tag-la-piedad","tag-principales"],"jetpack_publicize_connections":[],"jetpack_sharing_enabled":true,"featured_image_urls":{"full":["http:\/\/tvalaire.com\/wp-content\/uploads\/2017\/05\/CREAR\u00c1N-EN-LA-PIEDAD-ENLACE-REGIONAL-CON-EL-CENTRO-DE-JUSTICIA-PARA-LAS-MUJERES-EN-MICHOAC\u00c1N.jpg",1100,733,false],"thumbnail":["http:\/\/tvalaire.com\/wp-content\/uploads\/2017\/05\/CREAR\u00c1N-EN-LA-PIEDAD-ENLACE-REGIONAL-CON-EL-CENTRO-DE-JUSTICIA-PARA-LAS-MUJERES-EN-MICHOAC\u00c1N-150x150.jpg",150,150,true],"medium":["http:\/\/tvalaire.com\/wp-content\/uploads\/2017\/05\/CREAR\u00c1N-EN-LA-PIEDAD-ENLACE-REGIONAL-CON-EL-CENTRO-DE-JUSTICIA-PARA-LAS-MUJERES-EN-MICHOAC\u00c1N-300x200.jpg",300,200,true],"medium_large":["http:\/\/tvalaire.com\/wp-content\/uploads\/2017\/05\/CREAR\u00c1N-EN-LA-PIEDAD-ENLACE-REGIONAL-CON-EL-CENTRO-DE-JUSTICIA-PARA-LAS-MUJERES-EN-MICHOAC\u00c1N-768x512.jpg",640,427,true],"large":["http:\/\/tvalaire.com\/wp-content\/uploads\/2017\/05\/CREAR\u00c1N-EN-LA-PIEDAD-ENLACE-REGIONAL-CON-EL-CENTRO-DE-JUSTICIA-PARA-LAS-MUJERES-EN-MICHOAC\u00c1N-1024x682.jpg",640,426,true],"post-slider-thumb-size":["http:\/\/tvalaire.com\/wp-content\/uploads\/2017\/05\/CREAR\u00c1N-EN-LA-PIEDAD-ENLACE-REGIONAL-CON-EL-CENTRO-DE-JUSTICIA-PARA-LAS-MUJERES-EN-MICHOAC\u00c1N.jpg",285,190,false],"post-category-slider-size":["http:\/\/tvalaire.com\/wp-content\/uploads\/2017\/05\/CREAR\u00c1N-EN-LA-PIEDAD-ENLACE-REGIONAL-CON-EL-CENTRO-DE-JUSTICIA-PARA-LAS-MUJERES-EN-MICHOAC\u00c1N.jpg",330,220,false],"1536x1536":["http:\/\/tvalaire.com\/wp-content\/uploads\/2017\/05\/CREAR\u00c1N-EN-LA-PIEDAD-ENLACE-REGIONAL-CON-EL-CENTRO-DE-JUSTICIA-PARA-LAS-MUJERES-EN-MICHOAC\u00c1N.jpg",1100,733,false],"2048x2048":["http:\/\/tvalaire.com\/wp-content\/uploads\/2017\/05\/CREAR\u00c1N-EN-LA-PIEDAD-ENLACE-REGIONAL-CON-EL-CENTRO-DE-JUSTICIA-PARA-LAS-MUJERES-EN-MICHOAC\u00c1N.jpg",1100,733,false],"newsium-slider-full":["http:\/\/tvalaire.com\/wp-content\/uploads\/2017\/05\/CREAR\u00c1N-EN-LA-PIEDAD-ENLACE-REGIONAL-CON-EL-CENTRO-DE-JUSTICIA-PARA-LAS-MUJERES-EN-MICHOAC\u00c1N.jpg",1100,733,false],"newsium-featured":["http:\/\/tvalaire.com\/wp-content\/uploads\/2017\/05\/CREAR\u00c1N-EN-LA-PIEDAD-ENLACE-REGIONAL-CON-EL-CENTRO-DE-JUSTICIA-PARA-LAS-MUJERES-EN-MICHOAC\u00c1N.jpg",1024,682,false],"newsium-medium":["http:\/\/tvalaire.com\/wp-content\/uploads\/2017\/05\/CREAR\u00c1N-EN-LA-PIEDAD-ENLACE-REGIONAL-CON-EL-CENTRO-DE-JUSTICIA-PARA-LAS-MUJERES-EN-MICHOAC\u00c1N.jpg",713,475,false]},"author_info":{"info":["tvalairenoti"]},"category_info":"<a href=\"http:\/\/tvalaire.com\/?cat=1\" rel=\"category\">La Piedad<\/a>","tag_info":"La Piedad","comment_count":"0","jetpack_featured_media_url":"http:\/\/tvalaire.com\/wp-content\/uploads\/2017\/05\/CREAR\u00c1N-EN-LA-PIEDAD-ENLACE-REGIONAL-CON-EL-CENTRO-DE-JUSTICIA-PARA-LAS-MUJERES-EN-MICHOAC\u00c1N.jpg","_links":{"self":[{"href":"http:\/\/tvalaire.com\/index.php?rest_route=\/wp\/v2\/posts\/1633"}],"collection":[{"href":"http:\/\/tvalaire.com\/index.php?rest_route=\/wp\/v2\/posts"}],"about":[{"href":"http:\/\/tvalaire.com\/index.php?rest_route=\/wp\/v2\/types\/post"}],"author":[{"embeddable":true,"href":"http:\/\/tvalaire.com\/index.php?rest_route=\/wp\/v2\/users\/1"}],"replies":[{"embeddable":true,"href":"http:\/\/tvalaire.com\/index.php?rest_route=%2Fwp%2Fv2%2Fcomments&post=1633"}],"version-history":[{"count":1,"href":"http:\/\/tvalaire.com\/index.php?rest_route=\/wp\/v2\/posts\/1633\/revisions"}],"predecessor-version":[{"id":1634,"href":"http:\/\/tvalaire.com\/index.php?rest_route=\/wp\/v2\/posts\/1633\/revisions\/1634"}],"wp:featuredmedia":[{"embeddable":true,"href":"http:\/\/tvalaire.com\/index.php?rest_route=\/wp\/v2\/media\/1630"}],"wp:attachment":[{"href":"http:\/\/tvalaire.com\/index.php?rest_route=%2Fwp%2Fv2%2Fmedia&parent=1633"}],"wp:term":[{"taxonomy":"category","embeddable":true,"href":"http:\/\/tvalaire.com\/index.php?rest_route=%2Fwp%2Fv2%2Fcategories&post=1633"},{"taxonomy":"post_tag","embeddable":true,"href":"http:\/\/tvalaire.com\/index.php?rest_route=%2Fwp%2Fv2%2Ftags&post=1633"}],"curies":[{"name":"wp","href":"https:\/\/api.w.org\/{rel}","templated":true}]}}