{"id":1629,"date":"2017-05-16T09:41:59","date_gmt":"2017-05-16T14:41:59","guid":{"rendered":"http:\/\/tvalaire.com\/?p=1629"},"modified":"2017-05-16T09:41:59","modified_gmt":"2017-05-16T14:41:59","slug":"en-la-piedad-se-aplicaran-13-9-mdp-del-programa-fondo-iii","status":"publish","type":"post","link":"http:\/\/tvalaire.com\/?p=1629","title":{"rendered":"EN LA PIEDAD SE APLICAR\u00c1N 13.9 MDP DEL PROGRAMA FONDO III"},"content":{"rendered":"<p class=\"xmsonormal\" style=\"text-align: center; background: white;\" align=\"center\"><span style=\"font-size: 10.0pt; font-family: 'Arial','sans-serif'; color: #212121;\">\u00a0<\/span><\/p>\n<p class=\"xmsonormal\" style=\"text-align: justify; background: white; font-variant-ligatures: normal; font-variant-caps: normal; orphans: 2; widows: 2; -webkit-text-stroke-width: 0px; text-decoration-style: initial; text-decoration-color: initial; word-spacing: 0px;\"><span style=\"font-size: 10.0pt; font-family: 'Arial','sans-serif'; color: #212121;\">Con un beneficio directo para un gran n\u00famero de habitantes de las colonias y comunidades que registran un mayor rezago social, integrantes del Cabildo aprobaron por mayor\u00eda de votos, el Programa Operativo Anual 2017 correspondientes al Fondo III, que incluye un total de 40 obras por un monto de 13 millones 911 mil 739 pesos.<\/span><\/p>\n<p class=\"xmsonormal\" style=\"text-align: justify; background: white;\"><span style=\"font-size: 10.0pt; font-family: 'Arial','sans-serif'; color: #212121;\">La solicitud para la autorizaci\u00f3n de la tercera modificaci\u00f3n al Programa de Obra 2017 fue hecha por el Alcalde Juan Manuel Estrada Medina a trav\u00e9s del director de Obras P\u00fablicas, ante el Cabildo, en donde este \u00faltimo inform\u00f3 que previamente se hab\u00eda autorizado el monto, sin determinar el tipo de obras que en esta ocasi\u00f3n detall\u00f3.<\/span><\/p>\n<p class=\"xmsonormal\" style=\"text-align: justify; background: white;\"><span style=\"font-size: 10.0pt; font-family: 'Arial','sans-serif'; color: #212121;\">Las cuales fueron integradas en el programa, en base a las solicitudes que la misma ciudadan\u00eda plantea al Gobierno Municipal y que se canalizan al banco de obras solicitadas en calidad de pendientes, con las que el Instituto de Planeaci\u00f3n trabaja en la integraci\u00f3n de expedientes para programarlas.<\/span><\/p>\n<p class=\"xmsonormal\" style=\"text-align: justify; background: white;\"><span style=\"font-size: 10.0pt; font-family: 'Arial','sans-serif'; color: #212121;\">Explic\u00f3 a su vez que los montos que se destinaron para drenajes, pavimentaciones, agua potable y alumbrados p\u00fablicos, se da de acuerdo a los lineamientos que establecen las reglas de operaci\u00f3n del Programa Fondo III y que en el caso de pavimentaciones por ejemplo, contempla que la cantidad de recursos aplicada para este rubro, debe ser menor al 15% del total del recurso asignado para este municipio.<\/span><\/p>\n<p class=\"xmsonormal\" style=\"text-align: justify; background: white;\"><span style=\"font-size: 10.0pt; font-family: 'Arial','sans-serif'; color: #212121;\">Del total de las obras, se construir\u00e1n 19 drenajes sanitarios en diversas colonias y comunidades rurales; se instalar\u00e1n 8 electrificaciones; levantar\u00e1n 3 muros en instituciones educativas p\u00fablicas como son: Jard\u00edn de Ni\u00f1os Jos\u00e9 Vasconcelos en la segunda etapa; otro en el Telebachillerato de El Algodonal y uno m\u00e1s en la escuela Secundaria Federal No. 2. Adem\u00e1s de construir una aula y un cerco perimetral en la primaria \u201cRicardo Flores Mag\u00f3n\u201d.<\/span><\/p>\n<p class=\"xmsonormal\" style=\"text-align: justify; background: white;\"><span style=\"font-size: 10.0pt; font-family: 'Arial','sans-serif'; color: #212121;\">Se introducir\u00e1 la ampliaci\u00f3n de la red de agua potable en las calles Ni\u00f1os H\u00e9roes y L\u00e1zaro C\u00e1rdenas, as\u00ed como la construcci\u00f3n de la red de distribuci\u00f3n de agua potable en la calle L\u00e1zaro C\u00e1rdenas. Dos alumbrados p\u00fablicos, uno en el camino de R\u00edo Grande a Guanajuatillo y otro de El Calabocito-Cuitzillo, ambos con luminarias tipo Led.<\/span><\/p>\n<p class=\"xmsonormal\" style=\"text-align: justify; background: white;\"><span style=\"font-size: 10.0pt; font-family: 'Arial','sans-serif'; color: #212121;\">Se construir\u00e1n unos sanitarios en la cancha de f\u00fatbol de la comunidad de Paredones, un techado en el patio c\u00edvico de la escuela primaria Melchor Ocampo de la comunidad de El Algodonal, la pavimentaci\u00f3n en concreto hidr\u00e1ulico de la calle \u00c1lvaro Obreg\u00f3n y en la calle Reforma entre Igualdad y Reforma Agraria, as\u00ed como la construcci\u00f3n de la Biblioteca P\u00fablica en El Algodonal.<\/span><\/p>\n<p class=\"xmsonormal\" style=\"text-align: justify; background: white; font-variant-ligatures: normal; font-variant-caps: normal; orphans: 2; widows: 2; -webkit-text-stroke-width: 0px; text-decoration-style: initial; text-decoration-color: initial; word-spacing: 0px;\"><span style=\"font-size: 10.0pt; font-family: 'Arial','sans-serif'; color: #212121;\">El tomar en cuenta las obras con base a las peticiones que hacen llegar los ciudadanos, fue un punto aplaudido, tras considerar que era una forma equitativa de incluir las obras con base a las carencias y exposiciones planteadas por los habitantes.<\/span><\/p>\n<p class=\"xmsonormal\" style=\"text-align: justify; background: white;\"><span style=\"font-size: 10.0pt; font-family: 'Arial','sans-serif'; color: #212121;\">Y cuestionado sobre el por qu\u00e9 se hab\u00eda destinado una buena cantidad de recursos este a\u00f1o para El Algodonal, el director de Obras P\u00fablicas justific\u00f3 este hecho en el sentido de que es una de las comunidades que da servicios a estudiantes provenientes de otras rancher\u00edas como Paredones y El Pandillo etc., por su asistencia al Telebachillerato y a que adem\u00e1s, la comunidad entreg\u00f3 en donaci\u00f3n al Ayuntamiento, un terreno para la construcci\u00f3n de la Biblioteca, toda vez que la que existe se encuentra en p\u00e9simas condiciones y no se puede recuperar ni los libros puesto que est\u00e1n infectados y en mal estado por la humedad, adem\u00e1s de que cuentan con el compromiso del Coordinador de Bibliotecas, David Ram\u00edrez para equipar el nuevo espacio si este se constru\u00eda.<\/span><\/p>\n<p class=\"xmsonormal\" style=\"text-align: justify; background: white;\"><span style=\"font-size: 10.0pt; font-family: 'Arial','sans-serif'; color: #212121;\">La propuesta fue aprobada por mayor\u00eda de votos, cero negativas y una abstenci\u00f3n de parte de Ulises No\u00e9 Caratachea.<\/span><\/p>\n","protected":false},"excerpt":{"rendered":"<p>\u00a0 Con un beneficio directo para un gran n\u00famero de habitantes de las colonias y&#8230;<\/p>\n","protected":false},"author":1,"featured_media":1631,"comment_status":"open","ping_status":"open","sticky":false,"template":"","format":"standard","meta":{"jetpack_post_was_ever_published":false,"_jetpack_newsletter_access":"","_jetpack_dont_email_post_to_subs":false,"_jetpack_newsletter_tier_id":0,"_jetpack_memberships_contains_paywalled_content":false,"_jetpack_memberships_contains_paid_content":false,"footnotes":"","jetpack_publicize_message":"","jetpack_publicize_feature_enabled":true,"jetpack_social_post_already_shared":false,"jetpack_social_options":{"image_generator_settings":{"template":"highway","enabled":false},"version":2}},"categories":[1],"tags":[15,36],"class_list":["post-1629","post","type-post","status-publish","format-standard","has-post-thumbnail","hentry","category-la-piedad","tag-la-piedad","tag-principales"],"jetpack_publicize_connections":[],"jetpack_sharing_enabled":true,"featured_image_urls":{"full":["http:\/\/tvalaire.com\/wp-content\/uploads\/2017\/05\/EN-LA-PIEDAD-SE-APLICAR\u00c1N-13.9-MDP-DEL-PROGRAMA-FONDO-III.jpg",1024,684,false],"thumbnail":["http:\/\/tvalaire.com\/wp-content\/uploads\/2017\/05\/EN-LA-PIEDAD-SE-APLICAR\u00c1N-13.9-MDP-DEL-PROGRAMA-FONDO-III-150x150.jpg",150,150,true],"medium":["http:\/\/tvalaire.com\/wp-content\/uploads\/2017\/05\/EN-LA-PIEDAD-SE-APLICAR\u00c1N-13.9-MDP-DEL-PROGRAMA-FONDO-III-300x200.jpg",300,200,true],"medium_large":["http:\/\/tvalaire.com\/wp-content\/uploads\/2017\/05\/EN-LA-PIEDAD-SE-APLICAR\u00c1N-13.9-MDP-DEL-PROGRAMA-FONDO-III-768x513.jpg",640,428,true],"large":["http:\/\/tvalaire.com\/wp-content\/uploads\/2017\/05\/EN-LA-PIEDAD-SE-APLICAR\u00c1N-13.9-MDP-DEL-PROGRAMA-FONDO-III-1024x684.jpg",640,428,true],"post-slider-thumb-size":["http:\/\/tvalaire.com\/wp-content\/uploads\/2017\/05\/EN-LA-PIEDAD-SE-APLICAR\u00c1N-13.9-MDP-DEL-PROGRAMA-FONDO-III.jpg",284,190,false],"post-category-slider-size":["http:\/\/tvalaire.com\/wp-content\/uploads\/2017\/05\/EN-LA-PIEDAD-SE-APLICAR\u00c1N-13.9-MDP-DEL-PROGRAMA-FONDO-III.jpg",330,220,false],"1536x1536":["http:\/\/tvalaire.com\/wp-content\/uploads\/2017\/05\/EN-LA-PIEDAD-SE-APLICAR\u00c1N-13.9-MDP-DEL-PROGRAMA-FONDO-III.jpg",1024,684,false],"2048x2048":["http:\/\/tvalaire.com\/wp-content\/uploads\/2017\/05\/EN-LA-PIEDAD-SE-APLICAR\u00c1N-13.9-MDP-DEL-PROGRAMA-FONDO-III.jpg",1024,684,false],"newsium-slider-full":["http:\/\/tvalaire.com\/wp-content\/uploads\/2017\/05\/EN-LA-PIEDAD-SE-APLICAR\u00c1N-13.9-MDP-DEL-PROGRAMA-FONDO-III.jpg",1024,684,false],"newsium-featured":["http:\/\/tvalaire.com\/wp-content\/uploads\/2017\/05\/EN-LA-PIEDAD-SE-APLICAR\u00c1N-13.9-MDP-DEL-PROGRAMA-FONDO-III.jpg",1024,684,false],"newsium-medium":["http:\/\/tvalaire.com\/wp-content\/uploads\/2017\/05\/EN-LA-PIEDAD-SE-APLICAR\u00c1N-13.9-MDP-DEL-PROGRAMA-FONDO-III.jpg",711,475,false]},"author_info":{"info":["tvalairenoti"]},"category_info":"<a href=\"http:\/\/tvalaire.com\/?cat=1\" rel=\"category\">La Piedad<\/a>","tag_info":"La Piedad","comment_count":"0","jetpack_featured_media_url":"http:\/\/tvalaire.com\/wp-content\/uploads\/2017\/05\/EN-LA-PIEDAD-SE-APLICAR\u00c1N-13.9-MDP-DEL-PROGRAMA-FONDO-III.jpg","_links":{"self":[{"href":"http:\/\/tvalaire.com\/index.php?rest_route=\/wp\/v2\/posts\/1629"}],"collection":[{"href":"http:\/\/tvalaire.com\/index.php?rest_route=\/wp\/v2\/posts"}],"about":[{"href":"http:\/\/tvalaire.com\/index.php?rest_route=\/wp\/v2\/types\/post"}],"author":[{"embeddable":true,"href":"http:\/\/tvalaire.com\/index.php?rest_route=\/wp\/v2\/users\/1"}],"replies":[{"embeddable":true,"href":"http:\/\/tvalaire.com\/index.php?rest_route=%2Fwp%2Fv2%2Fcomments&post=1629"}],"version-history":[{"count":1,"href":"http:\/\/tvalaire.com\/index.php?rest_route=\/wp\/v2\/posts\/1629\/revisions"}],"predecessor-version":[{"id":1632,"href":"http:\/\/tvalaire.com\/index.php?rest_route=\/wp\/v2\/posts\/1629\/revisions\/1632"}],"wp:featuredmedia":[{"embeddable":true,"href":"http:\/\/tvalaire.com\/index.php?rest_route=\/wp\/v2\/media\/1631"}],"wp:attachment":[{"href":"http:\/\/tvalaire.com\/index.php?rest_route=%2Fwp%2Fv2%2Fmedia&parent=1629"}],"wp:term":[{"taxonomy":"category","embeddable":true,"href":"http:\/\/tvalaire.com\/index.php?rest_route=%2Fwp%2Fv2%2Fcategories&post=1629"},{"taxonomy":"post_tag","embeddable":true,"href":"http:\/\/tvalaire.com\/index.php?rest_route=%2Fwp%2Fv2%2Ftags&post=1629"}],"curies":[{"name":"wp","href":"https:\/\/api.w.org\/{rel}","templated":true}]}}