{"id":1620,"date":"2017-05-15T09:34:06","date_gmt":"2017-05-15T14:34:06","guid":{"rendered":"http:\/\/tvalaire.com\/?p=1620"},"modified":"2017-05-15T09:34:06","modified_gmt":"2017-05-15T14:34:06","slug":"listo-2-festival-gastronomico-de-la-cerveza-artesanal-en-la-piedad","status":"publish","type":"post","link":"http:\/\/tvalaire.com\/?p=1620","title":{"rendered":"LISTO 2\u00b0 FESTIVAL GASTRON\u00d3MICO DE LA CERVEZA ARTESANAL EN LA PIEDAD"},"content":{"rendered":"<p>Con el objetivo de contribuir al fortalecimiento de la peque\u00f1a industria del pa\u00eds y la regi\u00f3n en la elaboraci\u00f3n artesanal de la cerveza, la Coordinaci\u00f3n de Turismo, informa que ya se tiene lista la fecha para el Segundo Festival Cultural Gastron\u00f3mico de la Cerveza de La Piedad 2017.<\/p>\n<p>Con m\u00e1s de 20 expositores creadores de su propio producto cervecero los d\u00edas 2, 3 y 4 del mes de junio se tienen programados para la realizaci\u00f3n del evento en el jard\u00edn \u201cL\u00e1zaro C\u00e1rdenas\u201d conocido tambi\u00e9n como\u00a0<em>La Placa.<\/em><\/p>\n<p>Con informaci\u00f3n proporciona por la Coordinadora de la dependencia antes referida en esta edici\u00f3n el evento contar\u00e1 con \u00e1reas para los expositores de la localidad, nacionales e internacionales que ofrecer\u00e1n sus productos y servicios, un pabell\u00f3n gastron\u00f3mico para la degustaci\u00f3n de platillos t\u00edpicos de la localidad, regionales y mundiales.<\/p>\n<p>As\u00ed como tambi\u00e9n un \u00e1rea infantil en la que los ni\u00f1os podr\u00e1n disfrutar de las diversas actividades y ser cuidados por personal de confianza, de igual manera se tendr\u00e1 un escenario principal en el que se ofrecer\u00e1 la presentaci\u00f3n de variedad de artistas y g\u00e9neros musicales.<\/p>\n<p>Cabe destacar que es un evento completamente familiar en el que las autoridades han previsto la participaci\u00f3n de las dependencias de Seguridad P\u00fablica, Tr\u00e1nsito Municipal y la corporaci\u00f3n de auxilio de Protecci\u00f3n Civil, todo a fin de estar pendientes de cada uno de los visitantes.<\/p>\n<p>Para esta ocasi\u00f3n se ha dispuesto que la entrada al evento sea sin costo alguno para los asistentes y as\u00ed poder tener m\u00e1s afluencia, con lo que se busca se pueda tener visitantes de la regi\u00f3n y de otros estados aleda\u00f1os al municipio.<\/p>\n<p>&nbsp;<\/p>\n","protected":false},"excerpt":{"rendered":"<p>Con el objetivo de contribuir al fortalecimiento de la peque\u00f1a industria del pa\u00eds y la&#8230;<\/p>\n","protected":false},"author":1,"featured_media":1616,"comment_status":"open","ping_status":"open","sticky":false,"template":"","format":"standard","meta":{"jetpack_post_was_ever_published":false,"_jetpack_newsletter_access":"","_jetpack_dont_email_post_to_subs":false,"_jetpack_newsletter_tier_id":0,"_jetpack_memberships_contains_paywalled_content":false,"_jetpack_memberships_contains_paid_content":false,"footnotes":"","jetpack_publicize_message":"","jetpack_publicize_feature_enabled":true,"jetpack_social_post_already_shared":false,"jetpack_social_options":{"image_generator_settings":{"template":"highway","enabled":false},"version":2}},"categories":[1],"tags":[15,36],"class_list":["post-1620","post","type-post","status-publish","format-standard","has-post-thumbnail","hentry","category-la-piedad","tag-la-piedad","tag-principales"],"jetpack_publicize_connections":[],"jetpack_sharing_enabled":true,"featured_image_urls":{"full":["http:\/\/tvalaire.com\/wp-content\/uploads\/2017\/05\/LISTO-2\u00b0-FESTIVAL-GASTRON\u00d3MICO-DE-LA-CERVEZA-ARTESANAL-EN-LA-PIEDAD.jpg",1024,684,false],"thumbnail":["http:\/\/tvalaire.com\/wp-content\/uploads\/2017\/05\/LISTO-2\u00b0-FESTIVAL-GASTRON\u00d3MICO-DE-LA-CERVEZA-ARTESANAL-EN-LA-PIEDAD-150x150.jpg",150,150,true],"medium":["http:\/\/tvalaire.com\/wp-content\/uploads\/2017\/05\/LISTO-2\u00b0-FESTIVAL-GASTRON\u00d3MICO-DE-LA-CERVEZA-ARTESANAL-EN-LA-PIEDAD-300x200.jpg",300,200,true],"medium_large":["http:\/\/tvalaire.com\/wp-content\/uploads\/2017\/05\/LISTO-2\u00b0-FESTIVAL-GASTRON\u00d3MICO-DE-LA-CERVEZA-ARTESANAL-EN-LA-PIEDAD-768x513.jpg",640,428,true],"large":["http:\/\/tvalaire.com\/wp-content\/uploads\/2017\/05\/LISTO-2\u00b0-FESTIVAL-GASTRON\u00d3MICO-DE-LA-CERVEZA-ARTESANAL-EN-LA-PIEDAD-1024x684.jpg",640,428,true],"post-slider-thumb-size":["http:\/\/tvalaire.com\/wp-content\/uploads\/2017\/05\/LISTO-2\u00b0-FESTIVAL-GASTRON\u00d3MICO-DE-LA-CERVEZA-ARTESANAL-EN-LA-PIEDAD.jpg",284,190,false],"post-category-slider-size":["http:\/\/tvalaire.com\/wp-content\/uploads\/2017\/05\/LISTO-2\u00b0-FESTIVAL-GASTRON\u00d3MICO-DE-LA-CERVEZA-ARTESANAL-EN-LA-PIEDAD.jpg",330,220,false],"1536x1536":["http:\/\/tvalaire.com\/wp-content\/uploads\/2017\/05\/LISTO-2\u00b0-FESTIVAL-GASTRON\u00d3MICO-DE-LA-CERVEZA-ARTESANAL-EN-LA-PIEDAD.jpg",1024,684,false],"2048x2048":["http:\/\/tvalaire.com\/wp-content\/uploads\/2017\/05\/LISTO-2\u00b0-FESTIVAL-GASTRON\u00d3MICO-DE-LA-CERVEZA-ARTESANAL-EN-LA-PIEDAD.jpg",1024,684,false],"newsium-slider-full":["http:\/\/tvalaire.com\/wp-content\/uploads\/2017\/05\/LISTO-2\u00b0-FESTIVAL-GASTRON\u00d3MICO-DE-LA-CERVEZA-ARTESANAL-EN-LA-PIEDAD.jpg",1024,684,false],"newsium-featured":["http:\/\/tvalaire.com\/wp-content\/uploads\/2017\/05\/LISTO-2\u00b0-FESTIVAL-GASTRON\u00d3MICO-DE-LA-CERVEZA-ARTESANAL-EN-LA-PIEDAD.jpg",1024,684,false],"newsium-medium":["http:\/\/tvalaire.com\/wp-content\/uploads\/2017\/05\/LISTO-2\u00b0-FESTIVAL-GASTRON\u00d3MICO-DE-LA-CERVEZA-ARTESANAL-EN-LA-PIEDAD.jpg",711,475,false]},"author_info":{"info":["tvalairenoti"]},"category_info":"<a href=\"http:\/\/tvalaire.com\/?cat=1\" rel=\"category\">La Piedad<\/a>","tag_info":"La Piedad","comment_count":"0","jetpack_featured_media_url":"http:\/\/tvalaire.com\/wp-content\/uploads\/2017\/05\/LISTO-2\u00b0-FESTIVAL-GASTRON\u00d3MICO-DE-LA-CERVEZA-ARTESANAL-EN-LA-PIEDAD.jpg","_links":{"self":[{"href":"http:\/\/tvalaire.com\/index.php?rest_route=\/wp\/v2\/posts\/1620"}],"collection":[{"href":"http:\/\/tvalaire.com\/index.php?rest_route=\/wp\/v2\/posts"}],"about":[{"href":"http:\/\/tvalaire.com\/index.php?rest_route=\/wp\/v2\/types\/post"}],"author":[{"embeddable":true,"href":"http:\/\/tvalaire.com\/index.php?rest_route=\/wp\/v2\/users\/1"}],"replies":[{"embeddable":true,"href":"http:\/\/tvalaire.com\/index.php?rest_route=%2Fwp%2Fv2%2Fcomments&post=1620"}],"version-history":[{"count":1,"href":"http:\/\/tvalaire.com\/index.php?rest_route=\/wp\/v2\/posts\/1620\/revisions"}],"predecessor-version":[{"id":1621,"href":"http:\/\/tvalaire.com\/index.php?rest_route=\/wp\/v2\/posts\/1620\/revisions\/1621"}],"wp:featuredmedia":[{"embeddable":true,"href":"http:\/\/tvalaire.com\/index.php?rest_route=\/wp\/v2\/media\/1616"}],"wp:attachment":[{"href":"http:\/\/tvalaire.com\/index.php?rest_route=%2Fwp%2Fv2%2Fmedia&parent=1620"}],"wp:term":[{"taxonomy":"category","embeddable":true,"href":"http:\/\/tvalaire.com\/index.php?rest_route=%2Fwp%2Fv2%2Fcategories&post=1620"},{"taxonomy":"post_tag","embeddable":true,"href":"http:\/\/tvalaire.com\/index.php?rest_route=%2Fwp%2Fv2%2Ftags&post=1620"}],"curies":[{"name":"wp","href":"https:\/\/api.w.org\/{rel}","templated":true}]}}