{"id":1599,"date":"2017-05-12T09:40:07","date_gmt":"2017-05-12T14:40:07","guid":{"rendered":"http:\/\/tvalaire.com\/?p=1599"},"modified":"2017-05-12T09:40:07","modified_gmt":"2017-05-12T14:40:07","slug":"se-hacen-acciones-de-reforestacion-en-la-avenida-casto-saldana","status":"publish","type":"post","link":"http:\/\/tvalaire.com\/?p=1599","title":{"rendered":"SE HACEN ACCIONES DE REFORESTACI\u00d3N EN LA AVENIDA CASTO SALDA\u00d1A"},"content":{"rendered":"<p class=\"xmsonormal\" style=\"text-align: center; background: white;\" align=\"center\">\n<p class=\"xmsonormal\" style=\"background: white; font-variant-ligatures: normal; font-variant-caps: normal; orphans: 2; text-align: start; widows: 2; -webkit-text-stroke-width: 0px; text-decoration-style: initial; text-decoration-color: initial; word-spacing: 0px;\"><b><span style=\"font-size: 10.0pt; font-family: 'Arial','sans-serif'; color: #212121;\">\u00a0<\/span><\/b><span style=\"font-size: 10.0pt; font-family: 'Arial','sans-serif'; color: #212121;\">Como parte de los trabajos de rescate, embellecimiento y mejoramiento de las \u00e1reas verdes en la ciudad, el Gobierno Municipal de La Piedad a trav\u00e9s de la direcci\u00f3n de Servicios P\u00fablicos y la Coordinaci\u00f3n de Ecolog\u00eda, llev\u00f3 a cabo un programa de plantaci\u00f3n de palmas abanico sobre la avenida Casto Salda\u00f1a.<\/span><\/p>\n<p class=\"xmsonormal\" style=\"text-align: justify; background: white;\"><span style=\"font-size: 10.0pt; font-family: 'Arial','sans-serif'; color: #212121;\">La actual administraci\u00f3n a trav\u00e9s de la direcci\u00f3n de Servicios P\u00fablicos llev\u00f3 a cabo las acciones en las que se plantaron un total de 60 palmas en toda la avenida, el objetivo es poder recuperar los lugares y fortalecer as\u00ed mismo la ecolog\u00eda del municipio.<\/span><\/p>\n<p class=\"xmsonormal\" style=\"text-align: justify; background: white;\"><span style=\"font-size: 10.0pt; font-family: 'Arial','sans-serif'; color: #212121;\">Al respecto, el director de la dependencia antes mencionada, dijo que los trabajos no se quedar\u00e1n hasta aqu\u00ed, ya que el personal del \u00e1rea de Parques y Jardines, mantendr\u00e1 especial cuidado sobre las plantas, mediante el riego constante, fertilizaci\u00f3n de la planta para vigilar que logren desarrollarse bien y el mantenimiento adecuado.<\/span><\/p>\n<p class=\"xmsonormal\" style=\"text-align: justify; background: white;\"><span style=\"font-size: 10.0pt; font-family: 'Arial','sans-serif'; color: #212121;\">La colocaci\u00f3n de las palmas, forman parte del programa de mejoramiento de camellones mediante la plantaci\u00f3n de arbolitos que puedan desarrollarse y lograr su buena adaptaci\u00f3n al suelo, para que en la temporada de lluvias logren el crecimiento adecuado.<\/span><\/p>\n<p class=\"xmsonormal\" style=\"text-align: justify; background: white;\"><span style=\"font-size: 10.0pt; font-family: 'Arial','sans-serif'; color: #212121;\">Los trabajos de rehabilitaci\u00f3n de camellones y \u00e1reas verdes, forman parte de la estrategia municipal para mejorar el entorno social de este y otros sectores en la poblaci\u00f3n, as\u00ed como de reforzar y promover el cuidado del medio ambiente.<\/span><\/p>\n","protected":false},"excerpt":{"rendered":"<p>\u00a0Como parte de los trabajos de rescate, embellecimiento y mejoramiento de las \u00e1reas verdes en&#8230;<\/p>\n","protected":false},"author":1,"featured_media":1596,"comment_status":"open","ping_status":"open","sticky":false,"template":"","format":"standard","meta":{"jetpack_post_was_ever_published":false,"_jetpack_newsletter_access":"","_jetpack_dont_email_post_to_subs":false,"_jetpack_newsletter_tier_id":0,"_jetpack_memberships_contains_paywalled_content":false,"_jetpack_memberships_contains_paid_content":false,"footnotes":"","jetpack_publicize_message":"","jetpack_publicize_feature_enabled":true,"jetpack_social_post_already_shared":false,"jetpack_social_options":{"image_generator_settings":{"template":"highway","enabled":false},"version":2}},"categories":[1],"tags":[15,36],"class_list":["post-1599","post","type-post","status-publish","format-standard","has-post-thumbnail","hentry","category-la-piedad","tag-la-piedad","tag-principales"],"jetpack_publicize_connections":[],"jetpack_sharing_enabled":true,"featured_image_urls":{"full":["http:\/\/tvalaire.com\/wp-content\/uploads\/2017\/05\/SE-HACEN-ACCIONES-DE-REFORESTACI\u00d3N-EN-LA-AVENIDA-CASTO-SALDA\u00d1A2.jpg",1024,813,false],"thumbnail":["http:\/\/tvalaire.com\/wp-content\/uploads\/2017\/05\/SE-HACEN-ACCIONES-DE-REFORESTACI\u00d3N-EN-LA-AVENIDA-CASTO-SALDA\u00d1A2-150x150.jpg",150,150,true],"medium":["http:\/\/tvalaire.com\/wp-content\/uploads\/2017\/05\/SE-HACEN-ACCIONES-DE-REFORESTACI\u00d3N-EN-LA-AVENIDA-CASTO-SALDA\u00d1A2-300x238.jpg",300,238,true],"medium_large":["http:\/\/tvalaire.com\/wp-content\/uploads\/2017\/05\/SE-HACEN-ACCIONES-DE-REFORESTACI\u00d3N-EN-LA-AVENIDA-CASTO-SALDA\u00d1A2-768x610.jpg",640,508,true],"large":["http:\/\/tvalaire.com\/wp-content\/uploads\/2017\/05\/SE-HACEN-ACCIONES-DE-REFORESTACI\u00d3N-EN-LA-AVENIDA-CASTO-SALDA\u00d1A2-1024x813.jpg",640,508,true],"post-slider-thumb-size":["http:\/\/tvalaire.com\/wp-content\/uploads\/2017\/05\/SE-HACEN-ACCIONES-DE-REFORESTACI\u00d3N-EN-LA-AVENIDA-CASTO-SALDA\u00d1A2.jpg",239,190,false],"post-category-slider-size":["http:\/\/tvalaire.com\/wp-content\/uploads\/2017\/05\/SE-HACEN-ACCIONES-DE-REFORESTACI\u00d3N-EN-LA-AVENIDA-CASTO-SALDA\u00d1A2.jpg",330,262,false],"1536x1536":["http:\/\/tvalaire.com\/wp-content\/uploads\/2017\/05\/SE-HACEN-ACCIONES-DE-REFORESTACI\u00d3N-EN-LA-AVENIDA-CASTO-SALDA\u00d1A2.jpg",1024,813,false],"2048x2048":["http:\/\/tvalaire.com\/wp-content\/uploads\/2017\/05\/SE-HACEN-ACCIONES-DE-REFORESTACI\u00d3N-EN-LA-AVENIDA-CASTO-SALDA\u00d1A2.jpg",1024,813,false],"newsium-slider-full":["http:\/\/tvalaire.com\/wp-content\/uploads\/2017\/05\/SE-HACEN-ACCIONES-DE-REFORESTACI\u00d3N-EN-LA-AVENIDA-CASTO-SALDA\u00d1A2.jpg",1024,813,false],"newsium-featured":["http:\/\/tvalaire.com\/wp-content\/uploads\/2017\/05\/SE-HACEN-ACCIONES-DE-REFORESTACI\u00d3N-EN-LA-AVENIDA-CASTO-SALDA\u00d1A2.jpg",1024,813,false],"newsium-medium":["http:\/\/tvalaire.com\/wp-content\/uploads\/2017\/05\/SE-HACEN-ACCIONES-DE-REFORESTACI\u00d3N-EN-LA-AVENIDA-CASTO-SALDA\u00d1A2.jpg",598,475,false]},"author_info":{"info":["tvalairenoti"]},"category_info":"<a href=\"http:\/\/tvalaire.com\/?cat=1\" rel=\"category\">La Piedad<\/a>","tag_info":"La Piedad","comment_count":"0","jetpack_featured_media_url":"http:\/\/tvalaire.com\/wp-content\/uploads\/2017\/05\/SE-HACEN-ACCIONES-DE-REFORESTACI\u00d3N-EN-LA-AVENIDA-CASTO-SALDA\u00d1A2.jpg","_links":{"self":[{"href":"http:\/\/tvalaire.com\/index.php?rest_route=\/wp\/v2\/posts\/1599"}],"collection":[{"href":"http:\/\/tvalaire.com\/index.php?rest_route=\/wp\/v2\/posts"}],"about":[{"href":"http:\/\/tvalaire.com\/index.php?rest_route=\/wp\/v2\/types\/post"}],"author":[{"embeddable":true,"href":"http:\/\/tvalaire.com\/index.php?rest_route=\/wp\/v2\/users\/1"}],"replies":[{"embeddable":true,"href":"http:\/\/tvalaire.com\/index.php?rest_route=%2Fwp%2Fv2%2Fcomments&post=1599"}],"version-history":[{"count":1,"href":"http:\/\/tvalaire.com\/index.php?rest_route=\/wp\/v2\/posts\/1599\/revisions"}],"predecessor-version":[{"id":1600,"href":"http:\/\/tvalaire.com\/index.php?rest_route=\/wp\/v2\/posts\/1599\/revisions\/1600"}],"wp:featuredmedia":[{"embeddable":true,"href":"http:\/\/tvalaire.com\/index.php?rest_route=\/wp\/v2\/media\/1596"}],"wp:attachment":[{"href":"http:\/\/tvalaire.com\/index.php?rest_route=%2Fwp%2Fv2%2Fmedia&parent=1599"}],"wp:term":[{"taxonomy":"category","embeddable":true,"href":"http:\/\/tvalaire.com\/index.php?rest_route=%2Fwp%2Fv2%2Fcategories&post=1599"},{"taxonomy":"post_tag","embeddable":true,"href":"http:\/\/tvalaire.com\/index.php?rest_route=%2Fwp%2Fv2%2Ftags&post=1599"}],"curies":[{"name":"wp","href":"https:\/\/api.w.org\/{rel}","templated":true}]}}