{"id":1592,"date":"2017-05-11T09:44:17","date_gmt":"2017-05-11T14:44:17","guid":{"rendered":"http:\/\/tvalaire.com\/?p=1592"},"modified":"2017-05-11T09:44:17","modified_gmt":"2017-05-11T14:44:17","slug":"habra-recorrido-turistico-en-la-piedad-y-por-la-region","status":"publish","type":"post","link":"http:\/\/tvalaire.com\/?p=1592","title":{"rendered":"HABR\u00c1 RECORRIDO TUR\u00cdSTICO EN LA PIEDAD Y POR LA REGI\u00d3N"},"content":{"rendered":"<p>Finalmente se incluir\u00e1 en un recorrido tur\u00edstico, con la intensi\u00f3n de promover los atractivos naturales e incentivar la econom\u00eda en la regi\u00f3n mediante la inclusi\u00f3n de este municipio en una propuesta con la que ya se trabaj\u00f3 en el seno de la reuni\u00f3n de Autoridades Ambientales de la Regi\u00f3n II del Baj\u00edo.<\/p>\n<p>La reuni\u00f3n en esta ocasi\u00f3n, se llev\u00f3 a cabo en la Casa de la Cultura en el municipio de Tanhuato, en la que se retomaron diversos puntos relacionados con el mejoramiento ambiental en la Regi\u00f3n II que est\u00e1 conformada por 17 municipios, entre ellos La Piedad.<\/p>\n<p>Dentro de las propuestas que se plantearon y en las cuales se trabaj\u00f3, se encuentra el establecimiento de un recorrido tur\u00edstico por diversos municipios entre ellos Zacapu, Yur\u00e9cuaro, Tanhuato y La Piedad.<\/p>\n<p>De este municipio, el Coordinador de Ecolog\u00eda quien estuvo presente, coment\u00f3 que en el caso de esta localidad se propusieron incluir dos puntos principales, el primero de ellos es el Cerro Grande y el segundo la cascada de El Salto.<\/p>\n<p>El objetivo de este programa, es generar una promoci\u00f3n intermunicipal con la finalidad de rescatar y promover la visita a las diversas \u00e1reas naturales y a su vez, fomentar la econom\u00eda en la regi\u00f3n, mediante la atracci\u00f3n de visitantes para que acudan a estos sitios o zonas verdes.<\/p>\n<p>Tambi\u00e9n se acord\u00f3, tomar acciones conjuntas entre los municipios que forman parte de la regi\u00f3n, para establecer un programa de limpieza permanente del r\u00edo Lerma en su paso por La Piedad, Yur\u00e9cuaro, Tanhuato y Numar\u00e1n, ya que el problema de contaminaci\u00f3n es bastante considerable, en donde se tiene que trabajar con la participaci\u00f3n de todas las autoridades\u00a0 municipales, estatales y federales, para contrarrestar los efectos nocivos que esto genera para la salud.<\/p>\n<p>El Coordinador indic\u00f3 que en esta reuni\u00f3n se cont\u00f3 con la presencia de autoridades de la Secretar\u00eda del Medio Ambiente Recursos Naturales y Cambio Clim\u00e1tico (SEMARNACC), as\u00ed como directores y coordinadores de ecolog\u00eda, y regidores que forman parte de esta comisi\u00f3n al interior de los ayuntamientos que est\u00e1n incluidos dentro de la Regi\u00f3n II del Baj\u00edo, quienes se comprometieron a dar cabal seguimiento a cada uno de los planteamientos para que todos ellos puedan ser concretados.<\/p>\n","protected":false},"excerpt":{"rendered":"<p>Finalmente se incluir\u00e1 en un recorrido tur\u00edstico, con la intensi\u00f3n de promover los atractivos naturales&#8230;<\/p>\n","protected":false},"author":1,"featured_media":1589,"comment_status":"open","ping_status":"open","sticky":false,"template":"","format":"standard","meta":{"jetpack_post_was_ever_published":false,"_jetpack_newsletter_access":"","_jetpack_dont_email_post_to_subs":false,"_jetpack_newsletter_tier_id":0,"_jetpack_memberships_contains_paywalled_content":false,"_jetpack_memberships_contains_paid_content":false,"footnotes":"","jetpack_publicize_message":"","jetpack_publicize_feature_enabled":true,"jetpack_social_post_already_shared":false,"jetpack_social_options":{"image_generator_settings":{"template":"highway","enabled":false},"version":2}},"categories":[1],"tags":[15,36],"class_list":["post-1592","post","type-post","status-publish","format-standard","has-post-thumbnail","hentry","category-la-piedad","tag-la-piedad","tag-principales"],"jetpack_publicize_connections":[],"jetpack_sharing_enabled":true,"featured_image_urls":{"full":["http:\/\/tvalaire.com\/wp-content\/uploads\/2017\/05\/HABR\u00c1-RECORRIDO-TUR\u00cdSTICO-EN-LA-PIEDAD-Y-POR-LA-REGI\u00d3N.jpg",1024,683,false],"thumbnail":["http:\/\/tvalaire.com\/wp-content\/uploads\/2017\/05\/HABR\u00c1-RECORRIDO-TUR\u00cdSTICO-EN-LA-PIEDAD-Y-POR-LA-REGI\u00d3N-150x150.jpg",150,150,true],"medium":["http:\/\/tvalaire.com\/wp-content\/uploads\/2017\/05\/HABR\u00c1-RECORRIDO-TUR\u00cdSTICO-EN-LA-PIEDAD-Y-POR-LA-REGI\u00d3N-300x200.jpg",300,200,true],"medium_large":["http:\/\/tvalaire.com\/wp-content\/uploads\/2017\/05\/HABR\u00c1-RECORRIDO-TUR\u00cdSTICO-EN-LA-PIEDAD-Y-POR-LA-REGI\u00d3N-768x512.jpg",640,427,true],"large":["http:\/\/tvalaire.com\/wp-content\/uploads\/2017\/05\/HABR\u00c1-RECORRIDO-TUR\u00cdSTICO-EN-LA-PIEDAD-Y-POR-LA-REGI\u00d3N-1024x683.jpg",640,427,true],"post-slider-thumb-size":["http:\/\/tvalaire.com\/wp-content\/uploads\/2017\/05\/HABR\u00c1-RECORRIDO-TUR\u00cdSTICO-EN-LA-PIEDAD-Y-POR-LA-REGI\u00d3N.jpg",285,190,false],"post-category-slider-size":["http:\/\/tvalaire.com\/wp-content\/uploads\/2017\/05\/HABR\u00c1-RECORRIDO-TUR\u00cdSTICO-EN-LA-PIEDAD-Y-POR-LA-REGI\u00d3N.jpg",330,220,false],"1536x1536":["http:\/\/tvalaire.com\/wp-content\/uploads\/2017\/05\/HABR\u00c1-RECORRIDO-TUR\u00cdSTICO-EN-LA-PIEDAD-Y-POR-LA-REGI\u00d3N.jpg",1024,683,false],"2048x2048":["http:\/\/tvalaire.com\/wp-content\/uploads\/2017\/05\/HABR\u00c1-RECORRIDO-TUR\u00cdSTICO-EN-LA-PIEDAD-Y-POR-LA-REGI\u00d3N.jpg",1024,683,false],"newsium-slider-full":["http:\/\/tvalaire.com\/wp-content\/uploads\/2017\/05\/HABR\u00c1-RECORRIDO-TUR\u00cdSTICO-EN-LA-PIEDAD-Y-POR-LA-REGI\u00d3N.jpg",1024,683,false],"newsium-featured":["http:\/\/tvalaire.com\/wp-content\/uploads\/2017\/05\/HABR\u00c1-RECORRIDO-TUR\u00cdSTICO-EN-LA-PIEDAD-Y-POR-LA-REGI\u00d3N.jpg",1024,683,false],"newsium-medium":["http:\/\/tvalaire.com\/wp-content\/uploads\/2017\/05\/HABR\u00c1-RECORRIDO-TUR\u00cdSTICO-EN-LA-PIEDAD-Y-POR-LA-REGI\u00d3N.jpg",712,475,false]},"author_info":{"info":["tvalairenoti"]},"category_info":"<a href=\"http:\/\/tvalaire.com\/?cat=1\" rel=\"category\">La Piedad<\/a>","tag_info":"La Piedad","comment_count":"0","jetpack_featured_media_url":"http:\/\/tvalaire.com\/wp-content\/uploads\/2017\/05\/HABR\u00c1-RECORRIDO-TUR\u00cdSTICO-EN-LA-PIEDAD-Y-POR-LA-REGI\u00d3N.jpg","_links":{"self":[{"href":"http:\/\/tvalaire.com\/index.php?rest_route=\/wp\/v2\/posts\/1592"}],"collection":[{"href":"http:\/\/tvalaire.com\/index.php?rest_route=\/wp\/v2\/posts"}],"about":[{"href":"http:\/\/tvalaire.com\/index.php?rest_route=\/wp\/v2\/types\/post"}],"author":[{"embeddable":true,"href":"http:\/\/tvalaire.com\/index.php?rest_route=\/wp\/v2\/users\/1"}],"replies":[{"embeddable":true,"href":"http:\/\/tvalaire.com\/index.php?rest_route=%2Fwp%2Fv2%2Fcomments&post=1592"}],"version-history":[{"count":1,"href":"http:\/\/tvalaire.com\/index.php?rest_route=\/wp\/v2\/posts\/1592\/revisions"}],"predecessor-version":[{"id":1593,"href":"http:\/\/tvalaire.com\/index.php?rest_route=\/wp\/v2\/posts\/1592\/revisions\/1593"}],"wp:featuredmedia":[{"embeddable":true,"href":"http:\/\/tvalaire.com\/index.php?rest_route=\/wp\/v2\/media\/1589"}],"wp:attachment":[{"href":"http:\/\/tvalaire.com\/index.php?rest_route=%2Fwp%2Fv2%2Fmedia&parent=1592"}],"wp:term":[{"taxonomy":"category","embeddable":true,"href":"http:\/\/tvalaire.com\/index.php?rest_route=%2Fwp%2Fv2%2Fcategories&post=1592"},{"taxonomy":"post_tag","embeddable":true,"href":"http:\/\/tvalaire.com\/index.php?rest_route=%2Fwp%2Fv2%2Ftags&post=1592"}],"curies":[{"name":"wp","href":"https:\/\/api.w.org\/{rel}","templated":true}]}}