{"id":1588,"date":"2017-05-11T09:42:02","date_gmt":"2017-05-11T14:42:02","guid":{"rendered":"http:\/\/tvalaire.com\/?p=1588"},"modified":"2017-05-11T09:42:02","modified_gmt":"2017-05-11T14:42:02","slug":"hay-proyecto-de-200-mdp-para-un-nuevo-mercado-en-la-piedad","status":"publish","type":"post","link":"http:\/\/tvalaire.com\/?p=1588","title":{"rendered":"HAY PROYECTO DE 200 MDP PARA UN NUEVO MERCADO EN LA PIEDAD"},"content":{"rendered":"<p class=\"xmsonormal\" style=\"text-align: center; background: white;\" align=\"center\"><span style=\"font-size: 10.0pt; font-family: 'Segoe UI','sans-serif'; color: #212121;\">\u00a0<\/span><\/p>\n<p class=\"xmsonormal\" style=\"text-align: justify; background: white; font-variant-ligatures: normal; font-variant-caps: normal; orphans: 2; widows: 2; -webkit-text-stroke-width: 0px; text-decoration-style: initial; text-decoration-color: initial; word-spacing: 0px;\"><span style=\"font-family: 'Arial','sans-serif'; color: #212121;\">Con la intenci\u00f3n de presentarle el proyecto de construcci\u00f3n de un nuevo espacio comercial abastecedor de productos del campo y otros alimentos, representantes de la mesa directiva de la Central de Abastos Piedadense, se entrevistaron con el Presidente Juan Manuel Estrada Medina.<\/span><\/p>\n<p class=\"xmsonormal\" style=\"text-align: justify; background: white;\"><span style=\"font-family: 'Arial','sans-serif'; color: #212121;\">Ah\u00ed el Alcalde manifest\u00f3 que este tipo de iniciativas son buenas para el municipio en general, pues de esta manera se est\u00e1 detonando el punto geogr\u00e1fico en el que se encuentra la poblaci\u00f3n a parte de la generaci\u00f3n de empleos que se pueden dar.<\/span><\/p>\n<p class=\"xmsonormal\" style=\"text-align: justify; background: white;\"><span style=\"font-family: 'Arial','sans-serif'; color: #212121;\">La reuni\u00f3n se llev\u00f3 a cabo en el despacho del Alcalde, ah\u00ed se platic\u00f3 sobre la importancia de construir un nuevo espacio para que los comerciantes locales oferten sus productos de mayoreo en un lugar m\u00e1s adecuado.<\/span><\/p>\n<p class=\"xmsonormal\" style=\"text-align: justify; background: white;\"><span style=\"font-family: 'Arial','sans-serif'; color: #212121;\">Dicho proyecto y a decir de los propios representantes de la Central de Abastos Piedadense representa aproximadamente 200 millones de pesos, inversi\u00f3n que se requiere para poder construir unas 200 bodegas sobre seis hect\u00e1reas y el cual podr\u00e1 estar a las afueras de la ciudad con rumbo a Guadalajara.<\/span><\/p>\n<p class=\"xmsonormal\" style=\"text-align: justify; background: white;\"><span style=\"font-family: 'Arial','sans-serif'; color: #212121;\">Por su parte Estrada Medina, se\u00f1al\u00f3 que es este un proyecto muy ambicioso el que se comprometi\u00f3 a apoyar en medida de lo posible con la gesti\u00f3n de recursos ante las instancias estatales y federales, esperando tener eco positivo a favor de los interesados de la construcci\u00f3n de un nuevo inmueble comercial. \u00a0<\/span><\/p>\n<p class=\"xmsonormal\" style=\"text-align: justify; background: white; font-variant-ligatures: normal; font-variant-caps: normal; orphans: 2; widows: 2; -webkit-text-stroke-width: 0px; text-decoration-style: initial; text-decoration-color: initial; word-spacing: 0px;\"><span style=\"font-family: 'Arial','sans-serif'; color: #212121;\">Destac\u00f3 que La Piedad requiere de un nuevo lugar con dimensiones m\u00e1s apropiadas en donde la gente de la ciudad y la regi\u00f3n pueda adquirir los diferentes productos, y que si el proyecto se ha retomado nuevamente, de su parte apoyar\u00e1 la intenci\u00f3n.<\/span><\/p>\n","protected":false},"excerpt":{"rendered":"<p>\u00a0 Con la intenci\u00f3n de presentarle el proyecto de construcci\u00f3n de un nuevo espacio comercial&#8230;<\/p>\n","protected":false},"author":1,"featured_media":1590,"comment_status":"open","ping_status":"open","sticky":false,"template":"","format":"standard","meta":{"jetpack_post_was_ever_published":false,"_jetpack_newsletter_access":"","_jetpack_dont_email_post_to_subs":false,"_jetpack_newsletter_tier_id":0,"_jetpack_memberships_contains_paywalled_content":false,"_jetpack_memberships_contains_paid_content":false,"footnotes":"","jetpack_publicize_message":"","jetpack_publicize_feature_enabled":true,"jetpack_social_post_already_shared":false,"jetpack_social_options":{"image_generator_settings":{"template":"highway","enabled":false},"version":2}},"categories":[1],"tags":[15,36],"class_list":["post-1588","post","type-post","status-publish","format-standard","has-post-thumbnail","hentry","category-la-piedad","tag-la-piedad","tag-principales"],"jetpack_publicize_connections":[],"jetpack_sharing_enabled":true,"featured_image_urls":{"full":["http:\/\/tvalaire.com\/wp-content\/uploads\/2017\/05\/HAY-PROYECTO-DE-200-MDP-PARA-UN-NUEVO-MERCADO-EN-LA-PIEDAD.jpg",1024,683,false],"thumbnail":["http:\/\/tvalaire.com\/wp-content\/uploads\/2017\/05\/HAY-PROYECTO-DE-200-MDP-PARA-UN-NUEVO-MERCADO-EN-LA-PIEDAD-150x150.jpg",150,150,true],"medium":["http:\/\/tvalaire.com\/wp-content\/uploads\/2017\/05\/HAY-PROYECTO-DE-200-MDP-PARA-UN-NUEVO-MERCADO-EN-LA-PIEDAD-300x200.jpg",300,200,true],"medium_large":["http:\/\/tvalaire.com\/wp-content\/uploads\/2017\/05\/HAY-PROYECTO-DE-200-MDP-PARA-UN-NUEVO-MERCADO-EN-LA-PIEDAD-768x512.jpg",640,427,true],"large":["http:\/\/tvalaire.com\/wp-content\/uploads\/2017\/05\/HAY-PROYECTO-DE-200-MDP-PARA-UN-NUEVO-MERCADO-EN-LA-PIEDAD-1024x683.jpg",640,427,true],"post-slider-thumb-size":["http:\/\/tvalaire.com\/wp-content\/uploads\/2017\/05\/HAY-PROYECTO-DE-200-MDP-PARA-UN-NUEVO-MERCADO-EN-LA-PIEDAD.jpg",285,190,false],"post-category-slider-size":["http:\/\/tvalaire.com\/wp-content\/uploads\/2017\/05\/HAY-PROYECTO-DE-200-MDP-PARA-UN-NUEVO-MERCADO-EN-LA-PIEDAD.jpg",330,220,false],"1536x1536":["http:\/\/tvalaire.com\/wp-content\/uploads\/2017\/05\/HAY-PROYECTO-DE-200-MDP-PARA-UN-NUEVO-MERCADO-EN-LA-PIEDAD.jpg",1024,683,false],"2048x2048":["http:\/\/tvalaire.com\/wp-content\/uploads\/2017\/05\/HAY-PROYECTO-DE-200-MDP-PARA-UN-NUEVO-MERCADO-EN-LA-PIEDAD.jpg",1024,683,false],"newsium-slider-full":["http:\/\/tvalaire.com\/wp-content\/uploads\/2017\/05\/HAY-PROYECTO-DE-200-MDP-PARA-UN-NUEVO-MERCADO-EN-LA-PIEDAD.jpg",1024,683,false],"newsium-featured":["http:\/\/tvalaire.com\/wp-content\/uploads\/2017\/05\/HAY-PROYECTO-DE-200-MDP-PARA-UN-NUEVO-MERCADO-EN-LA-PIEDAD.jpg",1024,683,false],"newsium-medium":["http:\/\/tvalaire.com\/wp-content\/uploads\/2017\/05\/HAY-PROYECTO-DE-200-MDP-PARA-UN-NUEVO-MERCADO-EN-LA-PIEDAD.jpg",712,475,false]},"author_info":{"info":["tvalairenoti"]},"category_info":"<a href=\"http:\/\/tvalaire.com\/?cat=1\" rel=\"category\">La Piedad<\/a>","tag_info":"La Piedad","comment_count":"0","jetpack_featured_media_url":"http:\/\/tvalaire.com\/wp-content\/uploads\/2017\/05\/HAY-PROYECTO-DE-200-MDP-PARA-UN-NUEVO-MERCADO-EN-LA-PIEDAD.jpg","_links":{"self":[{"href":"http:\/\/tvalaire.com\/index.php?rest_route=\/wp\/v2\/posts\/1588"}],"collection":[{"href":"http:\/\/tvalaire.com\/index.php?rest_route=\/wp\/v2\/posts"}],"about":[{"href":"http:\/\/tvalaire.com\/index.php?rest_route=\/wp\/v2\/types\/post"}],"author":[{"embeddable":true,"href":"http:\/\/tvalaire.com\/index.php?rest_route=\/wp\/v2\/users\/1"}],"replies":[{"embeddable":true,"href":"http:\/\/tvalaire.com\/index.php?rest_route=%2Fwp%2Fv2%2Fcomments&post=1588"}],"version-history":[{"count":1,"href":"http:\/\/tvalaire.com\/index.php?rest_route=\/wp\/v2\/posts\/1588\/revisions"}],"predecessor-version":[{"id":1591,"href":"http:\/\/tvalaire.com\/index.php?rest_route=\/wp\/v2\/posts\/1588\/revisions\/1591"}],"wp:featuredmedia":[{"embeddable":true,"href":"http:\/\/tvalaire.com\/index.php?rest_route=\/wp\/v2\/media\/1590"}],"wp:attachment":[{"href":"http:\/\/tvalaire.com\/index.php?rest_route=%2Fwp%2Fv2%2Fmedia&parent=1588"}],"wp:term":[{"taxonomy":"category","embeddable":true,"href":"http:\/\/tvalaire.com\/index.php?rest_route=%2Fwp%2Fv2%2Fcategories&post=1588"},{"taxonomy":"post_tag","embeddable":true,"href":"http:\/\/tvalaire.com\/index.php?rest_route=%2Fwp%2Fv2%2Ftags&post=1588"}],"curies":[{"name":"wp","href":"https:\/\/api.w.org\/{rel}","templated":true}]}}