{"id":1565,"date":"2017-05-10T09:46:35","date_gmt":"2017-05-10T14:46:35","guid":{"rendered":"http:\/\/tvalaire.com\/?p=1565"},"modified":"2017-05-10T09:46:35","modified_gmt":"2017-05-10T14:46:35","slug":"puruandiro-conmemora-el-155-aniversario-de-la-batalla-de-puebla","status":"publish","type":"post","link":"http:\/\/tvalaire.com\/?p=1565","title":{"rendered":"PURU\u00c1NDIRO CONMEMORA EL 155 ANIVERSARIO DE LA BATALLA DE PUEBLA"},"content":{"rendered":"<p>A\u00fan que un pa\u00eds tenga un mejor amanecer, nunca ganar\u00e1 una batalla si no lleva por estandarte la unidad, palabras dirigidas en la conmemoraci\u00f3n del Aniversario de la Batalle de Puebla, cuando el 5 de mayo de 1862 las tropas mexicanas, superadas en n\u00famero y armamento, vencieron al poderoso ej\u00e9rcito franc\u00e9s.<br \/>\nLa Escuela Primaria Adolfo L\u00f3pez Mateos en coordinaci\u00f3n con el Honorable Ayuntamiento que encabeza V\u00edctor V\u00e1zquez organizaron la conmemoraci\u00f3n en la plaza principal con la asistencia de varias instituciones educativas, ah\u00ed realizaron Honores a la Bandera, recordaron el hecho hist\u00f3rico y discurso oficial a cargo del regidor Marcos Hern\u00e1ndez S\u00e1nchez.<\/p>\n<p>&nbsp;<\/p>\n<p><img loading=\"lazy\" decoding=\"async\" class=\"alignnone size-medium wp-image-1567\" src=\"http:\/\/tvalaire.com\/wp-content\/uploads\/2017\/05\/PURU\u00c1NDIRO-CONMEMORA-EL-155-ANIVERSARIO-DE-LA-BATALLA-DE-PUEBLA-2-300x199.jpg\" alt=\"\" width=\"300\" height=\"199\" srcset=\"http:\/\/tvalaire.com\/wp-content\/uploads\/2017\/05\/PURU\u00c1NDIRO-CONMEMORA-EL-155-ANIVERSARIO-DE-LA-BATALLA-DE-PUEBLA-2-300x199.jpg 300w, http:\/\/tvalaire.com\/wp-content\/uploads\/2017\/05\/PURU\u00c1NDIRO-CONMEMORA-EL-155-ANIVERSARIO-DE-LA-BATALLA-DE-PUEBLA-2-768x509.jpg 768w, http:\/\/tvalaire.com\/wp-content\/uploads\/2017\/05\/PURU\u00c1NDIRO-CONMEMORA-EL-155-ANIVERSARIO-DE-LA-BATALLA-DE-PUEBLA-2-1024x678.jpg 1024w\" sizes=\"(max-width: 300px) 100vw, 300px\" \/><\/p>\n","protected":false},"excerpt":{"rendered":"<p>A\u00fan que un pa\u00eds tenga un mejor amanecer, nunca ganar\u00e1 una batalla si no lleva&#8230;<\/p>\n","protected":false},"author":1,"featured_media":1568,"comment_status":"open","ping_status":"open","sticky":false,"template":"","format":"standard","meta":{"jetpack_post_was_ever_published":false,"_jetpack_newsletter_access":"","_jetpack_dont_email_post_to_subs":false,"_jetpack_newsletter_tier_id":0,"_jetpack_memberships_contains_paywalled_content":false,"_jetpack_memberships_contains_paid_content":false,"footnotes":"","jetpack_publicize_message":"","jetpack_publicize_feature_enabled":true,"jetpack_social_post_already_shared":false,"jetpack_social_options":{"image_generator_settings":{"template":"highway","enabled":false},"version":2}},"categories":[4],"tags":[24],"class_list":["post-1565","post","type-post","status-publish","format-standard","has-post-thumbnail","hentry","category-puruandiro","tag-puruandiro"],"jetpack_publicize_connections":[],"jetpack_sharing_enabled":true,"featured_image_urls":{"full":["http:\/\/tvalaire.com\/wp-content\/uploads\/2017\/05\/PURU\u00c1NDIRO-CONMEMORA-EL-155-ANIVERSARIO-DE-LA-BATALLA-DE-PUEBLA-3.jpg",2464,1632,false],"thumbnail":["http:\/\/tvalaire.com\/wp-content\/uploads\/2017\/05\/PURU\u00c1NDIRO-CONMEMORA-EL-155-ANIVERSARIO-DE-LA-BATALLA-DE-PUEBLA-3-150x150.jpg",150,150,true],"medium":["http:\/\/tvalaire.com\/wp-content\/uploads\/2017\/05\/PURU\u00c1NDIRO-CONMEMORA-EL-155-ANIVERSARIO-DE-LA-BATALLA-DE-PUEBLA-3-300x199.jpg",300,199,true],"medium_large":["http:\/\/tvalaire.com\/wp-content\/uploads\/2017\/05\/PURU\u00c1NDIRO-CONMEMORA-EL-155-ANIVERSARIO-DE-LA-BATALLA-DE-PUEBLA-3-768x509.jpg",640,424,true],"large":["http:\/\/tvalaire.com\/wp-content\/uploads\/2017\/05\/PURU\u00c1NDIRO-CONMEMORA-EL-155-ANIVERSARIO-DE-LA-BATALLA-DE-PUEBLA-3-1024x678.jpg",640,424,true],"post-slider-thumb-size":["http:\/\/tvalaire.com\/wp-content\/uploads\/2017\/05\/PURU\u00c1NDIRO-CONMEMORA-EL-155-ANIVERSARIO-DE-LA-BATALLA-DE-PUEBLA-3.jpg",287,190,false],"post-category-slider-size":["http:\/\/tvalaire.com\/wp-content\/uploads\/2017\/05\/PURU\u00c1NDIRO-CONMEMORA-EL-155-ANIVERSARIO-DE-LA-BATALLA-DE-PUEBLA-3.jpg",330,219,false],"1536x1536":["http:\/\/tvalaire.com\/wp-content\/uploads\/2017\/05\/PURU\u00c1NDIRO-CONMEMORA-EL-155-ANIVERSARIO-DE-LA-BATALLA-DE-PUEBLA-3.jpg",1536,1017,false],"2048x2048":["http:\/\/tvalaire.com\/wp-content\/uploads\/2017\/05\/PURU\u00c1NDIRO-CONMEMORA-EL-155-ANIVERSARIO-DE-LA-BATALLA-DE-PUEBLA-3.jpg",2048,1356,false],"newsium-slider-full":["http:\/\/tvalaire.com\/wp-content\/uploads\/2017\/05\/PURU\u00c1NDIRO-CONMEMORA-EL-155-ANIVERSARIO-DE-LA-BATALLA-DE-PUEBLA-3.jpg",1276,845,false],"newsium-featured":["http:\/\/tvalaire.com\/wp-content\/uploads\/2017\/05\/PURU\u00c1NDIRO-CONMEMORA-EL-155-ANIVERSARIO-DE-LA-BATALLA-DE-PUEBLA-3.jpg",1024,678,false],"newsium-medium":["http:\/\/tvalaire.com\/wp-content\/uploads\/2017\/05\/PURU\u00c1NDIRO-CONMEMORA-EL-155-ANIVERSARIO-DE-LA-BATALLA-DE-PUEBLA-3.jpg",717,475,false]},"author_info":{"info":["tvalairenoti"]},"category_info":"<a href=\"http:\/\/tvalaire.com\/?cat=4\" rel=\"category\">Puru\u00e1ndiro<\/a>","tag_info":"Puru\u00e1ndiro","comment_count":"0","jetpack_featured_media_url":"http:\/\/tvalaire.com\/wp-content\/uploads\/2017\/05\/PURU\u00c1NDIRO-CONMEMORA-EL-155-ANIVERSARIO-DE-LA-BATALLA-DE-PUEBLA-3.jpg","_links":{"self":[{"href":"http:\/\/tvalaire.com\/index.php?rest_route=\/wp\/v2\/posts\/1565"}],"collection":[{"href":"http:\/\/tvalaire.com\/index.php?rest_route=\/wp\/v2\/posts"}],"about":[{"href":"http:\/\/tvalaire.com\/index.php?rest_route=\/wp\/v2\/types\/post"}],"author":[{"embeddable":true,"href":"http:\/\/tvalaire.com\/index.php?rest_route=\/wp\/v2\/users\/1"}],"replies":[{"embeddable":true,"href":"http:\/\/tvalaire.com\/index.php?rest_route=%2Fwp%2Fv2%2Fcomments&post=1565"}],"version-history":[{"count":1,"href":"http:\/\/tvalaire.com\/index.php?rest_route=\/wp\/v2\/posts\/1565\/revisions"}],"predecessor-version":[{"id":1569,"href":"http:\/\/tvalaire.com\/index.php?rest_route=\/wp\/v2\/posts\/1565\/revisions\/1569"}],"wp:featuredmedia":[{"embeddable":true,"href":"http:\/\/tvalaire.com\/index.php?rest_route=\/wp\/v2\/media\/1568"}],"wp:attachment":[{"href":"http:\/\/tvalaire.com\/index.php?rest_route=%2Fwp%2Fv2%2Fmedia&parent=1565"}],"wp:term":[{"taxonomy":"category","embeddable":true,"href":"http:\/\/tvalaire.com\/index.php?rest_route=%2Fwp%2Fv2%2Fcategories&post=1565"},{"taxonomy":"post_tag","embeddable":true,"href":"http:\/\/tvalaire.com\/index.php?rest_route=%2Fwp%2Fv2%2Ftags&post=1565"}],"curies":[{"name":"wp","href":"https:\/\/api.w.org\/{rel}","templated":true}]}}