{"id":1556,"date":"2017-05-10T09:44:31","date_gmt":"2017-05-10T14:44:31","guid":{"rendered":"http:\/\/tvalaire.com\/?p=1556"},"modified":"2017-05-10T09:44:31","modified_gmt":"2017-05-10T14:44:31","slug":"presidente-municipal-asiste-al-desfile-de-la-comunidad-de-nuevo-progreso","status":"publish","type":"post","link":"http:\/\/tvalaire.com\/?p=1556","title":{"rendered":"PRESIDENTE MUNICIPAL ASISTE AL DESFILE DE LA COMUNIDAD DE NUEVO PROGRESO"},"content":{"rendered":"<p>En el marco de la conmemoraci\u00f3n del 155 aniversario de la Batalla de Puebla, la comunidad de Nuevo Progreso realiza desfile alusivo a este hecho hist\u00f3rico, en donde particip\u00f3 el Presidente Municipal V\u00edctor V\u00e1zquez.<\/p>\n<p>La escuela Ignacio Zaragoza en coordinaci\u00f3n con los habitantes de la localidad, ha realizado m\u00e1s de 20 a\u00f1os este festejo en donde participan todas las instituciones educativas y personas en general de dicha comunidad, todo da inicio con un evento cultural, al igual que con la coronaci\u00f3n de la Reina y sus princesas, al d\u00eda siguiente desfile, comida y se concluye con el baile tradicional por la tarde- noche.<\/p>\n<p>&nbsp;<\/p>\n<p><img loading=\"lazy\" decoding=\"async\" class=\"alignnone size-medium wp-image-1563\" src=\"http:\/\/tvalaire.com\/wp-content\/uploads\/2017\/05\/PRESIDENTE-MUNICIPAL-ASISTE-AL-DESFILE-DE-LA-COMUNIDAD-DE-NUEVO-PROGRESO-7-300x199.jpg\" alt=\"\" width=\"300\" height=\"199\" srcset=\"http:\/\/tvalaire.com\/wp-content\/uploads\/2017\/05\/PRESIDENTE-MUNICIPAL-ASISTE-AL-DESFILE-DE-LA-COMUNIDAD-DE-NUEVO-PROGRESO-7-300x199.jpg 300w, http:\/\/tvalaire.com\/wp-content\/uploads\/2017\/05\/PRESIDENTE-MUNICIPAL-ASISTE-AL-DESFILE-DE-LA-COMUNIDAD-DE-NUEVO-PROGRESO-7-768x511.jpg 768w, http:\/\/tvalaire.com\/wp-content\/uploads\/2017\/05\/PRESIDENTE-MUNICIPAL-ASISTE-AL-DESFILE-DE-LA-COMUNIDAD-DE-NUEVO-PROGRESO-7-1024x681.jpg 1024w\" sizes=\"(max-width: 300px) 100vw, 300px\" \/><\/p>\n<p><img loading=\"lazy\" decoding=\"async\" class=\"alignnone size-medium wp-image-1562\" src=\"http:\/\/tvalaire.com\/wp-content\/uploads\/2017\/05\/PRESIDENTE-MUNICIPAL-ASISTE-AL-DESFILE-DE-LA-COMUNIDAD-DE-NUEVO-PROGRESO-6-300x199.jpg\" alt=\"\" width=\"300\" height=\"199\" srcset=\"http:\/\/tvalaire.com\/wp-content\/uploads\/2017\/05\/PRESIDENTE-MUNICIPAL-ASISTE-AL-DESFILE-DE-LA-COMUNIDAD-DE-NUEVO-PROGRESO-6-300x199.jpg 300w, http:\/\/tvalaire.com\/wp-content\/uploads\/2017\/05\/PRESIDENTE-MUNICIPAL-ASISTE-AL-DESFILE-DE-LA-COMUNIDAD-DE-NUEVO-PROGRESO-6-768x511.jpg 768w, http:\/\/tvalaire.com\/wp-content\/uploads\/2017\/05\/PRESIDENTE-MUNICIPAL-ASISTE-AL-DESFILE-DE-LA-COMUNIDAD-DE-NUEVO-PROGRESO-6-1024x681.jpg 1024w\" sizes=\"(max-width: 300px) 100vw, 300px\" \/><\/p>\n<p><img loading=\"lazy\" decoding=\"async\" class=\"alignnone size-medium wp-image-1560\" src=\"http:\/\/tvalaire.com\/wp-content\/uploads\/2017\/05\/PRESIDENTE-MUNICIPAL-ASISTE-AL-DESFILE-DE-LA-COMUNIDAD-DE-NUEVO-PROGRESO-4-300x199.jpg\" alt=\"\" width=\"300\" height=\"199\" srcset=\"http:\/\/tvalaire.com\/wp-content\/uploads\/2017\/05\/PRESIDENTE-MUNICIPAL-ASISTE-AL-DESFILE-DE-LA-COMUNIDAD-DE-NUEVO-PROGRESO-4-300x199.jpg 300w, http:\/\/tvalaire.com\/wp-content\/uploads\/2017\/05\/PRESIDENTE-MUNICIPAL-ASISTE-AL-DESFILE-DE-LA-COMUNIDAD-DE-NUEVO-PROGRESO-4-768x511.jpg 768w, http:\/\/tvalaire.com\/wp-content\/uploads\/2017\/05\/PRESIDENTE-MUNICIPAL-ASISTE-AL-DESFILE-DE-LA-COMUNIDAD-DE-NUEVO-PROGRESO-4-1024x681.jpg 1024w\" sizes=\"(max-width: 300px) 100vw, 300px\" \/><\/p>\n<p><img loading=\"lazy\" decoding=\"async\" class=\"alignnone size-medium wp-image-1559\" src=\"http:\/\/tvalaire.com\/wp-content\/uploads\/2017\/05\/PRESIDENTE-MUNICIPAL-ASISTE-AL-DESFILE-DE-LA-COMUNIDAD-DE-NUEVO-PROGRESO-3-300x199.jpg\" alt=\"\" width=\"300\" height=\"199\" srcset=\"http:\/\/tvalaire.com\/wp-content\/uploads\/2017\/05\/PRESIDENTE-MUNICIPAL-ASISTE-AL-DESFILE-DE-LA-COMUNIDAD-DE-NUEVO-PROGRESO-3-300x199.jpg 300w, http:\/\/tvalaire.com\/wp-content\/uploads\/2017\/05\/PRESIDENTE-MUNICIPAL-ASISTE-AL-DESFILE-DE-LA-COMUNIDAD-DE-NUEVO-PROGRESO-3-768x511.jpg 768w, http:\/\/tvalaire.com\/wp-content\/uploads\/2017\/05\/PRESIDENTE-MUNICIPAL-ASISTE-AL-DESFILE-DE-LA-COMUNIDAD-DE-NUEVO-PROGRESO-3-1024x681.jpg 1024w\" sizes=\"(max-width: 300px) 100vw, 300px\" \/><\/p>\n<p><img loading=\"lazy\" decoding=\"async\" class=\"alignnone size-medium wp-image-1558\" src=\"http:\/\/tvalaire.com\/wp-content\/uploads\/2017\/05\/PRESIDENTE-MUNICIPAL-ASISTE-AL-DESFILE-DE-LA-COMUNIDAD-DE-NUEVO-PROGRESO-2-300x199.jpg\" alt=\"\" width=\"300\" height=\"199\" srcset=\"http:\/\/tvalaire.com\/wp-content\/uploads\/2017\/05\/PRESIDENTE-MUNICIPAL-ASISTE-AL-DESFILE-DE-LA-COMUNIDAD-DE-NUEVO-PROGRESO-2-300x199.jpg 300w, http:\/\/tvalaire.com\/wp-content\/uploads\/2017\/05\/PRESIDENTE-MUNICIPAL-ASISTE-AL-DESFILE-DE-LA-COMUNIDAD-DE-NUEVO-PROGRESO-2-768x511.jpg 768w, http:\/\/tvalaire.com\/wp-content\/uploads\/2017\/05\/PRESIDENTE-MUNICIPAL-ASISTE-AL-DESFILE-DE-LA-COMUNIDAD-DE-NUEVO-PROGRESO-2-1024x681.jpg 1024w\" sizes=\"(max-width: 300px) 100vw, 300px\" \/><\/p>\n<p><img loading=\"lazy\" decoding=\"async\" class=\"alignnone size-medium wp-image-1557\" src=\"http:\/\/tvalaire.com\/wp-content\/uploads\/2017\/05\/PRESIDENTE-MUNICIPAL-ASISTE-AL-DESFILE-DE-LA-COMUNIDAD-DE-NUEVO-PROGRESO-1-300x199.jpg\" alt=\"\" width=\"300\" height=\"199\" srcset=\"http:\/\/tvalaire.com\/wp-content\/uploads\/2017\/05\/PRESIDENTE-MUNICIPAL-ASISTE-AL-DESFILE-DE-LA-COMUNIDAD-DE-NUEVO-PROGRESO-1-300x199.jpg 300w, http:\/\/tvalaire.com\/wp-content\/uploads\/2017\/05\/PRESIDENTE-MUNICIPAL-ASISTE-AL-DESFILE-DE-LA-COMUNIDAD-DE-NUEVO-PROGRESO-1-768x511.jpg 768w, http:\/\/tvalaire.com\/wp-content\/uploads\/2017\/05\/PRESIDENTE-MUNICIPAL-ASISTE-AL-DESFILE-DE-LA-COMUNIDAD-DE-NUEVO-PROGRESO-1-1024x681.jpg 1024w\" sizes=\"(max-width: 300px) 100vw, 300px\" \/><\/p>\n","protected":false},"excerpt":{"rendered":"<p>En el marco de la conmemoraci\u00f3n del 155 aniversario de la Batalla de Puebla, la&#8230;<\/p>\n","protected":false},"author":1,"featured_media":1561,"comment_status":"open","ping_status":"open","sticky":false,"template":"","format":"standard","meta":{"jetpack_post_was_ever_published":false,"_jetpack_newsletter_access":"","_jetpack_dont_email_post_to_subs":false,"_jetpack_newsletter_tier_id":0,"_jetpack_memberships_contains_paywalled_content":false,"_jetpack_memberships_contains_paid_content":false,"footnotes":"","jetpack_publicize_message":"","jetpack_publicize_feature_enabled":true,"jetpack_social_post_already_shared":false,"jetpack_social_options":{"image_generator_settings":{"template":"highway","enabled":false},"version":2}},"categories":[4],"tags":[24],"class_list":["post-1556","post","type-post","status-publish","format-standard","has-post-thumbnail","hentry","category-puruandiro","tag-puruandiro"],"jetpack_publicize_connections":[],"jetpack_sharing_enabled":true,"featured_image_urls":{"full":["http:\/\/tvalaire.com\/wp-content\/uploads\/2017\/05\/PRESIDENTE-MUNICIPAL-ASISTE-AL-DESFILE-DE-LA-COMUNIDAD-DE-NUEVO-PROGRESO-5.jpg",3008,2000,false],"thumbnail":["http:\/\/tvalaire.com\/wp-content\/uploads\/2017\/05\/PRESIDENTE-MUNICIPAL-ASISTE-AL-DESFILE-DE-LA-COMUNIDAD-DE-NUEVO-PROGRESO-5-150x150.jpg",150,150,true],"medium":["http:\/\/tvalaire.com\/wp-content\/uploads\/2017\/05\/PRESIDENTE-MUNICIPAL-ASISTE-AL-DESFILE-DE-LA-COMUNIDAD-DE-NUEVO-PROGRESO-5-300x199.jpg",300,199,true],"medium_large":["http:\/\/tvalaire.com\/wp-content\/uploads\/2017\/05\/PRESIDENTE-MUNICIPAL-ASISTE-AL-DESFILE-DE-LA-COMUNIDAD-DE-NUEVO-PROGRESO-5-768x511.jpg",640,426,true],"large":["http:\/\/tvalaire.com\/wp-content\/uploads\/2017\/05\/PRESIDENTE-MUNICIPAL-ASISTE-AL-DESFILE-DE-LA-COMUNIDAD-DE-NUEVO-PROGRESO-5-1024x681.jpg",640,426,true],"post-slider-thumb-size":["http:\/\/tvalaire.com\/wp-content\/uploads\/2017\/05\/PRESIDENTE-MUNICIPAL-ASISTE-AL-DESFILE-DE-LA-COMUNIDAD-DE-NUEVO-PROGRESO-5.jpg",286,190,false],"post-category-slider-size":["http:\/\/tvalaire.com\/wp-content\/uploads\/2017\/05\/PRESIDENTE-MUNICIPAL-ASISTE-AL-DESFILE-DE-LA-COMUNIDAD-DE-NUEVO-PROGRESO-5.jpg",330,219,false],"1536x1536":["http:\/\/tvalaire.com\/wp-content\/uploads\/2017\/05\/PRESIDENTE-MUNICIPAL-ASISTE-AL-DESFILE-DE-LA-COMUNIDAD-DE-NUEVO-PROGRESO-5.jpg",1536,1021,false],"2048x2048":["http:\/\/tvalaire.com\/wp-content\/uploads\/2017\/05\/PRESIDENTE-MUNICIPAL-ASISTE-AL-DESFILE-DE-LA-COMUNIDAD-DE-NUEVO-PROGRESO-5.jpg",2048,1362,false],"newsium-slider-full":["http:\/\/tvalaire.com\/wp-content\/uploads\/2017\/05\/PRESIDENTE-MUNICIPAL-ASISTE-AL-DESFILE-DE-LA-COMUNIDAD-DE-NUEVO-PROGRESO-5.jpg",1271,845,false],"newsium-featured":["http:\/\/tvalaire.com\/wp-content\/uploads\/2017\/05\/PRESIDENTE-MUNICIPAL-ASISTE-AL-DESFILE-DE-LA-COMUNIDAD-DE-NUEVO-PROGRESO-5.jpg",1024,681,false],"newsium-medium":["http:\/\/tvalaire.com\/wp-content\/uploads\/2017\/05\/PRESIDENTE-MUNICIPAL-ASISTE-AL-DESFILE-DE-LA-COMUNIDAD-DE-NUEVO-PROGRESO-5.jpg",714,475,false]},"author_info":{"info":["tvalairenoti"]},"category_info":"<a href=\"http:\/\/tvalaire.com\/?cat=4\" rel=\"category\">Puru\u00e1ndiro<\/a>","tag_info":"Puru\u00e1ndiro","comment_count":"0","jetpack_featured_media_url":"http:\/\/tvalaire.com\/wp-content\/uploads\/2017\/05\/PRESIDENTE-MUNICIPAL-ASISTE-AL-DESFILE-DE-LA-COMUNIDAD-DE-NUEVO-PROGRESO-5.jpg","_links":{"self":[{"href":"http:\/\/tvalaire.com\/index.php?rest_route=\/wp\/v2\/posts\/1556"}],"collection":[{"href":"http:\/\/tvalaire.com\/index.php?rest_route=\/wp\/v2\/posts"}],"about":[{"href":"http:\/\/tvalaire.com\/index.php?rest_route=\/wp\/v2\/types\/post"}],"author":[{"embeddable":true,"href":"http:\/\/tvalaire.com\/index.php?rest_route=\/wp\/v2\/users\/1"}],"replies":[{"embeddable":true,"href":"http:\/\/tvalaire.com\/index.php?rest_route=%2Fwp%2Fv2%2Fcomments&post=1556"}],"version-history":[{"count":1,"href":"http:\/\/tvalaire.com\/index.php?rest_route=\/wp\/v2\/posts\/1556\/revisions"}],"predecessor-version":[{"id":1564,"href":"http:\/\/tvalaire.com\/index.php?rest_route=\/wp\/v2\/posts\/1556\/revisions\/1564"}],"wp:featuredmedia":[{"embeddable":true,"href":"http:\/\/tvalaire.com\/index.php?rest_route=\/wp\/v2\/media\/1561"}],"wp:attachment":[{"href":"http:\/\/tvalaire.com\/index.php?rest_route=%2Fwp%2Fv2%2Fmedia&parent=1556"}],"wp:term":[{"taxonomy":"category","embeddable":true,"href":"http:\/\/tvalaire.com\/index.php?rest_route=%2Fwp%2Fv2%2Fcategories&post=1556"},{"taxonomy":"post_tag","embeddable":true,"href":"http:\/\/tvalaire.com\/index.php?rest_route=%2Fwp%2Fv2%2Ftags&post=1556"}],"curies":[{"name":"wp","href":"https:\/\/api.w.org\/{rel}","templated":true}]}}