{"id":1522,"date":"2017-05-08T09:49:34","date_gmt":"2017-05-08T14:49:34","guid":{"rendered":"http:\/\/tvalaire.com\/?p=1522"},"modified":"2017-05-08T09:49:34","modified_gmt":"2017-05-08T14:49:34","slug":"se-promueve-entre-la-poblacion-las-campanas-de-reforestacion","status":"publish","type":"post","link":"http:\/\/tvalaire.com\/?p=1522","title":{"rendered":"SE PROMUEVE ENTRE LA POBLACI\u00d3N LAS CAMPA\u00d1AS DE REFORESTACI\u00d3N"},"content":{"rendered":"<p>&nbsp;<\/p>\n<p>La Coordinaci\u00f3n de Ecolog\u00eda de La Piedad, realiza acciones en el vivero de la localidad, en las que destacan la germinaci\u00f3n de planta end\u00e9mica y \u00e1rboles frutales, teniendo como meta la producci\u00f3n de por lo menos 3 mil plantas cada trimestre de este a\u00f1o.<\/p>\n<p>Es por ello, que se ha girado la instrucci\u00f3n para que se invite a la ciudadan\u00eda para que se integren a las campa\u00f1as de reforestaci\u00f3n que realiza el Gobierno Municipal, de igual manera para que acudan a la oficina de Ecolog\u00eda a solicitar arbolitos que puedan plantar en su domicilio.<\/p>\n<p>La misma invitaci\u00f3n se hizo a las instituciones educativas tanto p\u00fablicas como privadas, para que presenten a su vez la solicitud de las plantas o \u00e1rboles que requieran para mejorar sus espacios o \u00e1reas verdes con las que cuenten.<\/p>\n<p>Se inform\u00f3 que durante el arranque del segundo trimestre de este a\u00f1o ya se tienen en producci\u00f3n cerca de 300 plantas germinadas de la especie punto de cruz, 400 papayos, 400 para\u00edsos y de algunas otras que se prev\u00e9n durante este mes.<\/p>\n<p>De ah\u00ed que se requiere que esos \u00e1rbolitos sean plantados y sobre todo, que sean cuidados para garantizar que \u00e9stos puedan crecer y desarrollarse, es por eso que se pide de la colaboraci\u00f3n de los ciudadanos para que contribuyan juntos con las acciones que realiza el municipio.<\/p>\n","protected":false},"excerpt":{"rendered":"<p>&nbsp; La Coordinaci\u00f3n de Ecolog\u00eda de La Piedad, realiza acciones en el vivero de la&#8230;<\/p>\n","protected":false},"author":1,"featured_media":1518,"comment_status":"open","ping_status":"open","sticky":false,"template":"","format":"standard","meta":{"jetpack_post_was_ever_published":false,"_jetpack_newsletter_access":"","_jetpack_dont_email_post_to_subs":false,"_jetpack_newsletter_tier_id":0,"_jetpack_memberships_contains_paywalled_content":false,"_jetpack_memberships_contains_paid_content":false,"footnotes":"","jetpack_publicize_message":"","jetpack_publicize_feature_enabled":true,"jetpack_social_post_already_shared":false,"jetpack_social_options":{"image_generator_settings":{"template":"highway","enabled":false},"version":2}},"categories":[1],"tags":[15,36],"class_list":["post-1522","post","type-post","status-publish","format-standard","has-post-thumbnail","hentry","category-la-piedad","tag-la-piedad","tag-principales"],"jetpack_publicize_connections":[],"jetpack_sharing_enabled":true,"featured_image_urls":{"full":["http:\/\/tvalaire.com\/wp-content\/uploads\/2017\/05\/SE-PROMUEVE-ENTRE-LA-POBLACI\u00d3N-LAS-CAMPA\u00d1AS-DE-REFORESTACI\u00d3N.jpg",1024,684,false],"thumbnail":["http:\/\/tvalaire.com\/wp-content\/uploads\/2017\/05\/SE-PROMUEVE-ENTRE-LA-POBLACI\u00d3N-LAS-CAMPA\u00d1AS-DE-REFORESTACI\u00d3N-150x150.jpg",150,150,true],"medium":["http:\/\/tvalaire.com\/wp-content\/uploads\/2017\/05\/SE-PROMUEVE-ENTRE-LA-POBLACI\u00d3N-LAS-CAMPA\u00d1AS-DE-REFORESTACI\u00d3N-300x200.jpg",300,200,true],"medium_large":["http:\/\/tvalaire.com\/wp-content\/uploads\/2017\/05\/SE-PROMUEVE-ENTRE-LA-POBLACI\u00d3N-LAS-CAMPA\u00d1AS-DE-REFORESTACI\u00d3N-768x513.jpg",640,428,true],"large":["http:\/\/tvalaire.com\/wp-content\/uploads\/2017\/05\/SE-PROMUEVE-ENTRE-LA-POBLACI\u00d3N-LAS-CAMPA\u00d1AS-DE-REFORESTACI\u00d3N-1024x684.jpg",640,428,true],"post-slider-thumb-size":["http:\/\/tvalaire.com\/wp-content\/uploads\/2017\/05\/SE-PROMUEVE-ENTRE-LA-POBLACI\u00d3N-LAS-CAMPA\u00d1AS-DE-REFORESTACI\u00d3N.jpg",284,190,false],"post-category-slider-size":["http:\/\/tvalaire.com\/wp-content\/uploads\/2017\/05\/SE-PROMUEVE-ENTRE-LA-POBLACI\u00d3N-LAS-CAMPA\u00d1AS-DE-REFORESTACI\u00d3N.jpg",330,220,false],"1536x1536":["http:\/\/tvalaire.com\/wp-content\/uploads\/2017\/05\/SE-PROMUEVE-ENTRE-LA-POBLACI\u00d3N-LAS-CAMPA\u00d1AS-DE-REFORESTACI\u00d3N.jpg",1024,684,false],"2048x2048":["http:\/\/tvalaire.com\/wp-content\/uploads\/2017\/05\/SE-PROMUEVE-ENTRE-LA-POBLACI\u00d3N-LAS-CAMPA\u00d1AS-DE-REFORESTACI\u00d3N.jpg",1024,684,false],"newsium-slider-full":["http:\/\/tvalaire.com\/wp-content\/uploads\/2017\/05\/SE-PROMUEVE-ENTRE-LA-POBLACI\u00d3N-LAS-CAMPA\u00d1AS-DE-REFORESTACI\u00d3N.jpg",1024,684,false],"newsium-featured":["http:\/\/tvalaire.com\/wp-content\/uploads\/2017\/05\/SE-PROMUEVE-ENTRE-LA-POBLACI\u00d3N-LAS-CAMPA\u00d1AS-DE-REFORESTACI\u00d3N.jpg",1024,684,false],"newsium-medium":["http:\/\/tvalaire.com\/wp-content\/uploads\/2017\/05\/SE-PROMUEVE-ENTRE-LA-POBLACI\u00d3N-LAS-CAMPA\u00d1AS-DE-REFORESTACI\u00d3N.jpg",711,475,false]},"author_info":{"info":["tvalairenoti"]},"category_info":"<a href=\"http:\/\/tvalaire.com\/?cat=1\" rel=\"category\">La Piedad<\/a>","tag_info":"La Piedad","comment_count":"0","jetpack_featured_media_url":"http:\/\/tvalaire.com\/wp-content\/uploads\/2017\/05\/SE-PROMUEVE-ENTRE-LA-POBLACI\u00d3N-LAS-CAMPA\u00d1AS-DE-REFORESTACI\u00d3N.jpg","_links":{"self":[{"href":"http:\/\/tvalaire.com\/index.php?rest_route=\/wp\/v2\/posts\/1522"}],"collection":[{"href":"http:\/\/tvalaire.com\/index.php?rest_route=\/wp\/v2\/posts"}],"about":[{"href":"http:\/\/tvalaire.com\/index.php?rest_route=\/wp\/v2\/types\/post"}],"author":[{"embeddable":true,"href":"http:\/\/tvalaire.com\/index.php?rest_route=\/wp\/v2\/users\/1"}],"replies":[{"embeddable":true,"href":"http:\/\/tvalaire.com\/index.php?rest_route=%2Fwp%2Fv2%2Fcomments&post=1522"}],"version-history":[{"count":1,"href":"http:\/\/tvalaire.com\/index.php?rest_route=\/wp\/v2\/posts\/1522\/revisions"}],"predecessor-version":[{"id":1523,"href":"http:\/\/tvalaire.com\/index.php?rest_route=\/wp\/v2\/posts\/1522\/revisions\/1523"}],"wp:featuredmedia":[{"embeddable":true,"href":"http:\/\/tvalaire.com\/index.php?rest_route=\/wp\/v2\/media\/1518"}],"wp:attachment":[{"href":"http:\/\/tvalaire.com\/index.php?rest_route=%2Fwp%2Fv2%2Fmedia&parent=1522"}],"wp:term":[{"taxonomy":"category","embeddable":true,"href":"http:\/\/tvalaire.com\/index.php?rest_route=%2Fwp%2Fv2%2Fcategories&post=1522"},{"taxonomy":"post_tag","embeddable":true,"href":"http:\/\/tvalaire.com\/index.php?rest_route=%2Fwp%2Fv2%2Ftags&post=1522"}],"curies":[{"name":"wp","href":"https:\/\/api.w.org\/{rel}","templated":true}]}}