{"id":1517,"date":"2017-05-08T09:47:31","date_gmt":"2017-05-08T14:47:31","guid":{"rendered":"http:\/\/tvalaire.com\/?p=1517"},"modified":"2017-05-08T09:47:31","modified_gmt":"2017-05-08T14:47:31","slug":"caminan-y-hacen-matrogimnasia-por-la-salud-para-festejar-a-mama","status":"publish","type":"post","link":"http:\/\/tvalaire.com\/?p=1517","title":{"rendered":"CAMINAN Y HACEN MATROGIMNASIA POR LA SALUD PARA FESTEJAR A MAM\u00c1"},"content":{"rendered":"<p>La salida de la caminata para festejar a mam\u00e1 que se realiz\u00f3 el pasado s\u00e1bado fue de la Plaza Principal a la Unidad Deportiva \u201cBicentenario\u201d, en donde se ofreci\u00f3 agua y fruta a los participantes para continuar el regreso a la salida inicial, en donde ya los esperaba personal de la Red Institucional de Salud e instancias que forman parte de ella, para dar inicio con la Matrogimnasia de la cual, el instructor fue el profesor Flavio Caballero, quien puso a los asistentes a continuar con esta clase aprovechando el calentamiento previo durante la caminata.<\/p>\n<p>Luego de la r\u00edtmica y divertida clase en la que todos los participantes colaboraron, el director de Deportes y Recreaci\u00f3n agradeci\u00f3 a todos por su participaci\u00f3n haciendo el compromiso que en 15 d\u00edas m\u00e1s se realizar\u00e1 la Tercera Caminata, para la cual pidi\u00f3 a los asistentes llevar a un acompa\u00f1ante m\u00e1s para unirse todos en alguna actividad f\u00edsica que les ayude a mantenerse con energ\u00eda.<\/p>\n<p>Al continuar con los eventos previos que se tienen programados para festejar el D\u00eda de las Madres, se llevaron a cabo el d\u00eda domingo dos actividades en las cuales se logr\u00f3 la participaci\u00f3n de personas de todas las edades, principalmente madres y padres de familia quienes acudieron con sus hijos peque\u00f1os.<\/p>\n<p>El motivo fue participar en la Segunda Caminata que organiz\u00f3 la direcci\u00f3n de Deportes y Recreaci\u00f3n, que en esta ocasi\u00f3n logr\u00f3 duplicar el n\u00famero de personas que asistieron a la primera.<\/p>\n<p>En esta ocasi\u00f3n, se cont\u00f3 a su vez con personas que forman parte del Comit\u00e9 Municipal para la Inclusi\u00f3n de Personas con Discapacidad (COMIPI) e incluso, particip\u00f3 su presidente, el maestro David C\u00e1zarez Pe\u00f1a, y personas de la tercera edad.<\/p>\n<p>La cita fue programada a las 8.30 de la ma\u00f1ana y 8 minutos despu\u00e9s, el director de Deportes, Jos\u00e9 Ram\u00f3n Maya Ibarra y la regidora, Brenda Orozco Torres, dieron el arranque oficial y dejaron el micr\u00f3fono a una de las instructoras para que iniciara el calentamiento previo.<\/p>\n","protected":false},"excerpt":{"rendered":"<p>La salida de la caminata para festejar a mam\u00e1 que se realiz\u00f3 el pasado s\u00e1bado&#8230;<\/p>\n","protected":false},"author":1,"featured_media":1520,"comment_status":"open","ping_status":"open","sticky":false,"template":"","format":"standard","meta":{"jetpack_post_was_ever_published":false,"_jetpack_newsletter_access":"","_jetpack_dont_email_post_to_subs":false,"_jetpack_newsletter_tier_id":0,"_jetpack_memberships_contains_paywalled_content":false,"_jetpack_memberships_contains_paid_content":false,"footnotes":"","jetpack_publicize_message":"","jetpack_publicize_feature_enabled":true,"jetpack_social_post_already_shared":false,"jetpack_social_options":{"image_generator_settings":{"template":"highway","enabled":false},"version":2}},"categories":[1],"tags":[15,36],"class_list":["post-1517","post","type-post","status-publish","format-standard","has-post-thumbnail","hentry","category-la-piedad","tag-la-piedad","tag-principales"],"jetpack_publicize_connections":[],"jetpack_sharing_enabled":true,"featured_image_urls":{"full":["http:\/\/tvalaire.com\/wp-content\/uploads\/2017\/05\/CAMINAN-Y-HACEN-MATROGIMNASIA-POR-LA-SALUD-PARA-FESTEJAR-A-MAM\u00c1.jpg",1024,683,false],"thumbnail":["http:\/\/tvalaire.com\/wp-content\/uploads\/2017\/05\/CAMINAN-Y-HACEN-MATROGIMNASIA-POR-LA-SALUD-PARA-FESTEJAR-A-MAM\u00c1-150x150.jpg",150,150,true],"medium":["http:\/\/tvalaire.com\/wp-content\/uploads\/2017\/05\/CAMINAN-Y-HACEN-MATROGIMNASIA-POR-LA-SALUD-PARA-FESTEJAR-A-MAM\u00c1-300x200.jpg",300,200,true],"medium_large":["http:\/\/tvalaire.com\/wp-content\/uploads\/2017\/05\/CAMINAN-Y-HACEN-MATROGIMNASIA-POR-LA-SALUD-PARA-FESTEJAR-A-MAM\u00c1-768x512.jpg",640,427,true],"large":["http:\/\/tvalaire.com\/wp-content\/uploads\/2017\/05\/CAMINAN-Y-HACEN-MATROGIMNASIA-POR-LA-SALUD-PARA-FESTEJAR-A-MAM\u00c1-1024x683.jpg",640,427,true],"post-slider-thumb-size":["http:\/\/tvalaire.com\/wp-content\/uploads\/2017\/05\/CAMINAN-Y-HACEN-MATROGIMNASIA-POR-LA-SALUD-PARA-FESTEJAR-A-MAM\u00c1.jpg",285,190,false],"post-category-slider-size":["http:\/\/tvalaire.com\/wp-content\/uploads\/2017\/05\/CAMINAN-Y-HACEN-MATROGIMNASIA-POR-LA-SALUD-PARA-FESTEJAR-A-MAM\u00c1.jpg",330,220,false],"1536x1536":["http:\/\/tvalaire.com\/wp-content\/uploads\/2017\/05\/CAMINAN-Y-HACEN-MATROGIMNASIA-POR-LA-SALUD-PARA-FESTEJAR-A-MAM\u00c1.jpg",1024,683,false],"2048x2048":["http:\/\/tvalaire.com\/wp-content\/uploads\/2017\/05\/CAMINAN-Y-HACEN-MATROGIMNASIA-POR-LA-SALUD-PARA-FESTEJAR-A-MAM\u00c1.jpg",1024,683,false],"newsium-slider-full":["http:\/\/tvalaire.com\/wp-content\/uploads\/2017\/05\/CAMINAN-Y-HACEN-MATROGIMNASIA-POR-LA-SALUD-PARA-FESTEJAR-A-MAM\u00c1.jpg",1024,683,false],"newsium-featured":["http:\/\/tvalaire.com\/wp-content\/uploads\/2017\/05\/CAMINAN-Y-HACEN-MATROGIMNASIA-POR-LA-SALUD-PARA-FESTEJAR-A-MAM\u00c1.jpg",1024,683,false],"newsium-medium":["http:\/\/tvalaire.com\/wp-content\/uploads\/2017\/05\/CAMINAN-Y-HACEN-MATROGIMNASIA-POR-LA-SALUD-PARA-FESTEJAR-A-MAM\u00c1.jpg",712,475,false]},"author_info":{"info":["tvalairenoti"]},"category_info":"<a href=\"http:\/\/tvalaire.com\/?cat=1\" rel=\"category\">La Piedad<\/a>","tag_info":"La Piedad","comment_count":"0","jetpack_featured_media_url":"http:\/\/tvalaire.com\/wp-content\/uploads\/2017\/05\/CAMINAN-Y-HACEN-MATROGIMNASIA-POR-LA-SALUD-PARA-FESTEJAR-A-MAM\u00c1.jpg","_links":{"self":[{"href":"http:\/\/tvalaire.com\/index.php?rest_route=\/wp\/v2\/posts\/1517"}],"collection":[{"href":"http:\/\/tvalaire.com\/index.php?rest_route=\/wp\/v2\/posts"}],"about":[{"href":"http:\/\/tvalaire.com\/index.php?rest_route=\/wp\/v2\/types\/post"}],"author":[{"embeddable":true,"href":"http:\/\/tvalaire.com\/index.php?rest_route=\/wp\/v2\/users\/1"}],"replies":[{"embeddable":true,"href":"http:\/\/tvalaire.com\/index.php?rest_route=%2Fwp%2Fv2%2Fcomments&post=1517"}],"version-history":[{"count":1,"href":"http:\/\/tvalaire.com\/index.php?rest_route=\/wp\/v2\/posts\/1517\/revisions"}],"predecessor-version":[{"id":1521,"href":"http:\/\/tvalaire.com\/index.php?rest_route=\/wp\/v2\/posts\/1517\/revisions\/1521"}],"wp:featuredmedia":[{"embeddable":true,"href":"http:\/\/tvalaire.com\/index.php?rest_route=\/wp\/v2\/media\/1520"}],"wp:attachment":[{"href":"http:\/\/tvalaire.com\/index.php?rest_route=%2Fwp%2Fv2%2Fmedia&parent=1517"}],"wp:term":[{"taxonomy":"category","embeddable":true,"href":"http:\/\/tvalaire.com\/index.php?rest_route=%2Fwp%2Fv2%2Fcategories&post=1517"},{"taxonomy":"post_tag","embeddable":true,"href":"http:\/\/tvalaire.com\/index.php?rest_route=%2Fwp%2Fv2%2Ftags&post=1517"}],"curies":[{"name":"wp","href":"https:\/\/api.w.org\/{rel}","templated":true}]}}