{"id":1502,"date":"2017-05-04T21:01:34","date_gmt":"2017-05-05T02:01:34","guid":{"rendered":"http:\/\/tvalaire.com\/?p=1502"},"modified":"2017-05-04T21:01:34","modified_gmt":"2017-05-05T02:01:34","slug":"comerciantes-del-centro-de-la-piedad-se-comprometen-a-mejorar-la-imagen-de-la-zona","status":"publish","type":"post","link":"http:\/\/tvalaire.com\/?p=1502","title":{"rendered":"COMERCIANTES DEL CENTRO DE LA PIEDAD SE COMPROMETEN A MEJORAR LA IMAGEN DE LA ZONA"},"content":{"rendered":"<p class=\"xmsonormal\" style=\"text-align: center; background: white;\" align=\"center\"><span style=\"font-size: 10.0pt; font-family: 'Arial','sans-serif'; color: #212121;\">\u00a0<\/span><\/p>\n<p class=\"xmsonormal\" style=\"text-align: justify; background: white;\"><span style=\"font-size: 10.0pt; font-family: 'Arial','sans-serif'; color: #212121;\">La Coordinaci\u00f3n de Ecolog\u00eda inici\u00f3 la campa\u00f1a \u201cNegocio Limpio\u201d, mediante la cual se busca concientizar al sector comercio a contribuir junto con la autoridad a mantener la buena imagen del centro y a respetar los cestos papeleros que son para uso exclusivo de los visitantes.<\/span><\/p>\n<p class=\"xmsonormal\" style=\"text-align: justify; background: white;\"><span style=\"font-size: 10.0pt; font-family: 'Arial','sans-serif'; color: #212121;\">Para la actividad los comerciantes se comprometen a no tirar basura en los cestos papeleros, ya que son de uso exclusivo de los peatones, a no tirar el agua sucia con la que trapean sus establecimientos fuera del negocio y a sacar su basura cuando suene la campa\u00f1a en el lugar establecido por Servicios P\u00fablicos.<\/span><\/p>\n<p class=\"xmsonormal\" style=\"text-align: justify; background: white;\"><span style=\"font-size: 10.0pt; font-family: 'Arial','sans-serif'; color: #212121;\">Antes de la firma de la carta, el S\u00edndico a nombre del Alcalde Juan Manuel Estrada Medina, se dirigi\u00f3 a los presentes para hablar de los esfuerzos que como gobierno se realizan para mantener limpia la ciudad. Destacando la inversi\u00f3n de 6.2 millones de pesos que hicieron para la compra de 4 camiones recolectores de basura.<\/span><\/p>\n<p class=\"xmsonormal\" style=\"text-align: justify; background: white;\"><span style=\"font-size: 10.0pt; font-family: 'Arial','sans-serif'; color: #212121;\">Sin embargo, destac\u00f3 que de nada sirve si como ciudadanos no se participa, para ello hizo un llamado a nombre del Alcalde para invitar a la poblaci\u00f3n y a los comerciantes a que sumen esfuerzos en esta tarea pues resalt\u00f3 que la ciudad m\u00e1s limpia no es la que m\u00e1s se barre, sino la que menos se ensucia.<\/span><\/p>\n<p class=\"xmsonormal\" style=\"text-align: justify; background: white;\"><span style=\"font-size: 10.0pt; font-family: 'Arial','sans-serif'; color: #212121;\">De ah\u00ed que los inst\u00f3 a lograr objetivos como los obtenidos por otras ciudades como Quer\u00e9taro que obtuvo el premio como ciudad m\u00e1s limpia o como en otros pa\u00edses donde ya est\u00e1n utilizando la basura para generar su propia energ\u00eda el\u00e9ctrica. Tema sobre el cual inform\u00f3 que el Presidente Municipal se encuentra valorando si a trav\u00e9s del Centro Intermunicipal para el Tratamiento de Residuos S\u00f3lidos (CITIRS) pueden comenzar a generar energ\u00eda, debido a que La Piedad cuenta con mucha materia org\u00e1nica para hacerlo.<\/span><\/p>\n<p class=\"xmsonormal\" style=\"text-align: justify; background: white;\"><span style=\"font-size: 10.0pt; font-family: 'Arial','sans-serif'; color: #212121;\">Y es que a decir del director de Servicios P\u00fablicos, en el municipio diariamente se genera 120 toneladas de basura.<\/span><\/p>\n<p class=\"xmsonormal\" style=\"text-align: justify; background: white;\"><span style=\"font-size: 10.0pt; font-family: 'Arial','sans-serif'; color: #212121;\">Agreg\u00f3 una invitaci\u00f3n a los comerciantes a sumarse a la tarea de mantener limpia la ciudad, respetando los cestos papeleros al no colocar su basura, pues son para uso exclusivo de los peatones que asisten a comprar los productos que ellos venden. A no tirar basura en la calle, ya que con las lluvias se obstruye el alcantarillado. De ah\u00ed que pidi\u00f3 generar conciencia sobre el cuidado que deben tener e hizo un llamado sobre todo para mejorar juntos la imagen del municipio.<\/span><\/p>\n<p class=\"xmsonormal\" style=\"text-align: justify; background: white;\"><span style=\"font-size: 10.0pt; font-family: 'Arial','sans-serif'; color: #212121;\">Durante el acto autoridades municipales acudieron a los comercios locales a colocar una calcoman\u00eda con la cual ellos refrendan su compromiso para dar cumplimiento a los compromisos pactados previamente.<\/span><\/p>\n<p class=\"xmsonormal\" style=\"text-align: justify; background: white;\"><span style=\"font-size: 10.0pt; font-family: 'Arial','sans-serif'; color: #212121;\">En el arranque oficial de dicha campa\u00f1a se cont\u00f3 con la presencia del S\u00edndico, Nicol\u00e1s Hermosillo Garc\u00eda en representaci\u00f3n del Alcalde Juan Manuel Estrada Medina; Luis Rodolfo Chavolla Hern\u00e1ndez, director de Servicios P\u00fablicos, as\u00ed como las regidoras, Estefan\u00eda Espinosa Gonz\u00e1lez y Sof\u00eda Jacqueline Le\u00f3n Hern\u00e1ndez; Lourdes Le\u00f3n presidenta de la C\u00e1mara de Comercio Nacional (Canaco) y comerciantes de la zona centro, quienes firmaron una carta compromiso para participar en esta campa\u00f1a que forma parte del programa \u201cLa Piedad limpia depende de todos\u201d.<\/span><\/p>\n","protected":false},"excerpt":{"rendered":"<p>\u00a0 La Coordinaci\u00f3n de Ecolog\u00eda inici\u00f3 la campa\u00f1a \u201cNegocio Limpio\u201d, mediante la cual se busca&#8230;<\/p>\n","protected":false},"author":1,"featured_media":1500,"comment_status":"open","ping_status":"open","sticky":false,"template":"","format":"standard","meta":{"jetpack_post_was_ever_published":false,"_jetpack_newsletter_access":"","_jetpack_dont_email_post_to_subs":false,"_jetpack_newsletter_tier_id":0,"_jetpack_memberships_contains_paywalled_content":false,"_jetpack_memberships_contains_paid_content":false,"footnotes":"","jetpack_publicize_message":"","jetpack_publicize_feature_enabled":true,"jetpack_social_post_already_shared":false,"jetpack_social_options":{"image_generator_settings":{"template":"highway","enabled":false},"version":2}},"categories":[1],"tags":[15,36],"class_list":["post-1502","post","type-post","status-publish","format-standard","has-post-thumbnail","hentry","category-la-piedad","tag-la-piedad","tag-principales"],"jetpack_publicize_connections":[],"jetpack_sharing_enabled":true,"featured_image_urls":{"full":["http:\/\/tvalaire.com\/wp-content\/uploads\/2017\/05\/COMERCIANTES-DEL-CENTRO-DE-LA-PIEDAD-SE-COMPROMETEN-A-MEJORAR-LA-IMAGEN-DE-LA-ZONA2.jpg",1024,684,false],"thumbnail":["http:\/\/tvalaire.com\/wp-content\/uploads\/2017\/05\/COMERCIANTES-DEL-CENTRO-DE-LA-PIEDAD-SE-COMPROMETEN-A-MEJORAR-LA-IMAGEN-DE-LA-ZONA2-150x150.jpg",150,150,true],"medium":["http:\/\/tvalaire.com\/wp-content\/uploads\/2017\/05\/COMERCIANTES-DEL-CENTRO-DE-LA-PIEDAD-SE-COMPROMETEN-A-MEJORAR-LA-IMAGEN-DE-LA-ZONA2-300x200.jpg",300,200,true],"medium_large":["http:\/\/tvalaire.com\/wp-content\/uploads\/2017\/05\/COMERCIANTES-DEL-CENTRO-DE-LA-PIEDAD-SE-COMPROMETEN-A-MEJORAR-LA-IMAGEN-DE-LA-ZONA2-768x513.jpg",640,428,true],"large":["http:\/\/tvalaire.com\/wp-content\/uploads\/2017\/05\/COMERCIANTES-DEL-CENTRO-DE-LA-PIEDAD-SE-COMPROMETEN-A-MEJORAR-LA-IMAGEN-DE-LA-ZONA2-1024x684.jpg",640,428,true],"post-slider-thumb-size":["http:\/\/tvalaire.com\/wp-content\/uploads\/2017\/05\/COMERCIANTES-DEL-CENTRO-DE-LA-PIEDAD-SE-COMPROMETEN-A-MEJORAR-LA-IMAGEN-DE-LA-ZONA2.jpg",284,190,false],"post-category-slider-size":["http:\/\/tvalaire.com\/wp-content\/uploads\/2017\/05\/COMERCIANTES-DEL-CENTRO-DE-LA-PIEDAD-SE-COMPROMETEN-A-MEJORAR-LA-IMAGEN-DE-LA-ZONA2.jpg",330,220,false],"1536x1536":["http:\/\/tvalaire.com\/wp-content\/uploads\/2017\/05\/COMERCIANTES-DEL-CENTRO-DE-LA-PIEDAD-SE-COMPROMETEN-A-MEJORAR-LA-IMAGEN-DE-LA-ZONA2.jpg",1024,684,false],"2048x2048":["http:\/\/tvalaire.com\/wp-content\/uploads\/2017\/05\/COMERCIANTES-DEL-CENTRO-DE-LA-PIEDAD-SE-COMPROMETEN-A-MEJORAR-LA-IMAGEN-DE-LA-ZONA2.jpg",1024,684,false],"newsium-slider-full":["http:\/\/tvalaire.com\/wp-content\/uploads\/2017\/05\/COMERCIANTES-DEL-CENTRO-DE-LA-PIEDAD-SE-COMPROMETEN-A-MEJORAR-LA-IMAGEN-DE-LA-ZONA2.jpg",1024,684,false],"newsium-featured":["http:\/\/tvalaire.com\/wp-content\/uploads\/2017\/05\/COMERCIANTES-DEL-CENTRO-DE-LA-PIEDAD-SE-COMPROMETEN-A-MEJORAR-LA-IMAGEN-DE-LA-ZONA2.jpg",1024,684,false],"newsium-medium":["http:\/\/tvalaire.com\/wp-content\/uploads\/2017\/05\/COMERCIANTES-DEL-CENTRO-DE-LA-PIEDAD-SE-COMPROMETEN-A-MEJORAR-LA-IMAGEN-DE-LA-ZONA2.jpg",711,475,false]},"author_info":{"info":["tvalairenoti"]},"category_info":"<a href=\"http:\/\/tvalaire.com\/?cat=1\" rel=\"category\">La Piedad<\/a>","tag_info":"La Piedad","comment_count":"0","jetpack_featured_media_url":"http:\/\/tvalaire.com\/wp-content\/uploads\/2017\/05\/COMERCIANTES-DEL-CENTRO-DE-LA-PIEDAD-SE-COMPROMETEN-A-MEJORAR-LA-IMAGEN-DE-LA-ZONA2.jpg","_links":{"self":[{"href":"http:\/\/tvalaire.com\/index.php?rest_route=\/wp\/v2\/posts\/1502"}],"collection":[{"href":"http:\/\/tvalaire.com\/index.php?rest_route=\/wp\/v2\/posts"}],"about":[{"href":"http:\/\/tvalaire.com\/index.php?rest_route=\/wp\/v2\/types\/post"}],"author":[{"embeddable":true,"href":"http:\/\/tvalaire.com\/index.php?rest_route=\/wp\/v2\/users\/1"}],"replies":[{"embeddable":true,"href":"http:\/\/tvalaire.com\/index.php?rest_route=%2Fwp%2Fv2%2Fcomments&post=1502"}],"version-history":[{"count":1,"href":"http:\/\/tvalaire.com\/index.php?rest_route=\/wp\/v2\/posts\/1502\/revisions"}],"predecessor-version":[{"id":1503,"href":"http:\/\/tvalaire.com\/index.php?rest_route=\/wp\/v2\/posts\/1502\/revisions\/1503"}],"wp:featuredmedia":[{"embeddable":true,"href":"http:\/\/tvalaire.com\/index.php?rest_route=\/wp\/v2\/media\/1500"}],"wp:attachment":[{"href":"http:\/\/tvalaire.com\/index.php?rest_route=%2Fwp%2Fv2%2Fmedia&parent=1502"}],"wp:term":[{"taxonomy":"category","embeddable":true,"href":"http:\/\/tvalaire.com\/index.php?rest_route=%2Fwp%2Fv2%2Fcategories&post=1502"},{"taxonomy":"post_tag","embeddable":true,"href":"http:\/\/tvalaire.com\/index.php?rest_route=%2Fwp%2Fv2%2Ftags&post=1502"}],"curies":[{"name":"wp","href":"https:\/\/api.w.org\/{rel}","templated":true}]}}