{"id":1498,"date":"2017-05-04T21:00:14","date_gmt":"2017-05-05T02:00:14","guid":{"rendered":"http:\/\/tvalaire.com\/?p=1498"},"modified":"2017-05-04T21:00:14","modified_gmt":"2017-05-05T02:00:14","slug":"invita-gobierno-a-mega-clase-de-zumba-para-celebrar-a-mama","status":"publish","type":"post","link":"http:\/\/tvalaire.com\/?p=1498","title":{"rendered":"INVITA GOBIERNO A MEGA CLASE DE ZUMBA PARA CELEBRAR A MAM\u00c1"},"content":{"rendered":"<p class=\"xmsonormal\" style=\"text-align: center; background: white;\" align=\"center\"><span style=\"font-size: 10.0pt; font-family: 'Arial','sans-serif'; color: #212121;\">\u00a0<\/span><\/p>\n<p class=\"xmsonormal\" style=\"text-align: justify; background: white; font-variant-ligatures: normal; font-variant-caps: normal; orphans: 2; widows: 2; -webkit-text-stroke-width: 0px; text-decoration-style: initial; text-decoration-color: initial; word-spacing: 0px;\"><span style=\"font-size: 10.0pt; font-family: 'Arial','sans-serif'; color: #212121;\">La direcci\u00f3n de Deportes y Recreaci\u00f3n dentro de los festejos que el Gobierno Municipal de La Piedad realizar\u00e1 una mega clase de zumba en la Unidad Deportiva \u201cLic. Humberto Romero P\u00e9rez\u201d, para celebrar el D\u00eda de las Madres.<\/span><\/p>\n<p class=\"xmsonormal\" style=\"text-align: justify; background: white;\"><span style=\"font-size: 10.0pt; font-family: 'Arial','sans-serif'; color: #212121;\">La cita es a las 17:00 horas y se prev\u00e9 que concluya a las 19:30 horas. Las clases de zumba se han convertido en una de las actividades f\u00edsicas m\u00e1s aceptadas por las mujeres, especialmente por las que son mam\u00e1s.<\/span><\/p>\n<p class=\"xmsonormal\" style=\"text-align: justify; background: white;\"><span style=\"font-size: 10.0pt; font-family: 'Arial','sans-serif'; color: #212121;\">De ah\u00ed que la promoci\u00f3n de las clases que realiza el Gobierno Municipal a trav\u00e9s de los Centros Comunitarios o de las Unidades Deportivas, son de las m\u00e1s solicitadas, es por ello que la mejor forma de comenzar los festejos del 10 de mayo, ser\u00e1 mediante la puesta en acci\u00f3n de un programa de activaci\u00f3n f\u00edsica que les ayude a accionar todo su cuerpo y llenarse de energ\u00eda.<\/span><\/p>\n<p class=\"xmsonormal\" style=\"text-align: justify; background: white;\"><span style=\"font-size: 10.0pt; font-family: 'Arial','sans-serif'; color: #212121;\">Es por ello, que en atenci\u00f3n al llamado que hiciera el Alcalde para no dejar pasar de lado el festejo a las madres, la direcci\u00f3n de Deportes y Recreaci\u00f3n tiene preparada esta mega clase de zumba la cual ser\u00e1 impartida por la maestra Mar\u00eda Guadalupe Ayala Ibarra y ser\u00e1 totalmente gratuita.<\/span><\/p>\n<p class=\"xmsonormal\" style=\"text-align: justify; background: white;\"><span style=\"font-size: 10.0pt; font-family: 'Arial','sans-serif'; color: #212121;\">Por lo que la direcci\u00f3n de Deportes y Recreaci\u00f3n, hizo un llamado a todas las mujeres sobre todo a las madres de familia para que acudan a esta actividad, la cual est\u00e1 dise\u00f1ada para ayudarles a despertar el inter\u00e9s por verse y mantenerse f\u00edsicamente sanas.<\/span><\/p>\n<p class=\"xmsonormal\" style=\"text-align: justify; background: white;\"><span style=\"font-size: 10.0pt; font-family: 'Arial','sans-serif'; color: #212121;\">Con lo anterior, el Gobierno Municipal apoya de manera integral a las madres de familia con esta actividad intentando crear d\u00eda a d\u00eda el h\u00e1bito del deporte.<\/span><\/p>\n<p class=\"xmsonormal\" style=\"text-align: justify; background: white; font-variant-ligatures: normal; font-variant-caps: normal; orphans: 2; widows: 2; -webkit-text-stroke-width: 0px; text-decoration-style: initial; text-decoration-color: initial; word-spacing: 0px;\"><span style=\"font-size: 10.0pt; font-family: 'Segoe UI','sans-serif'; color: #212121;\">\u00a0<\/span><\/p>\n","protected":false},"excerpt":{"rendered":"<p>\u00a0 La direcci\u00f3n de Deportes y Recreaci\u00f3n dentro de los festejos que el Gobierno Municipal&#8230;<\/p>\n","protected":false},"author":1,"featured_media":1499,"comment_status":"open","ping_status":"open","sticky":false,"template":"","format":"standard","meta":{"jetpack_post_was_ever_published":false,"_jetpack_newsletter_access":"","_jetpack_dont_email_post_to_subs":false,"_jetpack_newsletter_tier_id":0,"_jetpack_memberships_contains_paywalled_content":false,"_jetpack_memberships_contains_paid_content":false,"footnotes":"","jetpack_publicize_message":"","jetpack_publicize_feature_enabled":true,"jetpack_social_post_already_shared":false,"jetpack_social_options":{"image_generator_settings":{"template":"highway","enabled":false},"version":2}},"categories":[1],"tags":[15,36],"class_list":["post-1498","post","type-post","status-publish","format-standard","has-post-thumbnail","hentry","category-la-piedad","tag-la-piedad","tag-principales"],"jetpack_publicize_connections":[],"jetpack_sharing_enabled":true,"featured_image_urls":{"full":["http:\/\/tvalaire.com\/wp-content\/uploads\/2017\/05\/INVITA-GOBIERNO-A-MEGA-CLASE-DE-ZUMBA-PARA-CELEBRAR-A-MAM\u00c12.jpg",1024,683,false],"thumbnail":["http:\/\/tvalaire.com\/wp-content\/uploads\/2017\/05\/INVITA-GOBIERNO-A-MEGA-CLASE-DE-ZUMBA-PARA-CELEBRAR-A-MAM\u00c12-150x150.jpg",150,150,true],"medium":["http:\/\/tvalaire.com\/wp-content\/uploads\/2017\/05\/INVITA-GOBIERNO-A-MEGA-CLASE-DE-ZUMBA-PARA-CELEBRAR-A-MAM\u00c12-300x200.jpg",300,200,true],"medium_large":["http:\/\/tvalaire.com\/wp-content\/uploads\/2017\/05\/INVITA-GOBIERNO-A-MEGA-CLASE-DE-ZUMBA-PARA-CELEBRAR-A-MAM\u00c12-768x512.jpg",640,427,true],"large":["http:\/\/tvalaire.com\/wp-content\/uploads\/2017\/05\/INVITA-GOBIERNO-A-MEGA-CLASE-DE-ZUMBA-PARA-CELEBRAR-A-MAM\u00c12-1024x683.jpg",640,427,true],"post-slider-thumb-size":["http:\/\/tvalaire.com\/wp-content\/uploads\/2017\/05\/INVITA-GOBIERNO-A-MEGA-CLASE-DE-ZUMBA-PARA-CELEBRAR-A-MAM\u00c12.jpg",285,190,false],"post-category-slider-size":["http:\/\/tvalaire.com\/wp-content\/uploads\/2017\/05\/INVITA-GOBIERNO-A-MEGA-CLASE-DE-ZUMBA-PARA-CELEBRAR-A-MAM\u00c12.jpg",330,220,false],"1536x1536":["http:\/\/tvalaire.com\/wp-content\/uploads\/2017\/05\/INVITA-GOBIERNO-A-MEGA-CLASE-DE-ZUMBA-PARA-CELEBRAR-A-MAM\u00c12.jpg",1024,683,false],"2048x2048":["http:\/\/tvalaire.com\/wp-content\/uploads\/2017\/05\/INVITA-GOBIERNO-A-MEGA-CLASE-DE-ZUMBA-PARA-CELEBRAR-A-MAM\u00c12.jpg",1024,683,false],"newsium-slider-full":["http:\/\/tvalaire.com\/wp-content\/uploads\/2017\/05\/INVITA-GOBIERNO-A-MEGA-CLASE-DE-ZUMBA-PARA-CELEBRAR-A-MAM\u00c12.jpg",1024,683,false],"newsium-featured":["http:\/\/tvalaire.com\/wp-content\/uploads\/2017\/05\/INVITA-GOBIERNO-A-MEGA-CLASE-DE-ZUMBA-PARA-CELEBRAR-A-MAM\u00c12.jpg",1024,683,false],"newsium-medium":["http:\/\/tvalaire.com\/wp-content\/uploads\/2017\/05\/INVITA-GOBIERNO-A-MEGA-CLASE-DE-ZUMBA-PARA-CELEBRAR-A-MAM\u00c12.jpg",712,475,false]},"author_info":{"info":["tvalairenoti"]},"category_info":"<a href=\"http:\/\/tvalaire.com\/?cat=1\" rel=\"category\">La Piedad<\/a>","tag_info":"La Piedad","comment_count":"0","jetpack_featured_media_url":"http:\/\/tvalaire.com\/wp-content\/uploads\/2017\/05\/INVITA-GOBIERNO-A-MEGA-CLASE-DE-ZUMBA-PARA-CELEBRAR-A-MAM\u00c12.jpg","_links":{"self":[{"href":"http:\/\/tvalaire.com\/index.php?rest_route=\/wp\/v2\/posts\/1498"}],"collection":[{"href":"http:\/\/tvalaire.com\/index.php?rest_route=\/wp\/v2\/posts"}],"about":[{"href":"http:\/\/tvalaire.com\/index.php?rest_route=\/wp\/v2\/types\/post"}],"author":[{"embeddable":true,"href":"http:\/\/tvalaire.com\/index.php?rest_route=\/wp\/v2\/users\/1"}],"replies":[{"embeddable":true,"href":"http:\/\/tvalaire.com\/index.php?rest_route=%2Fwp%2Fv2%2Fcomments&post=1498"}],"version-history":[{"count":1,"href":"http:\/\/tvalaire.com\/index.php?rest_route=\/wp\/v2\/posts\/1498\/revisions"}],"predecessor-version":[{"id":1501,"href":"http:\/\/tvalaire.com\/index.php?rest_route=\/wp\/v2\/posts\/1498\/revisions\/1501"}],"wp:featuredmedia":[{"embeddable":true,"href":"http:\/\/tvalaire.com\/index.php?rest_route=\/wp\/v2\/media\/1499"}],"wp:attachment":[{"href":"http:\/\/tvalaire.com\/index.php?rest_route=%2Fwp%2Fv2%2Fmedia&parent=1498"}],"wp:term":[{"taxonomy":"category","embeddable":true,"href":"http:\/\/tvalaire.com\/index.php?rest_route=%2Fwp%2Fv2%2Fcategories&post=1498"},{"taxonomy":"post_tag","embeddable":true,"href":"http:\/\/tvalaire.com\/index.php?rest_route=%2Fwp%2Fv2%2Ftags&post=1498"}],"curies":[{"name":"wp","href":"https:\/\/api.w.org\/{rel}","templated":true}]}}