{"id":1479,"date":"2017-05-04T09:49:56","date_gmt":"2017-05-04T14:49:56","guid":{"rendered":"http:\/\/tvalaire.com\/?p=1479"},"modified":"2017-05-04T09:49:56","modified_gmt":"2017-05-04T14:49:56","slug":"termina-colocacion-de-vialetas-reflejantes-en-bulevares","status":"publish","type":"post","link":"http:\/\/tvalaire.com\/?p=1479","title":{"rendered":"TERMINA COLOCACI\u00d3N DE VIALETAS REFLEJANTES EN BULEVARES"},"content":{"rendered":"<p class=\"xmsonormal\" style=\"text-align: center; background: white;\" align=\"center\"><b><span style=\"font-size: 10.0pt; font-family: 'Arial','sans-serif'; color: #212121;\">\u00a0<\/span><\/b><\/p>\n<p class=\"xmsonormal\" style=\"text-align: justify; background: white; font-variant-ligatures: normal; font-variant-caps: normal; orphans: 2; widows: 2; -webkit-text-stroke-width: 0px; text-decoration-style: initial; text-decoration-color: initial; word-spacing: 0px;\"><span style=\"font-size: 10.0pt; font-family: 'Arial','sans-serif'; color: #212121;\">Con el fin de propiciar una mayor visibilidad y comodidad al conductor que circula por las noches por las calles de La Piedad, la Subdirecci\u00f3n de Tr\u00e1nsito, termin\u00f3 con la colocaci\u00f3n de vialetas reflejantes en los bulevares de la localidad.<\/span><\/p>\n<p class=\"xmsonormal\" style=\"text-align: justify; background: white;\"><span style=\"font-size: 10.0pt; font-family: 'Arial','sans-serif'; color: #212121;\">Los trabajos de colocaci\u00f3n de este tipo de se\u00f1ales se llevaron a cabo a partir del lunes 17 y acaba de concluir con las labores que se realizaron sobre los bulevares Adolfo L\u00f3pez Mateos y L\u00e1zaro C\u00e1rdenas.<\/span><\/p>\n<p class=\"xmsonormal\" style=\"text-align: justify; background: white;\"><span style=\"font-size: 10.0pt; font-family: 'Arial','sans-serif'; color: #212121;\">Los se\u00f1alamientos se colocaron tanto en divisi\u00f3n de carriles central y lateral, adem\u00e1s de que se prev\u00e9 continuar con la colocaci\u00f3n de las mismas sobre los cruces peatonales que existen en la ciudad, as\u00ed como el balizamiento de los mismos.<\/span><\/p>\n<p class=\"xmsonormal\" style=\"text-align: justify; background: white;\"><span style=\"font-size: 10.0pt; font-family: 'Arial','sans-serif'; color: #212121;\">Hasta el momento se han colocado un total de 944 vialetas reflejantes, con una distancia de 6 mil 800 metros lineales. Adem\u00e1s de que se colocaron otras m\u00e1s sobre el libramiento Mart\u00ed Mercado sobre la l\u00ednea separadora del carril central, con un aproximado de 324 vialetas colocadas de color amarillo con una distancia de 5 mil 120 metros aproximadamente.<\/span><\/p>\n<p class=\"xmsonormal\" style=\"text-align: justify; background: white;\"><span style=\"font-size: 10.0pt; font-family: 'Arial','sans-serif'; color: #212121;\">El Subdirector de Tr\u00e1nsito, anunci\u00f3 que continuar\u00e1n con la colocaci\u00f3n de vialetas reflejantes en lo que corresponde a los cruces con la avenida La Salle y calle Apatzing\u00e1n.<\/span><\/p>\n<p class=\"xmsonormal\" style=\"text-align: justify; background: white;\"><span style=\"font-size: 10.0pt; font-family: 'Arial','sans-serif'; color: #212121;\">En cuanto al balizamiento, inform\u00f3 que se comenz\u00f3 en la calle Mariano Jim\u00e9nez esquina con 25 de Julio hasta Carrillo Puerto, Mariano Jim\u00e9nez con Guerrero hasta Ju\u00e1rez, continuando sobre la Ju\u00e1rez, 20 de Noviembre hasta la vialidad Manuel Doblado.<\/span><\/p>\n<p class=\"xmsonormal\" style=\"text-align: justify; background: white;\"><span style=\"font-size: 10.0pt; font-family: 'Arial','sans-serif'; color: #212121;\">Las labores se realizaron en la Pedro Chavolla, en el tramo del bulevar hasta continuar con Mariano Silva y Aceves, Hidalgo y hasta el callej\u00f3n Juan Escutia. En total, se balizaron mil 356 metros de calle y continuar\u00e1n con estos trabajos por las noches.<\/span><\/p>\n","protected":false},"excerpt":{"rendered":"<p>\u00a0 Con el fin de propiciar una mayor visibilidad y comodidad al conductor que circula&#8230;<\/p>\n","protected":false},"author":1,"featured_media":1483,"comment_status":"open","ping_status":"open","sticky":false,"template":"","format":"standard","meta":{"jetpack_post_was_ever_published":false,"_jetpack_newsletter_access":"","_jetpack_dont_email_post_to_subs":false,"_jetpack_newsletter_tier_id":0,"_jetpack_memberships_contains_paywalled_content":false,"_jetpack_memberships_contains_paid_content":false,"footnotes":"","jetpack_publicize_message":"","jetpack_publicize_feature_enabled":true,"jetpack_social_post_already_shared":false,"jetpack_social_options":{"image_generator_settings":{"template":"highway","enabled":false},"version":2}},"categories":[1],"tags":[15,36],"class_list":["post-1479","post","type-post","status-publish","format-standard","has-post-thumbnail","hentry","category-la-piedad","tag-la-piedad","tag-principales"],"jetpack_publicize_connections":[],"jetpack_sharing_enabled":true,"featured_image_urls":{"full":["http:\/\/tvalaire.com\/wp-content\/uploads\/2017\/05\/TERMINA-COLOCACI\u00d3N-DE-VIALETAS-REFLEJANTES-EN-BULEVARES.jpg",1024,576,false],"thumbnail":["http:\/\/tvalaire.com\/wp-content\/uploads\/2017\/05\/TERMINA-COLOCACI\u00d3N-DE-VIALETAS-REFLEJANTES-EN-BULEVARES-150x150.jpg",150,150,true],"medium":["http:\/\/tvalaire.com\/wp-content\/uploads\/2017\/05\/TERMINA-COLOCACI\u00d3N-DE-VIALETAS-REFLEJANTES-EN-BULEVARES-300x169.jpg",300,169,true],"medium_large":["http:\/\/tvalaire.com\/wp-content\/uploads\/2017\/05\/TERMINA-COLOCACI\u00d3N-DE-VIALETAS-REFLEJANTES-EN-BULEVARES-768x432.jpg",640,360,true],"large":["http:\/\/tvalaire.com\/wp-content\/uploads\/2017\/05\/TERMINA-COLOCACI\u00d3N-DE-VIALETAS-REFLEJANTES-EN-BULEVARES-1024x576.jpg",640,360,true],"post-slider-thumb-size":["http:\/\/tvalaire.com\/wp-content\/uploads\/2017\/05\/TERMINA-COLOCACI\u00d3N-DE-VIALETAS-REFLEJANTES-EN-BULEVARES.jpg",330,186,false],"post-category-slider-size":["http:\/\/tvalaire.com\/wp-content\/uploads\/2017\/05\/TERMINA-COLOCACI\u00d3N-DE-VIALETAS-REFLEJANTES-EN-BULEVARES.jpg",330,186,false],"1536x1536":["http:\/\/tvalaire.com\/wp-content\/uploads\/2017\/05\/TERMINA-COLOCACI\u00d3N-DE-VIALETAS-REFLEJANTES-EN-BULEVARES.jpg",1024,576,false],"2048x2048":["http:\/\/tvalaire.com\/wp-content\/uploads\/2017\/05\/TERMINA-COLOCACI\u00d3N-DE-VIALETAS-REFLEJANTES-EN-BULEVARES.jpg",1024,576,false],"newsium-slider-full":["http:\/\/tvalaire.com\/wp-content\/uploads\/2017\/05\/TERMINA-COLOCACI\u00d3N-DE-VIALETAS-REFLEJANTES-EN-BULEVARES.jpg",1024,576,false],"newsium-featured":["http:\/\/tvalaire.com\/wp-content\/uploads\/2017\/05\/TERMINA-COLOCACI\u00d3N-DE-VIALETAS-REFLEJANTES-EN-BULEVARES.jpg",1024,576,false],"newsium-medium":["http:\/\/tvalaire.com\/wp-content\/uploads\/2017\/05\/TERMINA-COLOCACI\u00d3N-DE-VIALETAS-REFLEJANTES-EN-BULEVARES.jpg",720,405,false]},"author_info":{"info":["tvalairenoti"]},"category_info":"<a href=\"http:\/\/tvalaire.com\/?cat=1\" rel=\"category\">La Piedad<\/a>","tag_info":"La Piedad","comment_count":"0","jetpack_featured_media_url":"http:\/\/tvalaire.com\/wp-content\/uploads\/2017\/05\/TERMINA-COLOCACI\u00d3N-DE-VIALETAS-REFLEJANTES-EN-BULEVARES.jpg","_links":{"self":[{"href":"http:\/\/tvalaire.com\/index.php?rest_route=\/wp\/v2\/posts\/1479"}],"collection":[{"href":"http:\/\/tvalaire.com\/index.php?rest_route=\/wp\/v2\/posts"}],"about":[{"href":"http:\/\/tvalaire.com\/index.php?rest_route=\/wp\/v2\/types\/post"}],"author":[{"embeddable":true,"href":"http:\/\/tvalaire.com\/index.php?rest_route=\/wp\/v2\/users\/1"}],"replies":[{"embeddable":true,"href":"http:\/\/tvalaire.com\/index.php?rest_route=%2Fwp%2Fv2%2Fcomments&post=1479"}],"version-history":[{"count":1,"href":"http:\/\/tvalaire.com\/index.php?rest_route=\/wp\/v2\/posts\/1479\/revisions"}],"predecessor-version":[{"id":1484,"href":"http:\/\/tvalaire.com\/index.php?rest_route=\/wp\/v2\/posts\/1479\/revisions\/1484"}],"wp:featuredmedia":[{"embeddable":true,"href":"http:\/\/tvalaire.com\/index.php?rest_route=\/wp\/v2\/media\/1483"}],"wp:attachment":[{"href":"http:\/\/tvalaire.com\/index.php?rest_route=%2Fwp%2Fv2%2Fmedia&parent=1479"}],"wp:term":[{"taxonomy":"category","embeddable":true,"href":"http:\/\/tvalaire.com\/index.php?rest_route=%2Fwp%2Fv2%2Fcategories&post=1479"},{"taxonomy":"post_tag","embeddable":true,"href":"http:\/\/tvalaire.com\/index.php?rest_route=%2Fwp%2Fv2%2Ftags&post=1479"}],"curies":[{"name":"wp","href":"https:\/\/api.w.org\/{rel}","templated":true}]}}