{"id":1465,"date":"2017-05-04T09:44:31","date_gmt":"2017-05-04T14:44:31","guid":{"rendered":"http:\/\/tvalaire.com\/?p=1465"},"modified":"2017-05-04T09:44:31","modified_gmt":"2017-05-04T14:44:31","slug":"victor-vazquez-atiende-necesidades-de-la-comunidad-de-el-pilar-y-las-letras","status":"publish","type":"post","link":"http:\/\/tvalaire.com\/?p=1465","title":{"rendered":"V\u00cdCTOR V\u00c1ZQUEZ ATIENDE NECESIDADES DE LA COMUNIDAD DE EL PILAR Y LAS LETRAS"},"content":{"rendered":"<p>El Presidente Municipal V\u00edctor V\u00e1zquez, en atenci\u00f3n ciudadana, el d\u00eda de hoy asisti\u00f3 a la comunidad de Las Letras y El Pilar, con el objetivo de trabajar de manera conjunta con la poblaci\u00f3n, para atender problemas y necesidades de dichas comunidades, y de esta forma tener resultados en corto plazo.<\/p>\n<p>&nbsp;<\/p>\n<p><img loading=\"lazy\" decoding=\"async\" class=\"alignnone size-medium wp-image-1469\" src=\"http:\/\/tvalaire.com\/wp-content\/uploads\/2017\/05\/VISITA-AL-PILAR-Y-LAS-LETRAS-5-300x169.jpg\" alt=\"\" width=\"300\" height=\"169\" srcset=\"http:\/\/tvalaire.com\/wp-content\/uploads\/2017\/05\/VISITA-AL-PILAR-Y-LAS-LETRAS-5-300x169.jpg 300w, http:\/\/tvalaire.com\/wp-content\/uploads\/2017\/05\/VISITA-AL-PILAR-Y-LAS-LETRAS-5-768x432.jpg 768w, http:\/\/tvalaire.com\/wp-content\/uploads\/2017\/05\/VISITA-AL-PILAR-Y-LAS-LETRAS-5-1024x576.jpg 1024w, http:\/\/tvalaire.com\/wp-content\/uploads\/2017\/05\/VISITA-AL-PILAR-Y-LAS-LETRAS-5.jpg 1334w\" sizes=\"(max-width: 300px) 100vw, 300px\" \/><\/p>\n<p><img loading=\"lazy\" decoding=\"async\" class=\"alignnone size-medium wp-image-1467\" src=\"http:\/\/tvalaire.com\/wp-content\/uploads\/2017\/05\/VISITA-AL-PILAR-Y-LAS-LETRAS-3-300x169.jpg\" alt=\"\" width=\"300\" height=\"169\" srcset=\"http:\/\/tvalaire.com\/wp-content\/uploads\/2017\/05\/VISITA-AL-PILAR-Y-LAS-LETRAS-3-300x169.jpg 300w, http:\/\/tvalaire.com\/wp-content\/uploads\/2017\/05\/VISITA-AL-PILAR-Y-LAS-LETRAS-3-768x432.jpg 768w, http:\/\/tvalaire.com\/wp-content\/uploads\/2017\/05\/VISITA-AL-PILAR-Y-LAS-LETRAS-3-1024x576.jpg 1024w, http:\/\/tvalaire.com\/wp-content\/uploads\/2017\/05\/VISITA-AL-PILAR-Y-LAS-LETRAS-3.jpg 1334w\" sizes=\"(max-width: 300px) 100vw, 300px\" \/><\/p>\n<p><img loading=\"lazy\" decoding=\"async\" class=\"alignnone size-medium wp-image-1466\" src=\"http:\/\/tvalaire.com\/wp-content\/uploads\/2017\/05\/VISITA-AL-PILAR-Y-LAS-LETRAS-2-300x169.jpg\" alt=\"\" width=\"300\" height=\"169\" srcset=\"http:\/\/tvalaire.com\/wp-content\/uploads\/2017\/05\/VISITA-AL-PILAR-Y-LAS-LETRAS-2-300x169.jpg 300w, http:\/\/tvalaire.com\/wp-content\/uploads\/2017\/05\/VISITA-AL-PILAR-Y-LAS-LETRAS-2-768x432.jpg 768w, http:\/\/tvalaire.com\/wp-content\/uploads\/2017\/05\/VISITA-AL-PILAR-Y-LAS-LETRAS-2-1024x576.jpg 1024w, http:\/\/tvalaire.com\/wp-content\/uploads\/2017\/05\/VISITA-AL-PILAR-Y-LAS-LETRAS-2.jpg 1334w\" sizes=\"(max-width: 300px) 100vw, 300px\" \/><\/p>\n","protected":false},"excerpt":{"rendered":"<p>El Presidente Municipal V\u00edctor V\u00e1zquez, en atenci\u00f3n ciudadana, el d\u00eda de hoy asisti\u00f3 a la&#8230;<\/p>\n","protected":false},"author":1,"featured_media":1468,"comment_status":"open","ping_status":"open","sticky":false,"template":"","format":"standard","meta":{"jetpack_post_was_ever_published":false,"_jetpack_newsletter_access":"","_jetpack_dont_email_post_to_subs":false,"_jetpack_newsletter_tier_id":0,"_jetpack_memberships_contains_paywalled_content":false,"_jetpack_memberships_contains_paid_content":false,"footnotes":"","jetpack_publicize_message":"","jetpack_publicize_feature_enabled":true,"jetpack_social_post_already_shared":false,"jetpack_social_options":{"image_generator_settings":{"template":"highway","enabled":false},"version":2}},"categories":[4],"tags":[24],"class_list":["post-1465","post","type-post","status-publish","format-standard","has-post-thumbnail","hentry","category-puruandiro","tag-puruandiro"],"jetpack_publicize_connections":[],"jetpack_sharing_enabled":true,"featured_image_urls":{"full":["http:\/\/tvalaire.com\/wp-content\/uploads\/2017\/05\/VISITA-AL-PILAR-Y-LAS-LETRAS-4.jpg",1334,750,false],"thumbnail":["http:\/\/tvalaire.com\/wp-content\/uploads\/2017\/05\/VISITA-AL-PILAR-Y-LAS-LETRAS-4-150x150.jpg",150,150,true],"medium":["http:\/\/tvalaire.com\/wp-content\/uploads\/2017\/05\/VISITA-AL-PILAR-Y-LAS-LETRAS-4-300x169.jpg",300,169,true],"medium_large":["http:\/\/tvalaire.com\/wp-content\/uploads\/2017\/05\/VISITA-AL-PILAR-Y-LAS-LETRAS-4-768x432.jpg",640,360,true],"large":["http:\/\/tvalaire.com\/wp-content\/uploads\/2017\/05\/VISITA-AL-PILAR-Y-LAS-LETRAS-4-1024x576.jpg",640,360,true],"post-slider-thumb-size":["http:\/\/tvalaire.com\/wp-content\/uploads\/2017\/05\/VISITA-AL-PILAR-Y-LAS-LETRAS-4.jpg",330,186,false],"post-category-slider-size":["http:\/\/tvalaire.com\/wp-content\/uploads\/2017\/05\/VISITA-AL-PILAR-Y-LAS-LETRAS-4.jpg",330,186,false],"1536x1536":["http:\/\/tvalaire.com\/wp-content\/uploads\/2017\/05\/VISITA-AL-PILAR-Y-LAS-LETRAS-4.jpg",1334,750,false],"2048x2048":["http:\/\/tvalaire.com\/wp-content\/uploads\/2017\/05\/VISITA-AL-PILAR-Y-LAS-LETRAS-4.jpg",1334,750,false],"newsium-slider-full":["http:\/\/tvalaire.com\/wp-content\/uploads\/2017\/05\/VISITA-AL-PILAR-Y-LAS-LETRAS-4.jpg",1280,720,false],"newsium-featured":["http:\/\/tvalaire.com\/wp-content\/uploads\/2017\/05\/VISITA-AL-PILAR-Y-LAS-LETRAS-4.jpg",1024,576,false],"newsium-medium":["http:\/\/tvalaire.com\/wp-content\/uploads\/2017\/05\/VISITA-AL-PILAR-Y-LAS-LETRAS-4.jpg",720,405,false]},"author_info":{"info":["tvalairenoti"]},"category_info":"<a href=\"http:\/\/tvalaire.com\/?cat=4\" rel=\"category\">Puru\u00e1ndiro<\/a>","tag_info":"Puru\u00e1ndiro","comment_count":"0","jetpack_featured_media_url":"http:\/\/tvalaire.com\/wp-content\/uploads\/2017\/05\/VISITA-AL-PILAR-Y-LAS-LETRAS-4.jpg","_links":{"self":[{"href":"http:\/\/tvalaire.com\/index.php?rest_route=\/wp\/v2\/posts\/1465"}],"collection":[{"href":"http:\/\/tvalaire.com\/index.php?rest_route=\/wp\/v2\/posts"}],"about":[{"href":"http:\/\/tvalaire.com\/index.php?rest_route=\/wp\/v2\/types\/post"}],"author":[{"embeddable":true,"href":"http:\/\/tvalaire.com\/index.php?rest_route=\/wp\/v2\/users\/1"}],"replies":[{"embeddable":true,"href":"http:\/\/tvalaire.com\/index.php?rest_route=%2Fwp%2Fv2%2Fcomments&post=1465"}],"version-history":[{"count":1,"href":"http:\/\/tvalaire.com\/index.php?rest_route=\/wp\/v2\/posts\/1465\/revisions"}],"predecessor-version":[{"id":1470,"href":"http:\/\/tvalaire.com\/index.php?rest_route=\/wp\/v2\/posts\/1465\/revisions\/1470"}],"wp:featuredmedia":[{"embeddable":true,"href":"http:\/\/tvalaire.com\/index.php?rest_route=\/wp\/v2\/media\/1468"}],"wp:attachment":[{"href":"http:\/\/tvalaire.com\/index.php?rest_route=%2Fwp%2Fv2%2Fmedia&parent=1465"}],"wp:term":[{"taxonomy":"category","embeddable":true,"href":"http:\/\/tvalaire.com\/index.php?rest_route=%2Fwp%2Fv2%2Fcategories&post=1465"},{"taxonomy":"post_tag","embeddable":true,"href":"http:\/\/tvalaire.com\/index.php?rest_route=%2Fwp%2Fv2%2Ftags&post=1465"}],"curies":[{"name":"wp","href":"https:\/\/api.w.org\/{rel}","templated":true}]}}