{"id":1446,"date":"2017-05-03T10:00:54","date_gmt":"2017-05-03T15:00:54","guid":{"rendered":"http:\/\/tvalaire.com\/?p=1446"},"modified":"2017-05-03T10:00:54","modified_gmt":"2017-05-03T15:00:54","slug":"entregan-a-estrada-medina-obra-literaria-de-la-constitucion-y-del-ultimo-constituyente","status":"publish","type":"post","link":"http:\/\/tvalaire.com\/?p=1446","title":{"rendered":"ENTREGAN A ESTRADA MEDINA OBRA LITERARIA DE LA CONSTITUCI\u00d3N Y DEL \u00daLTIMO CONSTITUYENTE"},"content":{"rendered":"<p class=\"xmsonormal\" style=\"text-align: center; background: white;\" align=\"center\">\n<p class=\"xmsonormal\" style=\"text-align: justify; background: white; font-variant-ligatures: normal; font-variant-caps: normal; orphans: 2; widows: 2; -webkit-text-stroke-width: 0px; text-decoration-style: initial; text-decoration-color: initial; word-spacing: 0px;\"><span style=\"font-family: 'Arial','sans-serif'; color: #212121;\">El Comit\u00e9 Pro-trabajos de la Conmemoraci\u00f3n del 200 aniversario de la Independencia de M\u00e9xico y el 100 Aniversario de la Revoluci\u00f3n Mexicana se reunieron con el Alcalde Juan Manuel Estrada Medina, para hacerle entrega de una obra literaria en la que se habla de la Constituci\u00f3n\u00a0 y el aniversario del natalicio de \u201cJ. Jes\u00fas Romero Flores\u201d, \u00faltimo de los constituyentes y de origen piedadense.<\/span><\/p>\n<p class=\"xmsonormal\" style=\"text-align: justify; background: white; font-variant-ligatures: normal; font-variant-caps: normal; orphans: 2; widows: 2; -webkit-text-stroke-width: 0px; text-decoration-style: initial; text-decoration-color: initial; word-spacing: 0px;\"><span style=\"font-size: 10.0pt; font-family: 'Segoe UI','sans-serif'; color: #212121;\">\u00a0<\/span><\/p>\n<p class=\"xmsonormal\" style=\"text-align: justify; background: white; font-variant-ligatures: normal; font-variant-caps: normal; orphans: 2; widows: 2; -webkit-text-stroke-width: 0px; text-decoration-style: initial; text-decoration-color: initial; word-spacing: 0px;\"><span style=\"font-family: 'Arial','sans-serif'; color: #212121;\">Fernando Tejeda Alvarado, autor del libro coment\u00f3 que uno de los principales objetivos con la obra literaria que tiene 70 cuartillas de informaci\u00f3n y que estar\u00e1 disponible en el museo de la ciudad era dar a conocer hechos y acontecimiento hist\u00f3ricos de importancia sobre nuestra carta magna, as\u00ed como de la vida y obra de Romero Flores.<\/span><\/p>\n<p class=\"xmsonormal\" style=\"text-align: justify; background: white; font-variant-ligatures: normal; font-variant-caps: normal; orphans: 2; widows: 2; -webkit-text-stroke-width: 0px; text-decoration-style: initial; text-decoration-color: initial; word-spacing: 0px;\"><span style=\"font-size: 10.0pt; font-family: 'Segoe UI','sans-serif'; color: #212121;\">\u00a0<\/span><\/p>\n<p class=\"xmsonormal\" style=\"text-align: justify; background: white; font-variant-ligatures: normal; font-variant-caps: normal; orphans: 2; widows: 2; -webkit-text-stroke-width: 0px; text-decoration-style: initial; text-decoration-color: initial; word-spacing: 0px;\"><span style=\"font-family: 'Arial','sans-serif'; color: #212121;\">Tejeda Alvarado reconoci\u00f3 en el Alcalde Estrada Medina el inter\u00e9s por apoyar proyectos en los que se busca rescatar y dar a conocer parte de la vida y obra de personajes ilustres de origen piedadense, a quienes ya se les ha dado su reconocimiento literario tal como a Don Manuel Ayala Tejeda, J. Jes\u00fas Romero Flores y enseguida a la poetisa Josefina Baez de Ortiz.\u00a0<\/span><\/p>\n<p class=\"xmsonormal\" style=\"text-align: justify; background: white; font-variant-ligatures: normal; font-variant-caps: normal; orphans: 2; widows: 2; -webkit-text-stroke-width: 0px; text-decoration-style: initial; text-decoration-color: initial; word-spacing: 0px;\"><span style=\"font-size: 10.0pt; font-family: 'Segoe UI','sans-serif'; color: #212121;\">\u00a0<\/span><\/p>\n<p class=\"xmsonormal\" style=\"text-align: justify; background: white; font-variant-ligatures: normal; font-variant-caps: normal; orphans: 2; widows: 2; -webkit-text-stroke-width: 0px; text-decoration-style: initial; text-decoration-color: initial; word-spacing: 0px;\"><span style=\"font-family: 'Arial','sans-serif'; color: #212121;\">El autor de la obra dijo que la misma se deriva en tres partes en las cuales se\u00a0 exponen los antecedentes hist\u00f3ricos de la Constituci\u00f3n, la vida y obra de Romero Flores y las actividades realizadas para conmemorar el centenario de la Constituci\u00f3n y el natalicio de \u201cJ. Jes\u00fas Romero Flores\u201d.<\/span><\/p>\n<p class=\"xmsonormal\" style=\"text-align: justify; background: white; font-variant-ligatures: normal; font-variant-caps: normal; orphans: 2; widows: 2; -webkit-text-stroke-width: 0px; text-decoration-style: initial; text-decoration-color: initial; word-spacing: 0px;\"><span style=\"font-size: 10.0pt; font-family: 'Segoe UI','sans-serif'; color: #212121;\">\u00a0<\/span><\/p>\n<p class=\"xmsonormal\" style=\"text-align: justify; background: white; font-variant-ligatures: normal; font-variant-caps: normal; orphans: 2; widows: 2; -webkit-text-stroke-width: 0px; text-decoration-style: initial; text-decoration-color: initial; word-spacing: 0px;\"><span style=\"font-family: 'Arial','sans-serif'; color: #212121;\">Las labores se realizaron con el comit\u00e9 pro-trabajos del 200 aniversario de la independencia de M\u00e9xico y el cien aniversario de la revoluci\u00f3n mexicana, por indicaciones de la sociedad mexicana de geograf\u00eda y estad\u00edstica de la naci\u00f3n con sede en la Ciudad de M\u00e9xico.<\/span><\/p>\n","protected":false},"excerpt":{"rendered":"<p>El Comit\u00e9 Pro-trabajos de la Conmemoraci\u00f3n del 200 aniversario de la Independencia de M\u00e9xico y&#8230;<\/p>\n","protected":false},"author":1,"featured_media":1443,"comment_status":"open","ping_status":"open","sticky":false,"template":"","format":"standard","meta":{"jetpack_post_was_ever_published":false,"_jetpack_newsletter_access":"","_jetpack_dont_email_post_to_subs":false,"_jetpack_newsletter_tier_id":0,"_jetpack_memberships_contains_paywalled_content":false,"_jetpack_memberships_contains_paid_content":false,"footnotes":"","jetpack_publicize_message":"","jetpack_publicize_feature_enabled":true,"jetpack_social_post_already_shared":false,"jetpack_social_options":{"image_generator_settings":{"template":"highway","enabled":false},"version":2}},"categories":[1],"tags":[15,36],"class_list":["post-1446","post","type-post","status-publish","format-standard","has-post-thumbnail","hentry","category-la-piedad","tag-la-piedad","tag-principales"],"jetpack_publicize_connections":[],"jetpack_sharing_enabled":true,"featured_image_urls":{"full":["http:\/\/tvalaire.com\/wp-content\/uploads\/2017\/05\/ENTREGAN-A-ESTRADA-MEDINA-OBRA-LITERARIA-DE-LA-CONSTITUCI\u00d3N-Y-DEL-\u00daLTIMO-CONSTITUYENTE.jpg",1100,733,false],"thumbnail":["http:\/\/tvalaire.com\/wp-content\/uploads\/2017\/05\/ENTREGAN-A-ESTRADA-MEDINA-OBRA-LITERARIA-DE-LA-CONSTITUCI\u00d3N-Y-DEL-\u00daLTIMO-CONSTITUYENTE-150x150.jpg",150,150,true],"medium":["http:\/\/tvalaire.com\/wp-content\/uploads\/2017\/05\/ENTREGAN-A-ESTRADA-MEDINA-OBRA-LITERARIA-DE-LA-CONSTITUCI\u00d3N-Y-DEL-\u00daLTIMO-CONSTITUYENTE-300x200.jpg",300,200,true],"medium_large":["http:\/\/tvalaire.com\/wp-content\/uploads\/2017\/05\/ENTREGAN-A-ESTRADA-MEDINA-OBRA-LITERARIA-DE-LA-CONSTITUCI\u00d3N-Y-DEL-\u00daLTIMO-CONSTITUYENTE-768x512.jpg",640,427,true],"large":["http:\/\/tvalaire.com\/wp-content\/uploads\/2017\/05\/ENTREGAN-A-ESTRADA-MEDINA-OBRA-LITERARIA-DE-LA-CONSTITUCI\u00d3N-Y-DEL-\u00daLTIMO-CONSTITUYENTE-1024x682.jpg",640,426,true],"post-slider-thumb-size":["http:\/\/tvalaire.com\/wp-content\/uploads\/2017\/05\/ENTREGAN-A-ESTRADA-MEDINA-OBRA-LITERARIA-DE-LA-CONSTITUCI\u00d3N-Y-DEL-\u00daLTIMO-CONSTITUYENTE.jpg",285,190,false],"post-category-slider-size":["http:\/\/tvalaire.com\/wp-content\/uploads\/2017\/05\/ENTREGAN-A-ESTRADA-MEDINA-OBRA-LITERARIA-DE-LA-CONSTITUCI\u00d3N-Y-DEL-\u00daLTIMO-CONSTITUYENTE.jpg",330,220,false],"1536x1536":["http:\/\/tvalaire.com\/wp-content\/uploads\/2017\/05\/ENTREGAN-A-ESTRADA-MEDINA-OBRA-LITERARIA-DE-LA-CONSTITUCI\u00d3N-Y-DEL-\u00daLTIMO-CONSTITUYENTE.jpg",1100,733,false],"2048x2048":["http:\/\/tvalaire.com\/wp-content\/uploads\/2017\/05\/ENTREGAN-A-ESTRADA-MEDINA-OBRA-LITERARIA-DE-LA-CONSTITUCI\u00d3N-Y-DEL-\u00daLTIMO-CONSTITUYENTE.jpg",1100,733,false],"newsium-slider-full":["http:\/\/tvalaire.com\/wp-content\/uploads\/2017\/05\/ENTREGAN-A-ESTRADA-MEDINA-OBRA-LITERARIA-DE-LA-CONSTITUCI\u00d3N-Y-DEL-\u00daLTIMO-CONSTITUYENTE.jpg",1100,733,false],"newsium-featured":["http:\/\/tvalaire.com\/wp-content\/uploads\/2017\/05\/ENTREGAN-A-ESTRADA-MEDINA-OBRA-LITERARIA-DE-LA-CONSTITUCI\u00d3N-Y-DEL-\u00daLTIMO-CONSTITUYENTE.jpg",1024,682,false],"newsium-medium":["http:\/\/tvalaire.com\/wp-content\/uploads\/2017\/05\/ENTREGAN-A-ESTRADA-MEDINA-OBRA-LITERARIA-DE-LA-CONSTITUCI\u00d3N-Y-DEL-\u00daLTIMO-CONSTITUYENTE.jpg",713,475,false]},"author_info":{"info":["tvalairenoti"]},"category_info":"<a href=\"http:\/\/tvalaire.com\/?cat=1\" rel=\"category\">La Piedad<\/a>","tag_info":"La Piedad","comment_count":"0","jetpack_featured_media_url":"http:\/\/tvalaire.com\/wp-content\/uploads\/2017\/05\/ENTREGAN-A-ESTRADA-MEDINA-OBRA-LITERARIA-DE-LA-CONSTITUCI\u00d3N-Y-DEL-\u00daLTIMO-CONSTITUYENTE.jpg","_links":{"self":[{"href":"http:\/\/tvalaire.com\/index.php?rest_route=\/wp\/v2\/posts\/1446"}],"collection":[{"href":"http:\/\/tvalaire.com\/index.php?rest_route=\/wp\/v2\/posts"}],"about":[{"href":"http:\/\/tvalaire.com\/index.php?rest_route=\/wp\/v2\/types\/post"}],"author":[{"embeddable":true,"href":"http:\/\/tvalaire.com\/index.php?rest_route=\/wp\/v2\/users\/1"}],"replies":[{"embeddable":true,"href":"http:\/\/tvalaire.com\/index.php?rest_route=%2Fwp%2Fv2%2Fcomments&post=1446"}],"version-history":[{"count":1,"href":"http:\/\/tvalaire.com\/index.php?rest_route=\/wp\/v2\/posts\/1446\/revisions"}],"predecessor-version":[{"id":1447,"href":"http:\/\/tvalaire.com\/index.php?rest_route=\/wp\/v2\/posts\/1446\/revisions\/1447"}],"wp:featuredmedia":[{"embeddable":true,"href":"http:\/\/tvalaire.com\/index.php?rest_route=\/wp\/v2\/media\/1443"}],"wp:attachment":[{"href":"http:\/\/tvalaire.com\/index.php?rest_route=%2Fwp%2Fv2%2Fmedia&parent=1446"}],"wp:term":[{"taxonomy":"category","embeddable":true,"href":"http:\/\/tvalaire.com\/index.php?rest_route=%2Fwp%2Fv2%2Fcategories&post=1446"},{"taxonomy":"post_tag","embeddable":true,"href":"http:\/\/tvalaire.com\/index.php?rest_route=%2Fwp%2Fv2%2Ftags&post=1446"}],"curies":[{"name":"wp","href":"https:\/\/api.w.org\/{rel}","templated":true}]}}