{"id":1439,"date":"2017-05-02T10:29:02","date_gmt":"2017-05-02T15:29:02","guid":{"rendered":"http:\/\/tvalaire.com\/?p=1439"},"modified":"2017-05-02T10:29:02","modified_gmt":"2017-05-02T15:29:02","slug":"es-referente-nacional-la-ley-estatal-de-zonas-economicas-adriana-hernandez","status":"publish","type":"post","link":"http:\/\/tvalaire.com\/?p=1439","title":{"rendered":"Es referente nacional la  Ley Estatal de zonas econ\u00f3micas: Adriana Hern\u00e1ndez"},"content":{"rendered":"<p>&nbsp;<\/p>\n<ul>\n<li>Reforma policial, migraci\u00f3n, gobernabilidad y desarrollo, Sistemas Estatales Anticorrupci\u00f3n y justicia cotidiana, otros temas a tratar en la Conferencia Permanente de Legislaturas Locales<\/li>\n<\/ul>\n<p>&nbsp;<\/p>\n<p><strong>Morelia, Mich., a 26 de abril de 2017<\/strong>.- El trabajo legislativo de los diputados del Congreso de Michoac\u00e1n en torno a la Ley Estatal de Zonas Econ\u00f3micas Especiales, servir\u00e1 de referente y marco a otros congresos durante los trabajos de la Conferencia Permanente de Congresos Locales (COPECOL), afirm\u00f3 la presidente de la Junta de Coordinaci\u00f3n Pol\u00edtica, Adriana Hern\u00e1ndez \u00cd\u00f1iguez.<\/p>\n<p>\u201cPara nosotros, como Congreso es importante el tema de las Zonas Econ\u00f3micas prioritarias, esa es una de las partes que veremos, ya que acabamos de aprobar la ley en Michoac\u00e1n, la cual es punta de lanza en el pa\u00eds, y es algo que tendremos que presumir y reforzar\u201d, dijo.<\/p>\n<p>La coordinadora del Grupo Parlamentario del PRI en el Congreso del Estado, celebr\u00f3 el inter\u00e9s de los diputados locales para participar en la D\u00e9cima Asamblea Plenaria de la Conferencia Permanente de Congresos Locales (COPECOL) que se desarrolla en Campeche.<\/p>\n<p>Hern\u00e1ndez \u00cd\u00f1iguez detall\u00f3 que los diputados de todo el pa\u00eds tambi\u00e9n tratar\u00e1n temas como el C\u00f3digo Penal \u00danico y algunos otros aspectos derivados de acuerdos de COPECOL, como el Sistema de Informaci\u00f3n \u00danica Legislativa a nivel nacional.<\/p>\n<p>Cabe resaltar que los trabajos de la D\u00e9cima Asamblea parten de 5 ejes tem\u00e1ticos que cubren temas como la reforma policial, migraci\u00f3n, gobernabilidad y desarrollo, Sistemas Estatales Anticorrupci\u00f3n y justicia cotidiana.<\/p>\n<p>Finalmente, la congresista por el distrito de La Piedad dej\u00f3 en claro que los trabajos de este encuentro son temas abiertos y transparentes los cuales se pudieron observar durante la Asamblea que se llev\u00f3 a cabo el a\u00f1o pasado en Morelia.<\/p>\n","protected":false},"excerpt":{"rendered":"<p>&nbsp; Reforma policial, migraci\u00f3n, gobernabilidad y desarrollo, Sistemas Estatales Anticorrupci\u00f3n y justicia cotidiana, otros temas&#8230;<\/p>\n","protected":false},"author":1,"featured_media":1440,"comment_status":"open","ping_status":"open","sticky":false,"template":"","format":"standard","meta":{"jetpack_post_was_ever_published":false,"_jetpack_newsletter_access":"","_jetpack_dont_email_post_to_subs":false,"_jetpack_newsletter_tier_id":0,"_jetpack_memberships_contains_paywalled_content":false,"_jetpack_memberships_contains_paid_content":false,"footnotes":"","jetpack_publicize_message":"","jetpack_publicize_feature_enabled":true,"jetpack_social_post_already_shared":false,"jetpack_social_options":{"image_generator_settings":{"template":"highway","enabled":false},"version":2}},"categories":[5],"tags":[36,29],"class_list":["post-1439","post","type-post","status-publish","format-standard","has-post-thumbnail","hentry","category-zinaparo","tag-principales","tag-zinaparo"],"jetpack_publicize_connections":[],"jetpack_sharing_enabled":true,"featured_image_urls":{"full":["http:\/\/tvalaire.com\/wp-content\/uploads\/2017\/05\/DSC_0039.jpg",1200,1800,false],"thumbnail":["http:\/\/tvalaire.com\/wp-content\/uploads\/2017\/05\/DSC_0039-150x150.jpg",150,150,true],"medium":["http:\/\/tvalaire.com\/wp-content\/uploads\/2017\/05\/DSC_0039-200x300.jpg",200,300,true],"medium_large":["http:\/\/tvalaire.com\/wp-content\/uploads\/2017\/05\/DSC_0039-768x1152.jpg",640,960,true],"large":["http:\/\/tvalaire.com\/wp-content\/uploads\/2017\/05\/DSC_0039-683x1024.jpg",640,960,true],"post-slider-thumb-size":["http:\/\/tvalaire.com\/wp-content\/uploads\/2017\/05\/DSC_0039.jpg",127,190,false],"post-category-slider-size":["http:\/\/tvalaire.com\/wp-content\/uploads\/2017\/05\/DSC_0039.jpg",233,350,false],"1536x1536":["http:\/\/tvalaire.com\/wp-content\/uploads\/2017\/05\/DSC_0039.jpg",1024,1536,false],"2048x2048":["http:\/\/tvalaire.com\/wp-content\/uploads\/2017\/05\/DSC_0039.jpg",1200,1800,false],"newsium-slider-full":["http:\/\/tvalaire.com\/wp-content\/uploads\/2017\/05\/DSC_0039.jpg",563,845,false],"newsium-featured":["http:\/\/tvalaire.com\/wp-content\/uploads\/2017\/05\/DSC_0039.jpg",1024,1536,false],"newsium-medium":["http:\/\/tvalaire.com\/wp-content\/uploads\/2017\/05\/DSC_0039.jpg",317,475,false]},"author_info":{"info":["tvalairenoti"]},"category_info":"<a href=\"http:\/\/tvalaire.com\/?cat=5\" rel=\"category\">Zin\u00e1paro<\/a>","tag_info":"Zin\u00e1paro","comment_count":"0","jetpack_featured_media_url":"http:\/\/tvalaire.com\/wp-content\/uploads\/2017\/05\/DSC_0039.jpg","_links":{"self":[{"href":"http:\/\/tvalaire.com\/index.php?rest_route=\/wp\/v2\/posts\/1439"}],"collection":[{"href":"http:\/\/tvalaire.com\/index.php?rest_route=\/wp\/v2\/posts"}],"about":[{"href":"http:\/\/tvalaire.com\/index.php?rest_route=\/wp\/v2\/types\/post"}],"author":[{"embeddable":true,"href":"http:\/\/tvalaire.com\/index.php?rest_route=\/wp\/v2\/users\/1"}],"replies":[{"embeddable":true,"href":"http:\/\/tvalaire.com\/index.php?rest_route=%2Fwp%2Fv2%2Fcomments&post=1439"}],"version-history":[{"count":1,"href":"http:\/\/tvalaire.com\/index.php?rest_route=\/wp\/v2\/posts\/1439\/revisions"}],"predecessor-version":[{"id":1441,"href":"http:\/\/tvalaire.com\/index.php?rest_route=\/wp\/v2\/posts\/1439\/revisions\/1441"}],"wp:featuredmedia":[{"embeddable":true,"href":"http:\/\/tvalaire.com\/index.php?rest_route=\/wp\/v2\/media\/1440"}],"wp:attachment":[{"href":"http:\/\/tvalaire.com\/index.php?rest_route=%2Fwp%2Fv2%2Fmedia&parent=1439"}],"wp:term":[{"taxonomy":"category","embeddable":true,"href":"http:\/\/tvalaire.com\/index.php?rest_route=%2Fwp%2Fv2%2Fcategories&post=1439"},{"taxonomy":"post_tag","embeddable":true,"href":"http:\/\/tvalaire.com\/index.php?rest_route=%2Fwp%2Fv2%2Ftags&post=1439"}],"curies":[{"name":"wp","href":"https:\/\/api.w.org\/{rel}","templated":true}]}}