{"id":1425,"date":"2017-05-02T10:18:55","date_gmt":"2017-05-02T15:18:55","guid":{"rendered":"http:\/\/tvalaire.com\/?p=1425"},"modified":"2017-05-02T10:18:55","modified_gmt":"2017-05-02T15:18:55","slug":"presentan-diagnostico-situacional-de-ninas-ninos-y-adolescentes-en-la-piedad","status":"publish","type":"post","link":"http:\/\/tvalaire.com\/?p=1425","title":{"rendered":"PRESENTAN DIAGN\u00d3STICO SITUACIONAL DE NI\u00d1AS, NI\u00d1OS Y ADOLESCENTES EN LA PIEDAD"},"content":{"rendered":"<p>Con el fin tener identificados los datos generales de la poblaci\u00f3n infantil en el municipio, reconocer las \u00e1reas de oportunidad en materia de infancia, promover una cultura de derechos de la ni\u00f1ez y sentar las bases para el desarrollo de nuevos programas institucionales que garanticen, defiendan, promuevan y protejan sus derechos, la presidenta de la Comisi\u00f3n de Igualdad, Integraci\u00f3n y Diversidad Social, Brenda Orozco Torres, present\u00f3 en Cabildo el diagn\u00f3stico situacional de ni\u00f1as, ni\u00f1os y adolescentes del municipio.<\/p>\n<p>Durante su exposici\u00f3n indic\u00f3 que uno de los prop\u00f3sitos de este diagn\u00f3stico fue el saber cu\u00e1ntos ni\u00f1os hay en La Piedad, conocer si \u00e9stos estudian o tienen derecho a los servicios b\u00e1sicos de salud, vivienda, educaci\u00f3n, entre otros, con la finalidad de partir de este trabajo y establecer las pol\u00edticas p\u00fablicas necesarias.<\/p>\n<p>Sin embargo, destac\u00f3 que lamentablemente hay un vac\u00edo o ausencia de datos a nivel nacional, as\u00ed que bas\u00f3 su trabajo a datos estad\u00edsticos de la encuesta intercensal del Instituto Nacional de Estad\u00edstica y Geograf\u00eda (INEGI) e indicadores municipales del Consejo Nacional para Prevenir la Discriminaci\u00f3n (CONAPRED), del cual encontr\u00f3 que en La Piedad de los 103 mil 702 personas que registro la encuesta intercensal del 2015, 37 mil 412 son personas entre los 0 y los 19 a\u00f1os. Es decir que el 36% de la poblaci\u00f3n en el municipio est\u00e1 conformada por ni\u00f1as, ni\u00f1os y adolescentes.<\/p>\n<p>De esa cantidad, casi mil 200 ni\u00f1os no tienen derecho al agua y se encuentra en crecimiento el n\u00famero de adolescentes que deja la escuela; el 40% de los mayores de 15 a\u00f1os y menores de 18 a\u00f1os no estudia y lo que es peor a\u00fan, unos 500 adolescentes est\u00e1n unidos en pareja, adem\u00e1s de existir un alto \u00edndice de enfermedades por transmisi\u00f3n sexual.<\/p>\n<p>La regidora, Brenda Orozco Torres consider\u00f3 importante la informaci\u00f3n, debido a que el domingo se celebra el D\u00eda del Ni\u00f1o, aunque destac\u00f3 que hay muchas cosas por las cuales deben preocuparse.<\/p>\n","protected":false},"excerpt":{"rendered":"<p>Con el fin tener identificados los datos generales de la poblaci\u00f3n infantil en el municipio,&#8230;<\/p>\n","protected":false},"author":1,"featured_media":1426,"comment_status":"open","ping_status":"open","sticky":false,"template":"","format":"standard","meta":{"jetpack_post_was_ever_published":false,"_jetpack_newsletter_access":"","_jetpack_dont_email_post_to_subs":false,"_jetpack_newsletter_tier_id":0,"_jetpack_memberships_contains_paywalled_content":false,"_jetpack_memberships_contains_paid_content":false,"footnotes":"","jetpack_publicize_message":"","jetpack_publicize_feature_enabled":true,"jetpack_social_post_already_shared":false,"jetpack_social_options":{"image_generator_settings":{"template":"highway","enabled":false},"version":2}},"categories":[1],"tags":[15,36],"class_list":["post-1425","post","type-post","status-publish","format-standard","has-post-thumbnail","hentry","category-la-piedad","tag-la-piedad","tag-principales"],"jetpack_publicize_connections":[],"jetpack_sharing_enabled":true,"featured_image_urls":{"full":["http:\/\/tvalaire.com\/wp-content\/uploads\/2017\/05\/PRESENTAN-DIAGNOSTICO.jpg",4608,3072,false],"thumbnail":["http:\/\/tvalaire.com\/wp-content\/uploads\/2017\/05\/PRESENTAN-DIAGNOSTICO-150x150.jpg",150,150,true],"medium":["http:\/\/tvalaire.com\/wp-content\/uploads\/2017\/05\/PRESENTAN-DIAGNOSTICO-300x200.jpg",300,200,true],"medium_large":["http:\/\/tvalaire.com\/wp-content\/uploads\/2017\/05\/PRESENTAN-DIAGNOSTICO-768x512.jpg",640,427,true],"large":["http:\/\/tvalaire.com\/wp-content\/uploads\/2017\/05\/PRESENTAN-DIAGNOSTICO-1024x683.jpg",640,427,true],"post-slider-thumb-size":["http:\/\/tvalaire.com\/wp-content\/uploads\/2017\/05\/PRESENTAN-DIAGNOSTICO.jpg",285,190,false],"post-category-slider-size":["http:\/\/tvalaire.com\/wp-content\/uploads\/2017\/05\/PRESENTAN-DIAGNOSTICO.jpg",330,220,false],"1536x1536":["http:\/\/tvalaire.com\/wp-content\/uploads\/2017\/05\/PRESENTAN-DIAGNOSTICO.jpg",1536,1024,false],"2048x2048":["http:\/\/tvalaire.com\/wp-content\/uploads\/2017\/05\/PRESENTAN-DIAGNOSTICO.jpg",2048,1365,false],"newsium-slider-full":["http:\/\/tvalaire.com\/wp-content\/uploads\/2017\/05\/PRESENTAN-DIAGNOSTICO.jpg",1268,845,false],"newsium-featured":["http:\/\/tvalaire.com\/wp-content\/uploads\/2017\/05\/PRESENTAN-DIAGNOSTICO.jpg",1024,683,false],"newsium-medium":["http:\/\/tvalaire.com\/wp-content\/uploads\/2017\/05\/PRESENTAN-DIAGNOSTICO.jpg",713,475,false]},"author_info":{"info":["tvalairenoti"]},"category_info":"<a href=\"http:\/\/tvalaire.com\/?cat=1\" rel=\"category\">La Piedad<\/a>","tag_info":"La Piedad","comment_count":"0","jetpack_featured_media_url":"http:\/\/tvalaire.com\/wp-content\/uploads\/2017\/05\/PRESENTAN-DIAGNOSTICO.jpg","_links":{"self":[{"href":"http:\/\/tvalaire.com\/index.php?rest_route=\/wp\/v2\/posts\/1425"}],"collection":[{"href":"http:\/\/tvalaire.com\/index.php?rest_route=\/wp\/v2\/posts"}],"about":[{"href":"http:\/\/tvalaire.com\/index.php?rest_route=\/wp\/v2\/types\/post"}],"author":[{"embeddable":true,"href":"http:\/\/tvalaire.com\/index.php?rest_route=\/wp\/v2\/users\/1"}],"replies":[{"embeddable":true,"href":"http:\/\/tvalaire.com\/index.php?rest_route=%2Fwp%2Fv2%2Fcomments&post=1425"}],"version-history":[{"count":1,"href":"http:\/\/tvalaire.com\/index.php?rest_route=\/wp\/v2\/posts\/1425\/revisions"}],"predecessor-version":[{"id":1428,"href":"http:\/\/tvalaire.com\/index.php?rest_route=\/wp\/v2\/posts\/1425\/revisions\/1428"}],"wp:featuredmedia":[{"embeddable":true,"href":"http:\/\/tvalaire.com\/index.php?rest_route=\/wp\/v2\/media\/1426"}],"wp:attachment":[{"href":"http:\/\/tvalaire.com\/index.php?rest_route=%2Fwp%2Fv2%2Fmedia&parent=1425"}],"wp:term":[{"taxonomy":"category","embeddable":true,"href":"http:\/\/tvalaire.com\/index.php?rest_route=%2Fwp%2Fv2%2Fcategories&post=1425"},{"taxonomy":"post_tag","embeddable":true,"href":"http:\/\/tvalaire.com\/index.php?rest_route=%2Fwp%2Fv2%2Ftags&post=1425"}],"curies":[{"name":"wp","href":"https:\/\/api.w.org\/{rel}","templated":true}]}}