{"id":1411,"date":"2017-05-01T09:15:03","date_gmt":"2017-05-01T14:15:03","guid":{"rendered":"http:\/\/tvalaire.com\/?p=1411"},"modified":"2017-05-01T09:15:03","modified_gmt":"2017-05-01T14:15:03","slug":"enganan-a-ex-braceros-con-gestionar-apoyo-economico","status":"publish","type":"post","link":"http:\/\/tvalaire.com\/?p=1411","title":{"rendered":"ENGA\u00d1AN A EX BRACEROS CON GESTIONAR APOYO ECON\u00d3MICO"},"content":{"rendered":"<p>&nbsp;<\/p>\n<p>El Gobierno Municipal de La Piedad a trav\u00e9s de la direcci\u00f3n de Vinculaci\u00f3n Internacional alerta a los ex braceros o familiares de \u00e9stos, por la presencia de ciertas organizaciones campesinas quienes a cambio de una aportaci\u00f3n econ\u00f3mica, les aseguran que pueden ayudarles a tramitar un apoyo econ\u00f3mico producto del fondo de ahorro que generaron durante su estancia en el vecino pa\u00eds del norte.<\/p>\n<p>Sin embargo, la Secretar\u00eda de Gobernaci\u00f3n a trav\u00e9s de la Subsecretar\u00eda de Gobierno en la Unidad de Enlace Federal y Coordinaci\u00f3n con Entidades Federativas, env\u00edo a la direcci\u00f3n de Vinculaci\u00f3n Internacional el oficio n\u00famero: UEFCEF\/DGA\/FID.10230\/214\/0399\/2017, en donde establece entre otras cosas, que hubo dos convocatorias para el registro de la entrega de fondo econ\u00f3mico, la primera comprendi\u00f3 del 11 de noviembre del 2005 al 10 de marzo del 2006 y la segunda del 28 de noviembre del 2008 al 28 de enero del 2009, pero especifica que existe imposibilidad jur\u00eddica de recibir documentos fuera de dichos periodos.<\/p>\n<p>Y que por tanto, aquellas personas que no se presentaron en esas fechas, no pueden ser acreedores al pago del apoyo social para Ex trabajadores Migratorios Mexicanos.<\/p>\n<p>Informan a su vez, que el Fideicomiso que se cre\u00f3 para realizar la entrega de estos apoyos, no cuenta con el patrimonio necesario para realizar nuevas publicaciones de listas de beneficiarios, ya que los recursos que actualmente tiene se encuentran destinados a los pagos de la lista publicada el 7 de diciembre del 2015, as\u00ed que reiteran que no se tiene contemplada la posibilidad de realizar nuevas publicaciones.<\/p>\n<p>Sin embargo, la direcci\u00f3n de Vinculaci\u00f3n Internacional ha detectado casos de personas a quienes organizaciones como la Uni\u00f3n de Campesinos y Emigrantes Mexicanos (UCEM), a trav\u00e9s de volantes les comunican que ha iniciado el tr\u00e1mite para solicitar ese fondo a sabiendas que no existe posibilidad para hacerlo.<\/p>\n<p>Pues seg\u00fan el informe que ellos recibieron, son claros al decir que de acuerdo a la Ley, aquellas personas que no entregaron documentaci\u00f3n en tiempo y forma, no podr\u00e1n ser beneficiadas y que ya no hay fondos para poder publicar una nueva lista.<\/p>\n<p>Lo alarmante, expuso el director de la dependencia antes referida es que hay muchas personas que les prometen gestionar el apoyo y a cambio les piden dinero, por lo que pidi\u00f3 no hacer falsas ilusiones a las personas y dejar de sacarles recursos.<\/p>\n","protected":false},"excerpt":{"rendered":"<p>&nbsp; El Gobierno Municipal de La Piedad a trav\u00e9s de la direcci\u00f3n de Vinculaci\u00f3n Internacional&#8230;<\/p>\n","protected":false},"author":1,"featured_media":1412,"comment_status":"open","ping_status":"open","sticky":false,"template":"","format":"standard","meta":{"jetpack_post_was_ever_published":false,"_jetpack_newsletter_access":"","_jetpack_dont_email_post_to_subs":false,"_jetpack_newsletter_tier_id":0,"_jetpack_memberships_contains_paywalled_content":false,"_jetpack_memberships_contains_paid_content":false,"footnotes":"","jetpack_publicize_message":"","jetpack_publicize_feature_enabled":true,"jetpack_social_post_already_shared":false,"jetpack_social_options":{"image_generator_settings":{"template":"highway","enabled":false},"version":2}},"categories":[1],"tags":[15,36],"class_list":["post-1411","post","type-post","status-publish","format-standard","has-post-thumbnail","hentry","category-la-piedad","tag-la-piedad","tag-principales"],"jetpack_publicize_connections":[],"jetpack_sharing_enabled":true,"featured_image_urls":{"full":["http:\/\/tvalaire.com\/wp-content\/uploads\/2017\/05\/ENGA\u00d1AN-A-EX-BRACEROS-CON-GESTIONAR-APOYO-ECON\u00d3MICO.jpg",4608,3072,false],"thumbnail":["http:\/\/tvalaire.com\/wp-content\/uploads\/2017\/05\/ENGA\u00d1AN-A-EX-BRACEROS-CON-GESTIONAR-APOYO-ECON\u00d3MICO-150x150.jpg",150,150,true],"medium":["http:\/\/tvalaire.com\/wp-content\/uploads\/2017\/05\/ENGA\u00d1AN-A-EX-BRACEROS-CON-GESTIONAR-APOYO-ECON\u00d3MICO-300x200.jpg",300,200,true],"medium_large":["http:\/\/tvalaire.com\/wp-content\/uploads\/2017\/05\/ENGA\u00d1AN-A-EX-BRACEROS-CON-GESTIONAR-APOYO-ECON\u00d3MICO-768x512.jpg",640,427,true],"large":["http:\/\/tvalaire.com\/wp-content\/uploads\/2017\/05\/ENGA\u00d1AN-A-EX-BRACEROS-CON-GESTIONAR-APOYO-ECON\u00d3MICO-1024x683.jpg",640,427,true],"post-slider-thumb-size":["http:\/\/tvalaire.com\/wp-content\/uploads\/2017\/05\/ENGA\u00d1AN-A-EX-BRACEROS-CON-GESTIONAR-APOYO-ECON\u00d3MICO.jpg",285,190,false],"post-category-slider-size":["http:\/\/tvalaire.com\/wp-content\/uploads\/2017\/05\/ENGA\u00d1AN-A-EX-BRACEROS-CON-GESTIONAR-APOYO-ECON\u00d3MICO.jpg",330,220,false],"1536x1536":["http:\/\/tvalaire.com\/wp-content\/uploads\/2017\/05\/ENGA\u00d1AN-A-EX-BRACEROS-CON-GESTIONAR-APOYO-ECON\u00d3MICO.jpg",1536,1024,false],"2048x2048":["http:\/\/tvalaire.com\/wp-content\/uploads\/2017\/05\/ENGA\u00d1AN-A-EX-BRACEROS-CON-GESTIONAR-APOYO-ECON\u00d3MICO.jpg",2048,1365,false],"newsium-slider-full":["http:\/\/tvalaire.com\/wp-content\/uploads\/2017\/05\/ENGA\u00d1AN-A-EX-BRACEROS-CON-GESTIONAR-APOYO-ECON\u00d3MICO.jpg",1268,845,false],"newsium-featured":["http:\/\/tvalaire.com\/wp-content\/uploads\/2017\/05\/ENGA\u00d1AN-A-EX-BRACEROS-CON-GESTIONAR-APOYO-ECON\u00d3MICO.jpg",1024,683,false],"newsium-medium":["http:\/\/tvalaire.com\/wp-content\/uploads\/2017\/05\/ENGA\u00d1AN-A-EX-BRACEROS-CON-GESTIONAR-APOYO-ECON\u00d3MICO.jpg",713,475,false]},"author_info":{"info":["tvalairenoti"]},"category_info":"<a href=\"http:\/\/tvalaire.com\/?cat=1\" rel=\"category\">La Piedad<\/a>","tag_info":"La Piedad","comment_count":"0","jetpack_featured_media_url":"http:\/\/tvalaire.com\/wp-content\/uploads\/2017\/05\/ENGA\u00d1AN-A-EX-BRACEROS-CON-GESTIONAR-APOYO-ECON\u00d3MICO.jpg","_links":{"self":[{"href":"http:\/\/tvalaire.com\/index.php?rest_route=\/wp\/v2\/posts\/1411"}],"collection":[{"href":"http:\/\/tvalaire.com\/index.php?rest_route=\/wp\/v2\/posts"}],"about":[{"href":"http:\/\/tvalaire.com\/index.php?rest_route=\/wp\/v2\/types\/post"}],"author":[{"embeddable":true,"href":"http:\/\/tvalaire.com\/index.php?rest_route=\/wp\/v2\/users\/1"}],"replies":[{"embeddable":true,"href":"http:\/\/tvalaire.com\/index.php?rest_route=%2Fwp%2Fv2%2Fcomments&post=1411"}],"version-history":[{"count":1,"href":"http:\/\/tvalaire.com\/index.php?rest_route=\/wp\/v2\/posts\/1411\/revisions"}],"predecessor-version":[{"id":1413,"href":"http:\/\/tvalaire.com\/index.php?rest_route=\/wp\/v2\/posts\/1411\/revisions\/1413"}],"wp:featuredmedia":[{"embeddable":true,"href":"http:\/\/tvalaire.com\/index.php?rest_route=\/wp\/v2\/media\/1412"}],"wp:attachment":[{"href":"http:\/\/tvalaire.com\/index.php?rest_route=%2Fwp%2Fv2%2Fmedia&parent=1411"}],"wp:term":[{"taxonomy":"category","embeddable":true,"href":"http:\/\/tvalaire.com\/index.php?rest_route=%2Fwp%2Fv2%2Fcategories&post=1411"},{"taxonomy":"post_tag","embeddable":true,"href":"http:\/\/tvalaire.com\/index.php?rest_route=%2Fwp%2Fv2%2Ftags&post=1411"}],"curies":[{"name":"wp","href":"https:\/\/api.w.org\/{rel}","templated":true}]}}