{"id":1407,"date":"2017-05-01T09:10:21","date_gmt":"2017-05-01T14:10:21","guid":{"rendered":"http:\/\/tvalaire.com\/?p=1407"},"modified":"2017-05-01T09:10:21","modified_gmt":"2017-05-01T14:10:21","slug":"dif-la-piedad-festeja-a-ninos-del-municipio-con-evento-colorido","status":"publish","type":"post","link":"http:\/\/tvalaire.com\/?p=1407","title":{"rendered":"DIF LA PIEDAD FESTEJA A NI\u00d1OS DEL MUNICIPIO CON EVENTO COLORIDO"},"content":{"rendered":"<p>La Presidenta del Sistema Municipal para el Desarrollo Integral de la Familia (DIF), Ma. Socorro Le\u00f3n y su equipo de colaboradores realizaron este fin de semana el festejo a \u201clas peque\u00f1as personas con alma perfecta\u201d; los ni\u00f1os en su d\u00eda.<\/p>\n<p>El festejo a los peque\u00f1os se llev\u00f3 a cabo en la Plaza Principal en donde se instalaron brincolines y diversos puestos en donde se pintaron caritas y hubo stands con diversas manualidades, entre las que destac\u00f3 el pintado de alcanc\u00edas.<\/p>\n<p>Hubo otra \u00e1rea especial en la que los ni\u00f1os se divirtieron jugando con arena y llenaron botellas vac\u00edas, adem\u00e1s de repartirles paletas de hielo, palomitas, algodones de az\u00facar y para terminar el d\u00eda, se les dio un aperitivo y aguas frescas.<\/p>\n<p>Tambi\u00e9n se instal\u00f3 un espacio para jugar loter\u00eda en donde chicos y grandes no quer\u00edan dejar pasar ni una sola carta con divertidos personajes pues hab\u00eda regalos para los ganadores.<\/p>\n<p>Al frente de esta magna celebraci\u00f3n estuvo presente la se\u00f1ora Ma. Socorro Le\u00f3n Presidenta del DIF Municipal y la directora de dicha instituci\u00f3n quienes supervisaron cada detalle con la finalidad de que esas peque\u00f1as personitas con alma perfecta, pudieran pasar un momento inolvidable.<\/p>\n<p>Y claro que lo lograron, pues no dejaron de colorear, jugar, dejarse pintar su carita y sobre todo de tomarse la foto con personajes de pel\u00edculas que ten\u00eda el DIF Municipal para que posaran con ellos, como Rapunzel, Alicia en el pa\u00eds de las Maravillas, entre otros.<\/p>\n<p>Una de las innovaciones en este festejo, fue la peque\u00f1a pl\u00e1tica que dio la secretaria ejecutiva del Sistema Municipal de Protecci\u00f3n Integral de Ni\u00f1as, Ni\u00f1os y Adolescentes, Anita Beatriz Hern\u00e1ndez Cabrera, quien se dirigi\u00f3 a los peque\u00f1os para hablar sobre los derechos que tienen tales como la educaci\u00f3n, la salud, la recreaci\u00f3n, integraci\u00f3n familiar y vivienda, en la que todos participaron.<\/p>\n<p>El DIF Municipal dispuso este festejo para aproximadamente 600 ni\u00f1os que asistieron de diversas colonias y comunidades que forman parte de esta localidad y quienes al final salieron agotados, algunos con sue\u00f1o, pero con el dibujo de su carita feliz en su rostro.<\/p>\n<p>&nbsp;<\/p>\n","protected":false},"excerpt":{"rendered":"<p>La Presidenta del Sistema Municipal para el Desarrollo Integral de la Familia (DIF), Ma. Socorro&#8230;<\/p>\n","protected":false},"author":1,"featured_media":1408,"comment_status":"open","ping_status":"open","sticky":false,"template":"","format":"standard","meta":{"jetpack_post_was_ever_published":false,"_jetpack_newsletter_access":"","_jetpack_dont_email_post_to_subs":false,"_jetpack_newsletter_tier_id":0,"_jetpack_memberships_contains_paywalled_content":false,"_jetpack_memberships_contains_paid_content":false,"footnotes":"","jetpack_publicize_message":"","jetpack_publicize_feature_enabled":true,"jetpack_social_post_already_shared":false,"jetpack_social_options":{"image_generator_settings":{"template":"highway","enabled":false},"version":2}},"categories":[1],"tags":[15,36],"class_list":["post-1407","post","type-post","status-publish","format-standard","has-post-thumbnail","hentry","category-la-piedad","tag-la-piedad","tag-principales"],"jetpack_publicize_connections":[],"jetpack_sharing_enabled":true,"featured_image_urls":{"full":["http:\/\/tvalaire.com\/wp-content\/uploads\/2017\/05\/DIF-LA-PIEDAD-FESTEJA-A-NI\u00d1OS-DEL-MUNICIPIO-CON-EVENTO-COLORIDO3.jpg",2304,1536,false],"thumbnail":["http:\/\/tvalaire.com\/wp-content\/uploads\/2017\/05\/DIF-LA-PIEDAD-FESTEJA-A-NI\u00d1OS-DEL-MUNICIPIO-CON-EVENTO-COLORIDO3-150x150.jpg",150,150,true],"medium":["http:\/\/tvalaire.com\/wp-content\/uploads\/2017\/05\/DIF-LA-PIEDAD-FESTEJA-A-NI\u00d1OS-DEL-MUNICIPIO-CON-EVENTO-COLORIDO3-300x200.jpg",300,200,true],"medium_large":["http:\/\/tvalaire.com\/wp-content\/uploads\/2017\/05\/DIF-LA-PIEDAD-FESTEJA-A-NI\u00d1OS-DEL-MUNICIPIO-CON-EVENTO-COLORIDO3-768x512.jpg",640,427,true],"large":["http:\/\/tvalaire.com\/wp-content\/uploads\/2017\/05\/DIF-LA-PIEDAD-FESTEJA-A-NI\u00d1OS-DEL-MUNICIPIO-CON-EVENTO-COLORIDO3-1024x683.jpg",640,427,true],"post-slider-thumb-size":["http:\/\/tvalaire.com\/wp-content\/uploads\/2017\/05\/DIF-LA-PIEDAD-FESTEJA-A-NI\u00d1OS-DEL-MUNICIPIO-CON-EVENTO-COLORIDO3.jpg",285,190,false],"post-category-slider-size":["http:\/\/tvalaire.com\/wp-content\/uploads\/2017\/05\/DIF-LA-PIEDAD-FESTEJA-A-NI\u00d1OS-DEL-MUNICIPIO-CON-EVENTO-COLORIDO3.jpg",330,220,false],"1536x1536":["http:\/\/tvalaire.com\/wp-content\/uploads\/2017\/05\/DIF-LA-PIEDAD-FESTEJA-A-NI\u00d1OS-DEL-MUNICIPIO-CON-EVENTO-COLORIDO3.jpg",1536,1024,false],"2048x2048":["http:\/\/tvalaire.com\/wp-content\/uploads\/2017\/05\/DIF-LA-PIEDAD-FESTEJA-A-NI\u00d1OS-DEL-MUNICIPIO-CON-EVENTO-COLORIDO3.jpg",2048,1365,false],"newsium-slider-full":["http:\/\/tvalaire.com\/wp-content\/uploads\/2017\/05\/DIF-LA-PIEDAD-FESTEJA-A-NI\u00d1OS-DEL-MUNICIPIO-CON-EVENTO-COLORIDO3.jpg",1268,845,false],"newsium-featured":["http:\/\/tvalaire.com\/wp-content\/uploads\/2017\/05\/DIF-LA-PIEDAD-FESTEJA-A-NI\u00d1OS-DEL-MUNICIPIO-CON-EVENTO-COLORIDO3.jpg",1024,683,false],"newsium-medium":["http:\/\/tvalaire.com\/wp-content\/uploads\/2017\/05\/DIF-LA-PIEDAD-FESTEJA-A-NI\u00d1OS-DEL-MUNICIPIO-CON-EVENTO-COLORIDO3.jpg",713,475,false]},"author_info":{"info":["tvalairenoti"]},"category_info":"<a href=\"http:\/\/tvalaire.com\/?cat=1\" rel=\"category\">La Piedad<\/a>","tag_info":"La Piedad","comment_count":"0","jetpack_featured_media_url":"http:\/\/tvalaire.com\/wp-content\/uploads\/2017\/05\/DIF-LA-PIEDAD-FESTEJA-A-NI\u00d1OS-DEL-MUNICIPIO-CON-EVENTO-COLORIDO3.jpg","_links":{"self":[{"href":"http:\/\/tvalaire.com\/index.php?rest_route=\/wp\/v2\/posts\/1407"}],"collection":[{"href":"http:\/\/tvalaire.com\/index.php?rest_route=\/wp\/v2\/posts"}],"about":[{"href":"http:\/\/tvalaire.com\/index.php?rest_route=\/wp\/v2\/types\/post"}],"author":[{"embeddable":true,"href":"http:\/\/tvalaire.com\/index.php?rest_route=\/wp\/v2\/users\/1"}],"replies":[{"embeddable":true,"href":"http:\/\/tvalaire.com\/index.php?rest_route=%2Fwp%2Fv2%2Fcomments&post=1407"}],"version-history":[{"count":1,"href":"http:\/\/tvalaire.com\/index.php?rest_route=\/wp\/v2\/posts\/1407\/revisions"}],"predecessor-version":[{"id":1409,"href":"http:\/\/tvalaire.com\/index.php?rest_route=\/wp\/v2\/posts\/1407\/revisions\/1409"}],"wp:featuredmedia":[{"embeddable":true,"href":"http:\/\/tvalaire.com\/index.php?rest_route=\/wp\/v2\/media\/1408"}],"wp:attachment":[{"href":"http:\/\/tvalaire.com\/index.php?rest_route=%2Fwp%2Fv2%2Fmedia&parent=1407"}],"wp:term":[{"taxonomy":"category","embeddable":true,"href":"http:\/\/tvalaire.com\/index.php?rest_route=%2Fwp%2Fv2%2Fcategories&post=1407"},{"taxonomy":"post_tag","embeddable":true,"href":"http:\/\/tvalaire.com\/index.php?rest_route=%2Fwp%2Fv2%2Ftags&post=1407"}],"curies":[{"name":"wp","href":"https:\/\/api.w.org\/{rel}","templated":true}]}}