{"id":1390,"date":"2017-04-28T11:13:30","date_gmt":"2017-04-28T16:13:30","guid":{"rendered":"http:\/\/tvalaire.com\/?p=1390"},"modified":"2017-04-28T11:13:30","modified_gmt":"2017-04-28T16:13:30","slug":"presidente-municipal-inauguro-rehabilitacion-y-dignificacion-de-la-plaza-de-la-comunidad-de-la-higuera","status":"publish","type":"post","link":"http:\/\/tvalaire.com\/?p=1390","title":{"rendered":"PRESIDENTE MUNICIPAL INAUGUR\u00d3 REHABILITACI\u00d3N Y DIGNIFICACI\u00d3N DE LA PLAZA DE LA COMUNIDAD DE LA HIGUERA"},"content":{"rendered":"<p>V\u00edctor V\u00e1zquez en compa\u00f1\u00eda de algunos regidores inaugura la Terminaci\u00f3n de la Plaza Principal de la comunidad de la Higuera, como es la iluminaci\u00f3n, equipamiento del \u00e1rea de los juegos infantiles y gimnasio al aire libre.<\/p>\n<p>\u201cVenimos a saludarlos, para que sientan a sus autoridades muy cerca de ustedes, que tengamos la oportunidad de escucharlos para atender algunas de sus necesidades e ir solucionando de la mano con ustedes, como fue esta obra que venimos a inaugurar de un programa que le hemos denominado Rehabilitaci\u00f3n y Dignificaci\u00f3n de espacios p\u00fablicos\u201d se\u00f1al\u00f3 el Presidente Municipal.<\/p>\n<p>Adem\u00e1s resalt\u00f3 que est\u00e1 plaza es una de las m\u00e1s bonitas que se tienen en el Municipio, espacio en donde pueden acudir para que est\u00e9n con sus familias. \u201cNosotros estamos muy comprometidos con los ni\u00f1os, con los j\u00f3venes, con la educaci\u00f3n, con el deporte, por eso buscaremos alternativas para atender sus necesidades donde se desarrollen los ni\u00f1os\u201d indic\u00f3 el Edil en una petici\u00f3n que le realizaron para ampliar su espacio p\u00fablico.<\/p>\n<p>Igualmente aprovech\u00f3 para visitar las viviendas a las que se apoyaron con ba\u00f1os con biodigestor, con el prop\u00f3sito de que si estuvieran en buen funcionamiento.<\/p>\n<p>&nbsp;<\/p>\n<p><img loading=\"lazy\" decoding=\"async\" class=\"alignnone size-medium wp-image-1395\" src=\"http:\/\/tvalaire.com\/wp-content\/uploads\/2017\/04\/PRESIDENTE-MUNICIPAL-INAUGUR\u00d3-REHABILITACI\u00d3N-Y-DIGNIFICACI\u00d3N-DE-LA-PLAZA-DE-LA-COMUNIDAD-DE-LA-HIGUERA-5-300x199.jpg\" alt=\"\" width=\"300\" height=\"199\" srcset=\"http:\/\/tvalaire.com\/wp-content\/uploads\/2017\/04\/PRESIDENTE-MUNICIPAL-INAUGUR\u00d3-REHABILITACI\u00d3N-Y-DIGNIFICACI\u00d3N-DE-LA-PLAZA-DE-LA-COMUNIDAD-DE-LA-HIGUERA-5-300x199.jpg 300w, http:\/\/tvalaire.com\/wp-content\/uploads\/2017\/04\/PRESIDENTE-MUNICIPAL-INAUGUR\u00d3-REHABILITACI\u00d3N-Y-DIGNIFICACI\u00d3N-DE-LA-PLAZA-DE-LA-COMUNIDAD-DE-LA-HIGUERA-5-768x509.jpg 768w, http:\/\/tvalaire.com\/wp-content\/uploads\/2017\/04\/PRESIDENTE-MUNICIPAL-INAUGUR\u00d3-REHABILITACI\u00d3N-Y-DIGNIFICACI\u00d3N-DE-LA-PLAZA-DE-LA-COMUNIDAD-DE-LA-HIGUERA-5-1024x678.jpg 1024w\" sizes=\"(max-width: 300px) 100vw, 300px\" \/><\/p>\n<p><img loading=\"lazy\" decoding=\"async\" class=\"alignnone size-medium wp-image-1394\" src=\"http:\/\/tvalaire.com\/wp-content\/uploads\/2017\/04\/PRESIDENTE-MUNICIPAL-INAUGUR\u00d3-REHABILITACI\u00d3N-Y-DIGNIFICACI\u00d3N-DE-LA-PLAZA-DE-LA-COMUNIDAD-DE-LA-HIGUERA-4-300x199.jpg\" alt=\"\" width=\"300\" height=\"199\" srcset=\"http:\/\/tvalaire.com\/wp-content\/uploads\/2017\/04\/PRESIDENTE-MUNICIPAL-INAUGUR\u00d3-REHABILITACI\u00d3N-Y-DIGNIFICACI\u00d3N-DE-LA-PLAZA-DE-LA-COMUNIDAD-DE-LA-HIGUERA-4-300x199.jpg 300w, http:\/\/tvalaire.com\/wp-content\/uploads\/2017\/04\/PRESIDENTE-MUNICIPAL-INAUGUR\u00d3-REHABILITACI\u00d3N-Y-DIGNIFICACI\u00d3N-DE-LA-PLAZA-DE-LA-COMUNIDAD-DE-LA-HIGUERA-4-768x509.jpg 768w, http:\/\/tvalaire.com\/wp-content\/uploads\/2017\/04\/PRESIDENTE-MUNICIPAL-INAUGUR\u00d3-REHABILITACI\u00d3N-Y-DIGNIFICACI\u00d3N-DE-LA-PLAZA-DE-LA-COMUNIDAD-DE-LA-HIGUERA-4-1024x678.jpg 1024w\" sizes=\"(max-width: 300px) 100vw, 300px\" \/><\/p>\n<p><img loading=\"lazy\" decoding=\"async\" class=\"alignnone size-medium wp-image-1393\" src=\"http:\/\/tvalaire.com\/wp-content\/uploads\/2017\/04\/PRESIDENTE-MUNICIPAL-INAUGUR\u00d3-REHABILITACI\u00d3N-Y-DIGNIFICACI\u00d3N-DE-LA-PLAZA-DE-LA-COMUNIDAD-DE-LA-HIGUERA-3-300x199.jpg\" alt=\"\" width=\"300\" height=\"199\" srcset=\"http:\/\/tvalaire.com\/wp-content\/uploads\/2017\/04\/PRESIDENTE-MUNICIPAL-INAUGUR\u00d3-REHABILITACI\u00d3N-Y-DIGNIFICACI\u00d3N-DE-LA-PLAZA-DE-LA-COMUNIDAD-DE-LA-HIGUERA-3-300x199.jpg 300w, http:\/\/tvalaire.com\/wp-content\/uploads\/2017\/04\/PRESIDENTE-MUNICIPAL-INAUGUR\u00d3-REHABILITACI\u00d3N-Y-DIGNIFICACI\u00d3N-DE-LA-PLAZA-DE-LA-COMUNIDAD-DE-LA-HIGUERA-3-768x509.jpg 768w, http:\/\/tvalaire.com\/wp-content\/uploads\/2017\/04\/PRESIDENTE-MUNICIPAL-INAUGUR\u00d3-REHABILITACI\u00d3N-Y-DIGNIFICACI\u00d3N-DE-LA-PLAZA-DE-LA-COMUNIDAD-DE-LA-HIGUERA-3-1024x678.jpg 1024w\" sizes=\"(max-width: 300px) 100vw, 300px\" \/><\/p>\n<p><img loading=\"lazy\" decoding=\"async\" class=\"alignnone size-medium wp-image-1392\" src=\"http:\/\/tvalaire.com\/wp-content\/uploads\/2017\/04\/PRESIDENTE-MUNICIPAL-INAUGUR\u00d3-REHABILITACI\u00d3N-Y-DIGNIFICACI\u00d3N-DE-LA-PLAZA-DE-LA-COMUNIDAD-DE-LA-HIGUERA-2-300x199.jpg\" alt=\"\" width=\"300\" height=\"199\" srcset=\"http:\/\/tvalaire.com\/wp-content\/uploads\/2017\/04\/PRESIDENTE-MUNICIPAL-INAUGUR\u00d3-REHABILITACI\u00d3N-Y-DIGNIFICACI\u00d3N-DE-LA-PLAZA-DE-LA-COMUNIDAD-DE-LA-HIGUERA-2-300x199.jpg 300w, http:\/\/tvalaire.com\/wp-content\/uploads\/2017\/04\/PRESIDENTE-MUNICIPAL-INAUGUR\u00d3-REHABILITACI\u00d3N-Y-DIGNIFICACI\u00d3N-DE-LA-PLAZA-DE-LA-COMUNIDAD-DE-LA-HIGUERA-2-768x509.jpg 768w, http:\/\/tvalaire.com\/wp-content\/uploads\/2017\/04\/PRESIDENTE-MUNICIPAL-INAUGUR\u00d3-REHABILITACI\u00d3N-Y-DIGNIFICACI\u00d3N-DE-LA-PLAZA-DE-LA-COMUNIDAD-DE-LA-HIGUERA-2-1024x678.jpg 1024w\" sizes=\"(max-width: 300px) 100vw, 300px\" \/><\/p>\n","protected":false},"excerpt":{"rendered":"<p>V\u00edctor V\u00e1zquez en compa\u00f1\u00eda de algunos regidores inaugura la Terminaci\u00f3n de la Plaza Principal de&#8230;<\/p>\n","protected":false},"author":1,"featured_media":1391,"comment_status":"open","ping_status":"open","sticky":false,"template":"","format":"standard","meta":{"jetpack_post_was_ever_published":false,"_jetpack_newsletter_access":"","_jetpack_dont_email_post_to_subs":false,"_jetpack_newsletter_tier_id":0,"_jetpack_memberships_contains_paywalled_content":false,"_jetpack_memberships_contains_paid_content":false,"footnotes":"","jetpack_publicize_message":"","jetpack_publicize_feature_enabled":true,"jetpack_social_post_already_shared":false,"jetpack_social_options":{"image_generator_settings":{"template":"highway","enabled":false},"version":2}},"categories":[4],"tags":[36,24],"class_list":["post-1390","post","type-post","status-publish","format-standard","has-post-thumbnail","hentry","category-puruandiro","tag-principales","tag-puruandiro"],"jetpack_publicize_connections":[],"jetpack_sharing_enabled":true,"featured_image_urls":{"full":["http:\/\/tvalaire.com\/wp-content\/uploads\/2017\/04\/PRESIDENTE-MUNICIPAL-INAUGUR\u00d3-REHABILITACI\u00d3N-Y-DIGNIFICACI\u00d3N-DE-LA-PLAZA-DE-LA-COMUNIDAD-DE-LA-HIGUERA-1.jpg",2464,1632,false],"thumbnail":["http:\/\/tvalaire.com\/wp-content\/uploads\/2017\/04\/PRESIDENTE-MUNICIPAL-INAUGUR\u00d3-REHABILITACI\u00d3N-Y-DIGNIFICACI\u00d3N-DE-LA-PLAZA-DE-LA-COMUNIDAD-DE-LA-HIGUERA-1-150x150.jpg",150,150,true],"medium":["http:\/\/tvalaire.com\/wp-content\/uploads\/2017\/04\/PRESIDENTE-MUNICIPAL-INAUGUR\u00d3-REHABILITACI\u00d3N-Y-DIGNIFICACI\u00d3N-DE-LA-PLAZA-DE-LA-COMUNIDAD-DE-LA-HIGUERA-1-300x199.jpg",300,199,true],"medium_large":["http:\/\/tvalaire.com\/wp-content\/uploads\/2017\/04\/PRESIDENTE-MUNICIPAL-INAUGUR\u00d3-REHABILITACI\u00d3N-Y-DIGNIFICACI\u00d3N-DE-LA-PLAZA-DE-LA-COMUNIDAD-DE-LA-HIGUERA-1-768x509.jpg",640,424,true],"large":["http:\/\/tvalaire.com\/wp-content\/uploads\/2017\/04\/PRESIDENTE-MUNICIPAL-INAUGUR\u00d3-REHABILITACI\u00d3N-Y-DIGNIFICACI\u00d3N-DE-LA-PLAZA-DE-LA-COMUNIDAD-DE-LA-HIGUERA-1-1024x678.jpg",640,424,true],"post-slider-thumb-size":["http:\/\/tvalaire.com\/wp-content\/uploads\/2017\/04\/PRESIDENTE-MUNICIPAL-INAUGUR\u00d3-REHABILITACI\u00d3N-Y-DIGNIFICACI\u00d3N-DE-LA-PLAZA-DE-LA-COMUNIDAD-DE-LA-HIGUERA-1.jpg",287,190,false],"post-category-slider-size":["http:\/\/tvalaire.com\/wp-content\/uploads\/2017\/04\/PRESIDENTE-MUNICIPAL-INAUGUR\u00d3-REHABILITACI\u00d3N-Y-DIGNIFICACI\u00d3N-DE-LA-PLAZA-DE-LA-COMUNIDAD-DE-LA-HIGUERA-1.jpg",330,219,false],"1536x1536":["http:\/\/tvalaire.com\/wp-content\/uploads\/2017\/04\/PRESIDENTE-MUNICIPAL-INAUGUR\u00d3-REHABILITACI\u00d3N-Y-DIGNIFICACI\u00d3N-DE-LA-PLAZA-DE-LA-COMUNIDAD-DE-LA-HIGUERA-1.jpg",1536,1017,false],"2048x2048":["http:\/\/tvalaire.com\/wp-content\/uploads\/2017\/04\/PRESIDENTE-MUNICIPAL-INAUGUR\u00d3-REHABILITACI\u00d3N-Y-DIGNIFICACI\u00d3N-DE-LA-PLAZA-DE-LA-COMUNIDAD-DE-LA-HIGUERA-1.jpg",2048,1356,false],"newsium-slider-full":["http:\/\/tvalaire.com\/wp-content\/uploads\/2017\/04\/PRESIDENTE-MUNICIPAL-INAUGUR\u00d3-REHABILITACI\u00d3N-Y-DIGNIFICACI\u00d3N-DE-LA-PLAZA-DE-LA-COMUNIDAD-DE-LA-HIGUERA-1.jpg",1276,845,false],"newsium-featured":["http:\/\/tvalaire.com\/wp-content\/uploads\/2017\/04\/PRESIDENTE-MUNICIPAL-INAUGUR\u00d3-REHABILITACI\u00d3N-Y-DIGNIFICACI\u00d3N-DE-LA-PLAZA-DE-LA-COMUNIDAD-DE-LA-HIGUERA-1.jpg",1024,678,false],"newsium-medium":["http:\/\/tvalaire.com\/wp-content\/uploads\/2017\/04\/PRESIDENTE-MUNICIPAL-INAUGUR\u00d3-REHABILITACI\u00d3N-Y-DIGNIFICACI\u00d3N-DE-LA-PLAZA-DE-LA-COMUNIDAD-DE-LA-HIGUERA-1.jpg",717,475,false]},"author_info":{"info":["tvalairenoti"]},"category_info":"<a href=\"http:\/\/tvalaire.com\/?cat=4\" rel=\"category\">Puru\u00e1ndiro<\/a>","tag_info":"Puru\u00e1ndiro","comment_count":"0","jetpack_featured_media_url":"http:\/\/tvalaire.com\/wp-content\/uploads\/2017\/04\/PRESIDENTE-MUNICIPAL-INAUGUR\u00d3-REHABILITACI\u00d3N-Y-DIGNIFICACI\u00d3N-DE-LA-PLAZA-DE-LA-COMUNIDAD-DE-LA-HIGUERA-1.jpg","_links":{"self":[{"href":"http:\/\/tvalaire.com\/index.php?rest_route=\/wp\/v2\/posts\/1390"}],"collection":[{"href":"http:\/\/tvalaire.com\/index.php?rest_route=\/wp\/v2\/posts"}],"about":[{"href":"http:\/\/tvalaire.com\/index.php?rest_route=\/wp\/v2\/types\/post"}],"author":[{"embeddable":true,"href":"http:\/\/tvalaire.com\/index.php?rest_route=\/wp\/v2\/users\/1"}],"replies":[{"embeddable":true,"href":"http:\/\/tvalaire.com\/index.php?rest_route=%2Fwp%2Fv2%2Fcomments&post=1390"}],"version-history":[{"count":1,"href":"http:\/\/tvalaire.com\/index.php?rest_route=\/wp\/v2\/posts\/1390\/revisions"}],"predecessor-version":[{"id":1396,"href":"http:\/\/tvalaire.com\/index.php?rest_route=\/wp\/v2\/posts\/1390\/revisions\/1396"}],"wp:featuredmedia":[{"embeddable":true,"href":"http:\/\/tvalaire.com\/index.php?rest_route=\/wp\/v2\/media\/1391"}],"wp:attachment":[{"href":"http:\/\/tvalaire.com\/index.php?rest_route=%2Fwp%2Fv2%2Fmedia&parent=1390"}],"wp:term":[{"taxonomy":"category","embeddable":true,"href":"http:\/\/tvalaire.com\/index.php?rest_route=%2Fwp%2Fv2%2Fcategories&post=1390"},{"taxonomy":"post_tag","embeddable":true,"href":"http:\/\/tvalaire.com\/index.php?rest_route=%2Fwp%2Fv2%2Ftags&post=1390"}],"curies":[{"name":"wp","href":"https:\/\/api.w.org\/{rel}","templated":true}]}}