{"id":1375,"date":"2017-04-28T11:07:03","date_gmt":"2017-04-28T16:07:03","guid":{"rendered":"http:\/\/tvalaire.com\/?p=1375"},"modified":"2017-04-28T11:07:03","modified_gmt":"2017-04-28T16:07:03","slug":"habitantes-de-ruvalcabo-estrenaron-techumbre-en-la-cancha-de-usos-multiples-junto-con-el-presidente-municipal","status":"publish","type":"post","link":"http:\/\/tvalaire.com\/?p=1375","title":{"rendered":"HABITANTES DE RUVALCABO ESTRENARON  TECHUMBRE EN LA CANCHA DE USOS M\u00daLTIPLES, JUNTO CON EL PRESIDENTE MUNICIPAL."},"content":{"rendered":"<p>&nbsp;<\/p>\n<p>\u201cTuve la oportunidad de entrevistarnos con unos amigos migrantes originarios de esta bonita comunidad, que por cuestiones de trabajo est\u00e1n en los Estados Unidos, espec\u00edficamente con don Fernando tuvimos una reuni\u00f3n para trabajar un programa del 3 x 1, que no fue posible porque la comunidad no est\u00e1 registrada ante SEDESOL, tr\u00e1mite que estamos tambi\u00e9n llevando en el Congreso del Estado y al no ser posible buscamos los medios para poder realizarla\u201d coment\u00f3 el Presidente Municipal en la inauguraci\u00f3n de la Techumbre de la Cancha de Usos M\u00faltiples de la comunidad de Ruvalcabo.<\/p>\n<p>En el mismo marco se\u00f1al\u00f3 que \u201cestamos muy comprometidos con ir dando una mejor imagen al municipio y obviamente va ser a trav\u00e9s de estas acciones, tratando de ir dignificando los espacios p\u00fablicos que se tienen y que mejor que sea de forma conjunta, por eso mi reconocimiento para los migrantes, porque gracias a su aportaci\u00f3n, a su carillo hacia su gente, hoy es muestra\u00a0 esta obra que es para su comunidad\u201d.<\/p>\n<p>Adem\u00e1s extern\u00f3 que \u201ceste proyecto nos falta culminarlo, falta otra parte que vamos a seguir trabajando con su encargado del orden y seguramente con los amigos migrantes, tengo la plena confianza que en pr\u00f3ximos d\u00edas vamos a echar andar este proyecto, porque gracias al acercamiento que tenemos con ustedes se permite solucionar los problemas\u201d.<\/p>\n<p>\u201cPara nosotros, m\u00e1s que venir a inaugurar una obra, es poder venir a mirarlos a los ojos y decirles que estamos muy comprometidos con ustedes, que esta administraci\u00f3n se ha caracterizado por el acercamiento\u00a0 con la gente y es uno de los objetivos que perseguimos, el otro es que el Honorable Cabildo pueda Constatar c\u00f3mo fueron empleados los recursos en esta obra\u201d puntualiz\u00f3 V\u00edctor V\u00e1zquez.<\/p>\n<p>&nbsp;<\/p>\n<p><img loading=\"lazy\" decoding=\"async\" class=\"alignnone size-medium wp-image-1382\" src=\"http:\/\/tvalaire.com\/wp-content\/uploads\/2017\/04\/ESTRENAN-CANCHA-EN-LA-COMUNIDAD-DE-RUBALCAVO-7-300x199.jpg\" alt=\"\" width=\"300\" height=\"199\" srcset=\"http:\/\/tvalaire.com\/wp-content\/uploads\/2017\/04\/ESTRENAN-CANCHA-EN-LA-COMUNIDAD-DE-RUBALCAVO-7-300x199.jpg 300w, http:\/\/tvalaire.com\/wp-content\/uploads\/2017\/04\/ESTRENAN-CANCHA-EN-LA-COMUNIDAD-DE-RUBALCAVO-7-768x509.jpg 768w, http:\/\/tvalaire.com\/wp-content\/uploads\/2017\/04\/ESTRENAN-CANCHA-EN-LA-COMUNIDAD-DE-RUBALCAVO-7-1024x678.jpg 1024w\" sizes=\"(max-width: 300px) 100vw, 300px\" \/><\/p>\n<p><img loading=\"lazy\" decoding=\"async\" class=\"alignnone size-medium wp-image-1381\" src=\"http:\/\/tvalaire.com\/wp-content\/uploads\/2017\/04\/ESTRENAN-CANCHA-EN-LA-COMUNIDAD-DE-RUBALCAVO-6-300x199.jpg\" alt=\"\" width=\"300\" height=\"199\" srcset=\"http:\/\/tvalaire.com\/wp-content\/uploads\/2017\/04\/ESTRENAN-CANCHA-EN-LA-COMUNIDAD-DE-RUBALCAVO-6-300x199.jpg 300w, http:\/\/tvalaire.com\/wp-content\/uploads\/2017\/04\/ESTRENAN-CANCHA-EN-LA-COMUNIDAD-DE-RUBALCAVO-6-768x509.jpg 768w, http:\/\/tvalaire.com\/wp-content\/uploads\/2017\/04\/ESTRENAN-CANCHA-EN-LA-COMUNIDAD-DE-RUBALCAVO-6-1024x678.jpg 1024w\" sizes=\"(max-width: 300px) 100vw, 300px\" \/><\/p>\n<p><img loading=\"lazy\" decoding=\"async\" class=\"alignnone size-medium wp-image-1380\" src=\"http:\/\/tvalaire.com\/wp-content\/uploads\/2017\/04\/ESTRENAN-CANCHA-EN-LA-COMUNIDAD-DE-RUBALCAVO-5-300x199.jpg\" alt=\"\" width=\"300\" height=\"199\" srcset=\"http:\/\/tvalaire.com\/wp-content\/uploads\/2017\/04\/ESTRENAN-CANCHA-EN-LA-COMUNIDAD-DE-RUBALCAVO-5-300x199.jpg 300w, http:\/\/tvalaire.com\/wp-content\/uploads\/2017\/04\/ESTRENAN-CANCHA-EN-LA-COMUNIDAD-DE-RUBALCAVO-5-768x509.jpg 768w, http:\/\/tvalaire.com\/wp-content\/uploads\/2017\/04\/ESTRENAN-CANCHA-EN-LA-COMUNIDAD-DE-RUBALCAVO-5-1024x678.jpg 1024w\" sizes=\"(max-width: 300px) 100vw, 300px\" \/><\/p>\n<p><img loading=\"lazy\" decoding=\"async\" class=\"alignnone size-medium wp-image-1378\" src=\"http:\/\/tvalaire.com\/wp-content\/uploads\/2017\/04\/ESTRENAN-CANCHA-EN-LA-COMUNIDAD-DE-RUBALCAVO-3-300x199.jpg\" alt=\"\" width=\"300\" height=\"199\" srcset=\"http:\/\/tvalaire.com\/wp-content\/uploads\/2017\/04\/ESTRENAN-CANCHA-EN-LA-COMUNIDAD-DE-RUBALCAVO-3-300x199.jpg 300w, http:\/\/tvalaire.com\/wp-content\/uploads\/2017\/04\/ESTRENAN-CANCHA-EN-LA-COMUNIDAD-DE-RUBALCAVO-3-768x509.jpg 768w, http:\/\/tvalaire.com\/wp-content\/uploads\/2017\/04\/ESTRENAN-CANCHA-EN-LA-COMUNIDAD-DE-RUBALCAVO-3-1024x678.jpg 1024w\" sizes=\"(max-width: 300px) 100vw, 300px\" \/><\/p>\n<p><img loading=\"lazy\" decoding=\"async\" class=\"alignnone size-medium wp-image-1377\" src=\"http:\/\/tvalaire.com\/wp-content\/uploads\/2017\/04\/ESTRENAN-CANCHA-EN-LA-COMUNIDAD-DE-RUBALCAVO-2-300x199.jpg\" alt=\"\" width=\"300\" height=\"199\" srcset=\"http:\/\/tvalaire.com\/wp-content\/uploads\/2017\/04\/ESTRENAN-CANCHA-EN-LA-COMUNIDAD-DE-RUBALCAVO-2-300x199.jpg 300w, http:\/\/tvalaire.com\/wp-content\/uploads\/2017\/04\/ESTRENAN-CANCHA-EN-LA-COMUNIDAD-DE-RUBALCAVO-2-768x509.jpg 768w, http:\/\/tvalaire.com\/wp-content\/uploads\/2017\/04\/ESTRENAN-CANCHA-EN-LA-COMUNIDAD-DE-RUBALCAVO-2-1024x678.jpg 1024w\" sizes=\"(max-width: 300px) 100vw, 300px\" \/><\/p>\n<p><img loading=\"lazy\" decoding=\"async\" class=\"alignnone size-medium wp-image-1376\" src=\"http:\/\/tvalaire.com\/wp-content\/uploads\/2017\/04\/ESTRENAN-CANCHA-EN-LA-COMUNIDAD-DE-RUBALCAVO-1-199x300.jpg\" alt=\"\" width=\"199\" height=\"300\" srcset=\"http:\/\/tvalaire.com\/wp-content\/uploads\/2017\/04\/ESTRENAN-CANCHA-EN-LA-COMUNIDAD-DE-RUBALCAVO-1-199x300.jpg 199w, http:\/\/tvalaire.com\/wp-content\/uploads\/2017\/04\/ESTRENAN-CANCHA-EN-LA-COMUNIDAD-DE-RUBALCAVO-1-768x1160.jpg 768w, http:\/\/tvalaire.com\/wp-content\/uploads\/2017\/04\/ESTRENAN-CANCHA-EN-LA-COMUNIDAD-DE-RUBALCAVO-1-678x1024.jpg 678w, http:\/\/tvalaire.com\/wp-content\/uploads\/2017\/04\/ESTRENAN-CANCHA-EN-LA-COMUNIDAD-DE-RUBALCAVO-1.jpg 1632w\" sizes=\"(max-width: 199px) 100vw, 199px\" \/><\/p>\n","protected":false},"excerpt":{"rendered":"<p>&nbsp; \u201cTuve la oportunidad de entrevistarnos con unos amigos migrantes originarios de esta bonita comunidad,&#8230;<\/p>\n","protected":false},"author":1,"featured_media":1379,"comment_status":"open","ping_status":"open","sticky":false,"template":"","format":"standard","meta":{"jetpack_post_was_ever_published":false,"_jetpack_newsletter_access":"","_jetpack_dont_email_post_to_subs":false,"_jetpack_newsletter_tier_id":0,"_jetpack_memberships_contains_paywalled_content":false,"_jetpack_memberships_contains_paid_content":false,"footnotes":"","jetpack_publicize_message":"","jetpack_publicize_feature_enabled":true,"jetpack_social_post_already_shared":false,"jetpack_social_options":{"image_generator_settings":{"template":"highway","enabled":false},"version":2}},"categories":[4],"tags":[36,24],"class_list":["post-1375","post","type-post","status-publish","format-standard","has-post-thumbnail","hentry","category-puruandiro","tag-principales","tag-puruandiro"],"jetpack_publicize_connections":[],"jetpack_sharing_enabled":true,"featured_image_urls":{"full":["http:\/\/tvalaire.com\/wp-content\/uploads\/2017\/04\/ESTRENAN-CANCHA-EN-LA-COMUNIDAD-DE-RUBALCAVO-4.jpg",2464,1632,false],"thumbnail":["http:\/\/tvalaire.com\/wp-content\/uploads\/2017\/04\/ESTRENAN-CANCHA-EN-LA-COMUNIDAD-DE-RUBALCAVO-4-150x150.jpg",150,150,true],"medium":["http:\/\/tvalaire.com\/wp-content\/uploads\/2017\/04\/ESTRENAN-CANCHA-EN-LA-COMUNIDAD-DE-RUBALCAVO-4-300x199.jpg",300,199,true],"medium_large":["http:\/\/tvalaire.com\/wp-content\/uploads\/2017\/04\/ESTRENAN-CANCHA-EN-LA-COMUNIDAD-DE-RUBALCAVO-4-768x509.jpg",640,424,true],"large":["http:\/\/tvalaire.com\/wp-content\/uploads\/2017\/04\/ESTRENAN-CANCHA-EN-LA-COMUNIDAD-DE-RUBALCAVO-4-1024x678.jpg",640,424,true],"post-slider-thumb-size":["http:\/\/tvalaire.com\/wp-content\/uploads\/2017\/04\/ESTRENAN-CANCHA-EN-LA-COMUNIDAD-DE-RUBALCAVO-4.jpg",287,190,false],"post-category-slider-size":["http:\/\/tvalaire.com\/wp-content\/uploads\/2017\/04\/ESTRENAN-CANCHA-EN-LA-COMUNIDAD-DE-RUBALCAVO-4.jpg",330,219,false],"1536x1536":["http:\/\/tvalaire.com\/wp-content\/uploads\/2017\/04\/ESTRENAN-CANCHA-EN-LA-COMUNIDAD-DE-RUBALCAVO-4.jpg",1536,1017,false],"2048x2048":["http:\/\/tvalaire.com\/wp-content\/uploads\/2017\/04\/ESTRENAN-CANCHA-EN-LA-COMUNIDAD-DE-RUBALCAVO-4.jpg",2048,1356,false],"newsium-slider-full":["http:\/\/tvalaire.com\/wp-content\/uploads\/2017\/04\/ESTRENAN-CANCHA-EN-LA-COMUNIDAD-DE-RUBALCAVO-4.jpg",1276,845,false],"newsium-featured":["http:\/\/tvalaire.com\/wp-content\/uploads\/2017\/04\/ESTRENAN-CANCHA-EN-LA-COMUNIDAD-DE-RUBALCAVO-4.jpg",1024,678,false],"newsium-medium":["http:\/\/tvalaire.com\/wp-content\/uploads\/2017\/04\/ESTRENAN-CANCHA-EN-LA-COMUNIDAD-DE-RUBALCAVO-4.jpg",717,475,false]},"author_info":{"info":["tvalairenoti"]},"category_info":"<a href=\"http:\/\/tvalaire.com\/?cat=4\" rel=\"category\">Puru\u00e1ndiro<\/a>","tag_info":"Puru\u00e1ndiro","comment_count":"0","jetpack_featured_media_url":"http:\/\/tvalaire.com\/wp-content\/uploads\/2017\/04\/ESTRENAN-CANCHA-EN-LA-COMUNIDAD-DE-RUBALCAVO-4.jpg","_links":{"self":[{"href":"http:\/\/tvalaire.com\/index.php?rest_route=\/wp\/v2\/posts\/1375"}],"collection":[{"href":"http:\/\/tvalaire.com\/index.php?rest_route=\/wp\/v2\/posts"}],"about":[{"href":"http:\/\/tvalaire.com\/index.php?rest_route=\/wp\/v2\/types\/post"}],"author":[{"embeddable":true,"href":"http:\/\/tvalaire.com\/index.php?rest_route=\/wp\/v2\/users\/1"}],"replies":[{"embeddable":true,"href":"http:\/\/tvalaire.com\/index.php?rest_route=%2Fwp%2Fv2%2Fcomments&post=1375"}],"version-history":[{"count":1,"href":"http:\/\/tvalaire.com\/index.php?rest_route=\/wp\/v2\/posts\/1375\/revisions"}],"predecessor-version":[{"id":1383,"href":"http:\/\/tvalaire.com\/index.php?rest_route=\/wp\/v2\/posts\/1375\/revisions\/1383"}],"wp:featuredmedia":[{"embeddable":true,"href":"http:\/\/tvalaire.com\/index.php?rest_route=\/wp\/v2\/media\/1379"}],"wp:attachment":[{"href":"http:\/\/tvalaire.com\/index.php?rest_route=%2Fwp%2Fv2%2Fmedia&parent=1375"}],"wp:term":[{"taxonomy":"category","embeddable":true,"href":"http:\/\/tvalaire.com\/index.php?rest_route=%2Fwp%2Fv2%2Fcategories&post=1375"},{"taxonomy":"post_tag","embeddable":true,"href":"http:\/\/tvalaire.com\/index.php?rest_route=%2Fwp%2Fv2%2Ftags&post=1375"}],"curies":[{"name":"wp","href":"https:\/\/api.w.org\/{rel}","templated":true}]}}