{"id":1363,"date":"2017-04-28T10:59:06","date_gmt":"2017-04-28T15:59:06","guid":{"rendered":"http:\/\/tvalaire.com\/?p=1363"},"modified":"2017-04-28T10:59:06","modified_gmt":"2017-04-28T15:59:06","slug":"pide-alcalde-a-sedesol-y-gobernador-sumar-esfuerzos-para-mejorar-condiciones-de-piedadenses","status":"publish","type":"post","link":"http:\/\/tvalaire.com\/?p=1363","title":{"rendered":"PIDE ALCALDE A SEDESOL Y GOBERNADOR SUMAR ESFUERZOS PARA MEJORAR CONDICIONES DE PIEDADENSES"},"content":{"rendered":"<p>&nbsp;<\/p>\n<p>El presidente municipal, Juan Manuel Estrada Medina recibi\u00f3 la visita del secretario de desarrollo social a nivel federal, Luis Enrique Miranda Nava y al gobernador del estado, Silvano Aureoles Conejo quienes inauguraron uno de los 50 comedores comunitarios que se tienen en Michoac\u00e1n, en donde el alcalde aprovech\u00f3 para solicitar m\u00e1s apoyos a diversos programas locales.<\/p>\n<p>&nbsp;<\/p>\n<p>Uno de ellos, es el incrementar el programa de empleo temporal, as\u00ed como una mayor incorporaci\u00f3n de familias al programa PROSPERA, pues declar\u00f3 que hace m\u00e1s de 5 a\u00f1os que no se realizan inscripciones en el municipio, as\u00ed como la instalaci\u00f3n de una lecher\u00eda m\u00e1s de Liconsa.<\/p>\n<p>&nbsp;<\/p>\n<p>El Alcalde en su intervenci\u00f3n en el acto protocolario de la inauguraci\u00f3n de los 50 comedores comunitarios a nivel estatal, realizado en el auditorio de la unidad deportiva \u201cLic. Humberto Romero P\u00e9rez\u201d, indic\u00f3 que el municipio de La Piedad es la puerta de entrada del estado, pero con su propia problem\u00e1tica social.<\/p>\n<p>&nbsp;<\/p>\n<p>Y en este sentido, aunque no se cuenta con cinturones de miseria tan marcados como pueden existir en otros lugares, s\u00ed hay carencias importantes que requieren dijo, la recomposici\u00f3n del tejido social, de ah\u00ed que hoy m\u00e1s que nunca requer\u00eda de los apoyos necesarios de los dos \u00f3rdenes de gobierno tanto federal como estatal para poder emprender acciones conjuntas de los tres para beneficio de los piedadenses.<\/p>\n<p>&nbsp;<\/p>\n<p>Para ello, requiri\u00f3 del apoyo tanto del Secretario de SEDESOL como del Gobernador del Estado, para sumar esfuerzos y mejorar las condiciones de vida de estos grupos e invit\u00f3 a que en La Piedad se establecieran m\u00e1s lecher\u00edas, aumentar el programa de empleo temporal, as\u00ed como incorporaci\u00f3n de m\u00e1s familias al programa de PROSPERA.<\/p>\n<p>&nbsp;<\/p>\n<p>Y se refiri\u00f3 a su vez a proyectos que han sido demanda sentida de los ciudadanos como el de la Estancia del Adulto Mayor, un velatorio comunitario, el mejoramiento de las instalaciones para la atenci\u00f3n m\u00e9dicas de las familias de PROSPERA, ya que \u00e9stas las reciben en locales comerciales o mercados y no cumplen con las normas de salud.<\/p>\n<p>&nbsp;<\/p>\n<p>As\u00ed mismo, para la protecci\u00f3n de las mujeres embarazadas para lograr la disminuci\u00f3n de la mortandad materna y perinatal, el Gobierno Municipal se ha propuesto construir una Posada Ame o albergue para las embarazadas que buscan la resoluci\u00f3n de su parto en el Hospital Regional y que muchas veces tienen periodos prolongados de trabajo de parto y de vigilancia que las obliga a estar a la intemperie, pues muchas veces sus hogares quedan muy distantes y no se atreven a regresar por la inseguridad o incertidumbre del estado gestacional.<\/p>\n<p>&nbsp;<\/p>\n<p>Y sabedor de su sensibilidad pol\u00edtica y social, as\u00ed como la del presidente de la rep\u00fablica, Enrique Pe\u00f1a Nieto y de la solidaridad del Gobernador del Estado, conf\u00edo en que el clamor de los piedadenses sea escuchado.<\/p>\n<p>&nbsp;<\/p>\n<p>Con estas acciones, Estrada Medina dijo que se estar\u00e1 disminuyendo el rezago social que existe en La Piedad y se establecer\u00e1 una mejor calidad de vida para los habitantes que es hac\u00eda donde se espera llegar.<\/p>\n<p>En la visita de los funcionarios federales y estatales, tambi\u00e9n se cont\u00f3 con la presencia del delegado de la SEDESOL en Michoac\u00e1n, Ger\u00f3nimo Color Gasca; Mercedes Juan L\u00f3pez, directora general de la CONADIS; H\u00e9ctor Pablo Ram\u00edrez Puga y Leyva, director general de Liconsa; Mirian Tinoco Soto, secretaria de pol\u00edtica social y el coronel, Jos\u00e9 Manuel Jim\u00e9nez Miranda, comandante del 17\u00b0 Batall\u00f3n de Infanter\u00eda.<\/p>\n","protected":false},"excerpt":{"rendered":"<p>&nbsp; El presidente municipal, Juan Manuel Estrada Medina recibi\u00f3 la visita del secretario de desarrollo&#8230;<\/p>\n","protected":false},"author":1,"featured_media":1365,"comment_status":"open","ping_status":"open","sticky":false,"template":"","format":"standard","meta":{"jetpack_post_was_ever_published":false,"_jetpack_newsletter_access":"","_jetpack_dont_email_post_to_subs":false,"_jetpack_newsletter_tier_id":0,"_jetpack_memberships_contains_paywalled_content":false,"_jetpack_memberships_contains_paid_content":false,"footnotes":"","jetpack_publicize_message":"","jetpack_publicize_feature_enabled":true,"jetpack_social_post_already_shared":false,"jetpack_social_options":{"image_generator_settings":{"template":"highway","enabled":false},"version":2}},"categories":[1],"tags":[15,36],"class_list":["post-1363","post","type-post","status-publish","format-standard","has-post-thumbnail","hentry","category-la-piedad","tag-la-piedad","tag-principales"],"jetpack_publicize_connections":[],"jetpack_sharing_enabled":true,"featured_image_urls":{"full":["http:\/\/tvalaire.com\/wp-content\/uploads\/2017\/04\/PIDE-ALCALDE-A-SEDESOL-Y-GOBERNADOR-SUMAR-ESFUERZOS-PARA-MEJORAR-CONDICIONES-DE-PIEDADENSES.jpg",1237,827,false],"thumbnail":["http:\/\/tvalaire.com\/wp-content\/uploads\/2017\/04\/PIDE-ALCALDE-A-SEDESOL-Y-GOBERNADOR-SUMAR-ESFUERZOS-PARA-MEJORAR-CONDICIONES-DE-PIEDADENSES-150x150.jpg",150,150,true],"medium":["http:\/\/tvalaire.com\/wp-content\/uploads\/2017\/04\/PIDE-ALCALDE-A-SEDESOL-Y-GOBERNADOR-SUMAR-ESFUERZOS-PARA-MEJORAR-CONDICIONES-DE-PIEDADENSES-300x201.jpg",300,201,true],"medium_large":["http:\/\/tvalaire.com\/wp-content\/uploads\/2017\/04\/PIDE-ALCALDE-A-SEDESOL-Y-GOBERNADOR-SUMAR-ESFUERZOS-PARA-MEJORAR-CONDICIONES-DE-PIEDADENSES-768x513.jpg",640,428,true],"large":["http:\/\/tvalaire.com\/wp-content\/uploads\/2017\/04\/PIDE-ALCALDE-A-SEDESOL-Y-GOBERNADOR-SUMAR-ESFUERZOS-PARA-MEJORAR-CONDICIONES-DE-PIEDADENSES-1024x685.jpg",640,428,true],"post-slider-thumb-size":["http:\/\/tvalaire.com\/wp-content\/uploads\/2017\/04\/PIDE-ALCALDE-A-SEDESOL-Y-GOBERNADOR-SUMAR-ESFUERZOS-PARA-MEJORAR-CONDICIONES-DE-PIEDADENSES.jpg",284,190,false],"post-category-slider-size":["http:\/\/tvalaire.com\/wp-content\/uploads\/2017\/04\/PIDE-ALCALDE-A-SEDESOL-Y-GOBERNADOR-SUMAR-ESFUERZOS-PARA-MEJORAR-CONDICIONES-DE-PIEDADENSES.jpg",330,221,false],"1536x1536":["http:\/\/tvalaire.com\/wp-content\/uploads\/2017\/04\/PIDE-ALCALDE-A-SEDESOL-Y-GOBERNADOR-SUMAR-ESFUERZOS-PARA-MEJORAR-CONDICIONES-DE-PIEDADENSES.jpg",1237,827,false],"2048x2048":["http:\/\/tvalaire.com\/wp-content\/uploads\/2017\/04\/PIDE-ALCALDE-A-SEDESOL-Y-GOBERNADOR-SUMAR-ESFUERZOS-PARA-MEJORAR-CONDICIONES-DE-PIEDADENSES.jpg",1237,827,false],"newsium-slider-full":["http:\/\/tvalaire.com\/wp-content\/uploads\/2017\/04\/PIDE-ALCALDE-A-SEDESOL-Y-GOBERNADOR-SUMAR-ESFUERZOS-PARA-MEJORAR-CONDICIONES-DE-PIEDADENSES.jpg",1237,827,false],"newsium-featured":["http:\/\/tvalaire.com\/wp-content\/uploads\/2017\/04\/PIDE-ALCALDE-A-SEDESOL-Y-GOBERNADOR-SUMAR-ESFUERZOS-PARA-MEJORAR-CONDICIONES-DE-PIEDADENSES.jpg",1024,685,false],"newsium-medium":["http:\/\/tvalaire.com\/wp-content\/uploads\/2017\/04\/PIDE-ALCALDE-A-SEDESOL-Y-GOBERNADOR-SUMAR-ESFUERZOS-PARA-MEJORAR-CONDICIONES-DE-PIEDADENSES.jpg",710,475,false]},"author_info":{"info":["tvalairenoti"]},"category_info":"<a href=\"http:\/\/tvalaire.com\/?cat=1\" rel=\"category\">La Piedad<\/a>","tag_info":"La Piedad","comment_count":"0","jetpack_featured_media_url":"http:\/\/tvalaire.com\/wp-content\/uploads\/2017\/04\/PIDE-ALCALDE-A-SEDESOL-Y-GOBERNADOR-SUMAR-ESFUERZOS-PARA-MEJORAR-CONDICIONES-DE-PIEDADENSES.jpg","_links":{"self":[{"href":"http:\/\/tvalaire.com\/index.php?rest_route=\/wp\/v2\/posts\/1363"}],"collection":[{"href":"http:\/\/tvalaire.com\/index.php?rest_route=\/wp\/v2\/posts"}],"about":[{"href":"http:\/\/tvalaire.com\/index.php?rest_route=\/wp\/v2\/types\/post"}],"author":[{"embeddable":true,"href":"http:\/\/tvalaire.com\/index.php?rest_route=\/wp\/v2\/users\/1"}],"replies":[{"embeddable":true,"href":"http:\/\/tvalaire.com\/index.php?rest_route=%2Fwp%2Fv2%2Fcomments&post=1363"}],"version-history":[{"count":1,"href":"http:\/\/tvalaire.com\/index.php?rest_route=\/wp\/v2\/posts\/1363\/revisions"}],"predecessor-version":[{"id":1366,"href":"http:\/\/tvalaire.com\/index.php?rest_route=\/wp\/v2\/posts\/1363\/revisions\/1366"}],"wp:featuredmedia":[{"embeddable":true,"href":"http:\/\/tvalaire.com\/index.php?rest_route=\/wp\/v2\/media\/1365"}],"wp:attachment":[{"href":"http:\/\/tvalaire.com\/index.php?rest_route=%2Fwp%2Fv2%2Fmedia&parent=1363"}],"wp:term":[{"taxonomy":"category","embeddable":true,"href":"http:\/\/tvalaire.com\/index.php?rest_route=%2Fwp%2Fv2%2Fcategories&post=1363"},{"taxonomy":"post_tag","embeddable":true,"href":"http:\/\/tvalaire.com\/index.php?rest_route=%2Fwp%2Fv2%2Ftags&post=1363"}],"curies":[{"name":"wp","href":"https:\/\/api.w.org\/{rel}","templated":true}]}}