{"id":1359,"date":"2017-04-27T10:15:12","date_gmt":"2017-04-27T15:15:12","guid":{"rendered":"http:\/\/tvalaire.com\/?p=1359"},"modified":"2017-04-27T10:15:12","modified_gmt":"2017-04-27T15:15:12","slug":"se-presenta-ante-cabildo-cuenta-trimestral-con-disciplina-administrativa","status":"publish","type":"post","link":"http:\/\/tvalaire.com\/?p=1359","title":{"rendered":"SE PRESENTA ANTE CABILDO CUENTA TRIMESTRAL CON DISCIPLINA ADMINISTRATIVA"},"content":{"rendered":"<p>&nbsp;<\/p>\n<p>Ensesi\u00f3n de Cabildo del d\u00eda de hoy, se present\u00f3 solicitud del alcalde Juan Manuel Estrada Medina, a trav\u00e9s del tesorero Emilio Guill\u00e9n P\u00e9rez para someter a consideraci\u00f3n la aprobaci\u00f3n, para su posterior presentaci\u00f3n de la cuenta p\u00fablica trimestral del periodo enero a marzo de este a\u00f1o, misma que fue aprobada.<\/p>\n<p>Antes de la aprobaci\u00f3n, el Tesorero explic\u00f3 que los ingresos presupuestados para este a\u00f1o es de 278 millones de pesos de los cuales hasta el momento se han recaudado 90 millones de pesos que representa un 32.5%, que representa m\u00e1s de lo proyectado (25%) para esta fecha.<\/p>\n<p>El incremento en la recaudaci\u00f3n dijo que se debe al ingreso del predial, por la labor que ha hecho la direcci\u00f3n de la Propiedad Inmobiliaria, as\u00ed como a la direcci\u00f3n de Ingresos. Aclar\u00f3 que la presentaci\u00f3n de esta cuenta p\u00fablica es la primera que se entrega con un programa de c\u00f3mputo nuevo que les permite dar un desglose m\u00e1s detallado por \u00e1reas determinadas, pues\u00a0 facilita y detecta en qu\u00e9 \u00e1reas van mejor, as\u00ed como las partidas en las que se observa un incremento de lo presupuestado.<\/p>\n<p>En el presupuesto de egresos el Tesorero que es igual que el de ingresos, este primer trimestre se gastaron 52 millones de pesos que representa un 18.69% cuando deber\u00edan de estar al 25%, lo cual significa que gastaron menos de lo programado, esto como parte de la disciplina que se tiene en todas las direcciones, como ejemplo, en servicios personales han gastado un 23.81% de lo programado; en materiales y suministros 24.3%, entre otros.<\/p>\n<p>&nbsp;<\/p>\n<p><strong>CONTRALOR\u00cdA PRESENT\u00d3 INFORME TRIMESTRAL E HIZO RECOMENDACIONES EN DIFERENTES DIRECCIONES.<\/strong><\/p>\n<p>En la sesi\u00f3n, la contralora Mar\u00eda Guadalupe Rojas Calder\u00f3n present\u00f3 el Primer Informe Trimestral de este a\u00f1o, durante el cual se han implementado 73 auditorias internas, ha hecho arqueos de caja en \u00e1reas donde perciben los ingresos, aplicado controles en las m\u00e1quinas que dan boletaje, revisando expedientes t\u00e9cnicos de obras, auditorias contables en la obra p\u00fablica yen las de desempe\u00f1o. Atendi\u00f3 quejas ciudadanas de Seguridad P\u00fablica, Tr\u00e1nsito, SAPAS y DIF Municipal, de las cuales se dio especial seguimiento e hicieron las recomendaciones necesarias.<\/p>\n<p>Al respecto el s\u00edndico, Nicol\u00e1s Hermosillo dijo que la instrucci\u00f3n del Alcalde es que no se avale ninguna violaci\u00f3n a los Derechos Humanos, por tanto ha habido despidos de personal que ha incurrido en ellos e incluso, se ha regresado dinero a algunos ciudadanos que presentaron alguna queja fundada, por lo que invit\u00f3 a la ciudadan\u00eda que se sienta ofendida por la actuaci\u00f3n de alg\u00fan funcionario a que acuda a la Contralor\u00eda a presentar su queja o bien que lo hagan en alguno de los buzones que hay en diversas dependencias municipales.<\/p>\n<p><strong>\u00a0<\/strong><\/p>\n<p>&nbsp;<\/p>\n<p>&nbsp;<\/p>\n","protected":false},"excerpt":{"rendered":"<p>&nbsp; Ensesi\u00f3n de Cabildo del d\u00eda de hoy, se present\u00f3 solicitud del alcalde Juan Manuel&#8230;<\/p>\n","protected":false},"author":1,"featured_media":1360,"comment_status":"open","ping_status":"open","sticky":false,"template":"","format":"standard","meta":{"jetpack_post_was_ever_published":false,"_jetpack_newsletter_access":"","_jetpack_dont_email_post_to_subs":false,"_jetpack_newsletter_tier_id":0,"_jetpack_memberships_contains_paywalled_content":false,"_jetpack_memberships_contains_paid_content":false,"footnotes":"","jetpack_publicize_message":"","jetpack_publicize_feature_enabled":true,"jetpack_social_post_already_shared":false,"jetpack_social_options":{"image_generator_settings":{"template":"highway","enabled":false},"version":2}},"categories":[1],"tags":[15,36],"class_list":["post-1359","post","type-post","status-publish","format-standard","has-post-thumbnail","hentry","category-la-piedad","tag-la-piedad","tag-principales"],"jetpack_publicize_connections":[],"jetpack_sharing_enabled":true,"featured_image_urls":{"full":["http:\/\/tvalaire.com\/wp-content\/uploads\/2017\/04\/SE-PRESENTA-ANTE.jpg",1240,827,false],"thumbnail":["http:\/\/tvalaire.com\/wp-content\/uploads\/2017\/04\/SE-PRESENTA-ANTE-150x150.jpg",150,150,true],"medium":["http:\/\/tvalaire.com\/wp-content\/uploads\/2017\/04\/SE-PRESENTA-ANTE-300x200.jpg",300,200,true],"medium_large":["http:\/\/tvalaire.com\/wp-content\/uploads\/2017\/04\/SE-PRESENTA-ANTE-768x512.jpg",640,427,true],"large":["http:\/\/tvalaire.com\/wp-content\/uploads\/2017\/04\/SE-PRESENTA-ANTE-1024x683.jpg",640,427,true],"post-slider-thumb-size":["http:\/\/tvalaire.com\/wp-content\/uploads\/2017\/04\/SE-PRESENTA-ANTE.jpg",285,190,false],"post-category-slider-size":["http:\/\/tvalaire.com\/wp-content\/uploads\/2017\/04\/SE-PRESENTA-ANTE.jpg",330,220,false],"1536x1536":["http:\/\/tvalaire.com\/wp-content\/uploads\/2017\/04\/SE-PRESENTA-ANTE.jpg",1240,827,false],"2048x2048":["http:\/\/tvalaire.com\/wp-content\/uploads\/2017\/04\/SE-PRESENTA-ANTE.jpg",1240,827,false],"newsium-slider-full":["http:\/\/tvalaire.com\/wp-content\/uploads\/2017\/04\/SE-PRESENTA-ANTE.jpg",1240,827,false],"newsium-featured":["http:\/\/tvalaire.com\/wp-content\/uploads\/2017\/04\/SE-PRESENTA-ANTE.jpg",1024,683,false],"newsium-medium":["http:\/\/tvalaire.com\/wp-content\/uploads\/2017\/04\/SE-PRESENTA-ANTE.jpg",712,475,false]},"author_info":{"info":["tvalairenoti"]},"category_info":"<a href=\"http:\/\/tvalaire.com\/?cat=1\" rel=\"category\">La Piedad<\/a>","tag_info":"La Piedad","comment_count":"0","jetpack_featured_media_url":"http:\/\/tvalaire.com\/wp-content\/uploads\/2017\/04\/SE-PRESENTA-ANTE.jpg","_links":{"self":[{"href":"http:\/\/tvalaire.com\/index.php?rest_route=\/wp\/v2\/posts\/1359"}],"collection":[{"href":"http:\/\/tvalaire.com\/index.php?rest_route=\/wp\/v2\/posts"}],"about":[{"href":"http:\/\/tvalaire.com\/index.php?rest_route=\/wp\/v2\/types\/post"}],"author":[{"embeddable":true,"href":"http:\/\/tvalaire.com\/index.php?rest_route=\/wp\/v2\/users\/1"}],"replies":[{"embeddable":true,"href":"http:\/\/tvalaire.com\/index.php?rest_route=%2Fwp%2Fv2%2Fcomments&post=1359"}],"version-history":[{"count":1,"href":"http:\/\/tvalaire.com\/index.php?rest_route=\/wp\/v2\/posts\/1359\/revisions"}],"predecessor-version":[{"id":1361,"href":"http:\/\/tvalaire.com\/index.php?rest_route=\/wp\/v2\/posts\/1359\/revisions\/1361"}],"wp:featuredmedia":[{"embeddable":true,"href":"http:\/\/tvalaire.com\/index.php?rest_route=\/wp\/v2\/media\/1360"}],"wp:attachment":[{"href":"http:\/\/tvalaire.com\/index.php?rest_route=%2Fwp%2Fv2%2Fmedia&parent=1359"}],"wp:term":[{"taxonomy":"category","embeddable":true,"href":"http:\/\/tvalaire.com\/index.php?rest_route=%2Fwp%2Fv2%2Fcategories&post=1359"},{"taxonomy":"post_tag","embeddable":true,"href":"http:\/\/tvalaire.com\/index.php?rest_route=%2Fwp%2Fv2%2Ftags&post=1359"}],"curies":[{"name":"wp","href":"https:\/\/api.w.org\/{rel}","templated":true}]}}