{"id":1347,"date":"2017-04-24T10:49:59","date_gmt":"2017-04-24T15:49:59","guid":{"rendered":"http:\/\/tvalaire.com\/?p=1347"},"modified":"2017-04-24T10:49:59","modified_gmt":"2017-04-24T15:49:59","slug":"el-delegado-de-sedesol-superviso-la-aplicacion-de-los-programas","status":"publish","type":"post","link":"http:\/\/tvalaire.com\/?p=1347","title":{"rendered":"EL DELEGADO DE SEDESOL SUPERVISO LA APLICACI\u00d3N DE LOS PROGRAMAS"},"content":{"rendered":"<p>El reci\u00e9n nombrado delegado de la Secretar\u00eda de Desarrollo Social (SEDESOL), Ger\u00f3nimo Color Gasca visit\u00f3 la ciudad con la finalidad de supervisar los programas que se aplican en la localidad para beneficio de las familias piedadenses.<\/p>\n<p>&nbsp;<\/p>\n<p>El alcalde Juan Manuel Estrada Medina, dio la bienvenida y juntos visitaron la Unidad Deportiva \u201cLic. Humberto Romero P\u00e9rez\u201d en donde aprovecharon para saludar a las beneficiarias del programa PROSPERA quienes asistieron a su reuni\u00f3n bimestral con el responsable de la atenci\u00f3n, C\u00e9sar Gonz\u00e1lez Zavala.<\/p>\n<p>&nbsp;<\/p>\n<p>Durante la reuni\u00f3n, las beneficiarias escucharon diversos temas como el de violencia contra la mujer, embarazos en las adolescentes, as\u00ed como la promoci\u00f3n de beneficios que obtienen al pertenecer a este programa PROSPERA como el del seguro de vida y el apoyo econ\u00f3mico.<\/p>\n<p>&nbsp;<\/p>\n<p>Cabe destacar que en La Piedad se cuenta con unos 3 mil 500 familias integradas a este programa y se anunci\u00f3 que existe la posibilidad de que la cifra pueda crecer este a\u00f1o. Los apoyos econ\u00f3micos que reciben \u00fanicamente para alimentaci\u00f3n es de 950 pesos, sin contar con la ayuda que se canaliza por cada uno de los ni\u00f1os que tengan registrados, ya sea en primaria, secundaria o preparatoria.<\/p>\n<p>&nbsp;<\/p>\n<p>Aunque para mantenerse dentro de este programa, las familias tienen que cumplir con las reuniones bimestrales, asistencia m\u00e9dica y que sus hijos permanezcan en la escuela y acudan a los talleres que son dise\u00f1ados para ellos.<\/p>\n<p>&nbsp;<\/p>\n<p>Posteriormente los funcionarios, estatales y municipales acudieron a supervisar instalaciones como la del Centro de Desarrollo Comunitario de la colonia M\u00e9xico, en donde fue recibido por el personal que labora en este punto en donde el funcionario estatal ofreci\u00f3 apoyar para mejorar los servicios y atenci\u00f3n que presta en este punto de la ciudad.<\/p>\n<p>&nbsp;<\/p>\n<p>Que a decir del director de desarrollo social, Gustavo Andr\u00e9s Mares Alvarado \u00fanicamente se trabaja aqu\u00ed con actividades deportivas, clases de zumba y un comedor, debido a que la colonia no se encuentra dentro de los pol\u00edgonos de alta marginaci\u00f3n como se trabaja con otros.<\/p>\n<p>El ofrecimiento del nuevo titular de la SEDESOL en Michoac\u00e1n, fue el de hacer un esfuerzo para traer beneficios a este centro en donde se puedan generar mejores aprovechamientos para los habitantes de esta populosa colonia.<\/p>\n","protected":false},"excerpt":{"rendered":"<p>El reci\u00e9n nombrado delegado de la Secretar\u00eda de Desarrollo Social (SEDESOL), Ger\u00f3nimo Color Gasca visit\u00f3&#8230;<\/p>\n","protected":false},"author":1,"featured_media":1343,"comment_status":"open","ping_status":"open","sticky":false,"template":"","format":"standard","meta":{"jetpack_post_was_ever_published":false,"_jetpack_newsletter_access":"","_jetpack_dont_email_post_to_subs":false,"_jetpack_newsletter_tier_id":0,"_jetpack_memberships_contains_paywalled_content":false,"_jetpack_memberships_contains_paid_content":false,"footnotes":"","jetpack_publicize_message":"","jetpack_publicize_feature_enabled":true,"jetpack_social_post_already_shared":false,"jetpack_social_options":{"image_generator_settings":{"template":"highway","enabled":false},"version":2}},"categories":[1],"tags":[15,36],"class_list":["post-1347","post","type-post","status-publish","format-standard","has-post-thumbnail","hentry","category-la-piedad","tag-la-piedad","tag-principales"],"jetpack_publicize_connections":[],"jetpack_sharing_enabled":true,"featured_image_urls":{"full":["http:\/\/tvalaire.com\/wp-content\/uploads\/2017\/04\/EL-DELEGADO-DE-SEDESOL.jpg",1237,827,false],"thumbnail":["http:\/\/tvalaire.com\/wp-content\/uploads\/2017\/04\/EL-DELEGADO-DE-SEDESOL-150x150.jpg",150,150,true],"medium":["http:\/\/tvalaire.com\/wp-content\/uploads\/2017\/04\/EL-DELEGADO-DE-SEDESOL-300x201.jpg",300,201,true],"medium_large":["http:\/\/tvalaire.com\/wp-content\/uploads\/2017\/04\/EL-DELEGADO-DE-SEDESOL-768x513.jpg",640,428,true],"large":["http:\/\/tvalaire.com\/wp-content\/uploads\/2017\/04\/EL-DELEGADO-DE-SEDESOL-1024x685.jpg",640,428,true],"post-slider-thumb-size":["http:\/\/tvalaire.com\/wp-content\/uploads\/2017\/04\/EL-DELEGADO-DE-SEDESOL.jpg",284,190,false],"post-category-slider-size":["http:\/\/tvalaire.com\/wp-content\/uploads\/2017\/04\/EL-DELEGADO-DE-SEDESOL.jpg",330,221,false],"1536x1536":["http:\/\/tvalaire.com\/wp-content\/uploads\/2017\/04\/EL-DELEGADO-DE-SEDESOL.jpg",1237,827,false],"2048x2048":["http:\/\/tvalaire.com\/wp-content\/uploads\/2017\/04\/EL-DELEGADO-DE-SEDESOL.jpg",1237,827,false],"newsium-slider-full":["http:\/\/tvalaire.com\/wp-content\/uploads\/2017\/04\/EL-DELEGADO-DE-SEDESOL.jpg",1237,827,false],"newsium-featured":["http:\/\/tvalaire.com\/wp-content\/uploads\/2017\/04\/EL-DELEGADO-DE-SEDESOL.jpg",1024,685,false],"newsium-medium":["http:\/\/tvalaire.com\/wp-content\/uploads\/2017\/04\/EL-DELEGADO-DE-SEDESOL.jpg",710,475,false]},"author_info":{"info":["tvalairenoti"]},"category_info":"<a href=\"http:\/\/tvalaire.com\/?cat=1\" rel=\"category\">La Piedad<\/a>","tag_info":"La Piedad","comment_count":"0","jetpack_featured_media_url":"http:\/\/tvalaire.com\/wp-content\/uploads\/2017\/04\/EL-DELEGADO-DE-SEDESOL.jpg","_links":{"self":[{"href":"http:\/\/tvalaire.com\/index.php?rest_route=\/wp\/v2\/posts\/1347"}],"collection":[{"href":"http:\/\/tvalaire.com\/index.php?rest_route=\/wp\/v2\/posts"}],"about":[{"href":"http:\/\/tvalaire.com\/index.php?rest_route=\/wp\/v2\/types\/post"}],"author":[{"embeddable":true,"href":"http:\/\/tvalaire.com\/index.php?rest_route=\/wp\/v2\/users\/1"}],"replies":[{"embeddable":true,"href":"http:\/\/tvalaire.com\/index.php?rest_route=%2Fwp%2Fv2%2Fcomments&post=1347"}],"version-history":[{"count":1,"href":"http:\/\/tvalaire.com\/index.php?rest_route=\/wp\/v2\/posts\/1347\/revisions"}],"predecessor-version":[{"id":1348,"href":"http:\/\/tvalaire.com\/index.php?rest_route=\/wp\/v2\/posts\/1347\/revisions\/1348"}],"wp:featuredmedia":[{"embeddable":true,"href":"http:\/\/tvalaire.com\/index.php?rest_route=\/wp\/v2\/media\/1343"}],"wp:attachment":[{"href":"http:\/\/tvalaire.com\/index.php?rest_route=%2Fwp%2Fv2%2Fmedia&parent=1347"}],"wp:term":[{"taxonomy":"category","embeddable":true,"href":"http:\/\/tvalaire.com\/index.php?rest_route=%2Fwp%2Fv2%2Fcategories&post=1347"},{"taxonomy":"post_tag","embeddable":true,"href":"http:\/\/tvalaire.com\/index.php?rest_route=%2Fwp%2Fv2%2Ftags&post=1347"}],"curies":[{"name":"wp","href":"https:\/\/api.w.org\/{rel}","templated":true}]}}