{"id":13390,"date":"2026-02-11T16:50:42","date_gmt":"2026-02-11T22:50:42","guid":{"rendered":"http:\/\/tvalaire.com\/?p=13390"},"modified":"2026-03-02T16:51:53","modified_gmt":"2026-03-02T22:51:53","slug":"gobierno-municipal-de-la-piedad-realizara-pago-del-segundo-periodo-de-becas-municipales","status":"publish","type":"post","link":"http:\/\/tvalaire.com\/?p=13390","title":{"rendered":"GOBIERNO MUNICIPAL DE LA PIEDAD REALIZAR\u00c1 PAGO DEL SEGUNDO PERIODO DE BECAS MUNICIPALES"},"content":{"rendered":"\n<p>A partir del pr\u00f3ximo lunes 16 de febrero, el Gobierno Municipal de La Piedad, a trav\u00e9s de la Direcci\u00f3n de Educaci\u00f3n, iniciar\u00e1 la entrega del recurso econ\u00f3mico correspondiente al programa de Becas Municipales, correspondiente al segundo periodo noviembre\u2013diciembre del ciclo escolar 2025\u20132026, destinado a estudiantes becados de los diferentes niveles acad\u00e9micos del municipio.<\/p>\n\n\n\n<p>Como en cada ocasi\u00f3n, la entrega del apoyo se realizar\u00e1 en el auditorio de la Unidad Deportiva \u201cHumberto Romero P\u00e9rez\u201d, en un horario de 9:30 de la ma\u00f1ana a 1:30 de la tarde, del lunes 16 al mi\u00e9rcoles 18 para becarios de nivel primaria; el mi\u00e9rcoles 18 y jueves 19 para estudiantes de nivel secundaria; y el jueves 19 para becarios de preparatoria y universidad.<\/p>\n\n\n\n<p>Se recomienda a las y los beneficiarios revisar previamente el calendario de pagos para cada escuela y cada nivel educativo, donde se especifica con claridad el d\u00eda correspondiente a cada instituci\u00f3n, en el siguiente link:&nbsp;<a href=\"https:\/\/acortar.link\/sOvMGV\">https:\/\/acortar.link\/sOvMGV<\/a>&nbsp; &nbsp;<\/p>\n\n\n\n<p>Las y los becarios, as\u00ed como padres de familia o tutores, que tengan dudas sobre el proceso, deber\u00e1n revisar cuidadosamente el carnet que los acredita como parte del programa de becas. En caso de requerir m\u00e1s informaci\u00f3n, podr\u00e1n acudir a la Direcci\u00f3n de Educaci\u00f3n, en las oficinas ubicadas en Mariano Jim\u00e9nez #115, colonia Centro, donde recibir\u00e1n la asesor\u00eda correspondiente.<\/p>\n\n\n\n<p><\/p>\n","protected":false},"excerpt":{"rendered":"<p>A partir del pr\u00f3ximo lunes 16 de febrero, el Gobierno Municipal de La Piedad, a&#8230;<\/p>\n","protected":false},"author":1,"featured_media":13391,"comment_status":"open","ping_status":"open","sticky":false,"template":"","format":"standard","meta":{"jetpack_post_was_ever_published":false,"_jetpack_newsletter_access":"","_jetpack_dont_email_post_to_subs":false,"_jetpack_newsletter_tier_id":0,"_jetpack_memberships_contains_paywalled_content":false,"_jetpack_memberships_contains_paid_content":false,"footnotes":"","jetpack_publicize_message":"","jetpack_publicize_feature_enabled":true,"jetpack_social_post_already_shared":true,"jetpack_social_options":{"image_generator_settings":{"template":"highway","enabled":false},"version":2}},"categories":[1],"tags":[15,36],"class_list":["post-13390","post","type-post","status-publish","format-standard","has-post-thumbnail","hentry","category-la-piedad","tag-la-piedad","tag-principales"],"jetpack_publicize_connections":[],"jetpack_sharing_enabled":true,"featured_image_urls":{"full":["http:\/\/tvalaire.com\/wp-content\/uploads\/2026\/03\/PAGO-BECAS-NOVIEMBRE-DICIEMBRE.jpg-980x490-1.jpeg",980,490,false],"thumbnail":["http:\/\/tvalaire.com\/wp-content\/uploads\/2026\/03\/PAGO-BECAS-NOVIEMBRE-DICIEMBRE.jpg-980x490-1-150x150.jpeg",150,150,true],"medium":["http:\/\/tvalaire.com\/wp-content\/uploads\/2026\/03\/PAGO-BECAS-NOVIEMBRE-DICIEMBRE.jpg-980x490-1-300x150.jpeg",300,150,true],"medium_large":["http:\/\/tvalaire.com\/wp-content\/uploads\/2026\/03\/PAGO-BECAS-NOVIEMBRE-DICIEMBRE.jpg-980x490-1-768x384.jpeg",640,320,true],"large":["http:\/\/tvalaire.com\/wp-content\/uploads\/2026\/03\/PAGO-BECAS-NOVIEMBRE-DICIEMBRE.jpg-980x490-1.jpeg",640,320,false],"post-slider-thumb-size":["http:\/\/tvalaire.com\/wp-content\/uploads\/2026\/03\/PAGO-BECAS-NOVIEMBRE-DICIEMBRE.jpg-980x490-1-330x190.jpeg",330,190,true],"post-category-slider-size":["http:\/\/tvalaire.com\/wp-content\/uploads\/2026\/03\/PAGO-BECAS-NOVIEMBRE-DICIEMBRE.jpg-980x490-1-330x350.jpeg",330,350,true],"1536x1536":["http:\/\/tvalaire.com\/wp-content\/uploads\/2026\/03\/PAGO-BECAS-NOVIEMBRE-DICIEMBRE.jpg-980x490-1.jpeg",980,490,false],"2048x2048":["http:\/\/tvalaire.com\/wp-content\/uploads\/2026\/03\/PAGO-BECAS-NOVIEMBRE-DICIEMBRE.jpg-980x490-1.jpeg",980,490,false],"newsium-slider-full":["http:\/\/tvalaire.com\/wp-content\/uploads\/2026\/03\/PAGO-BECAS-NOVIEMBRE-DICIEMBRE.jpg-980x490-1.jpeg",980,490,false],"newsium-featured":["http:\/\/tvalaire.com\/wp-content\/uploads\/2026\/03\/PAGO-BECAS-NOVIEMBRE-DICIEMBRE.jpg-980x490-1.jpeg",980,490,false],"newsium-medium":["http:\/\/tvalaire.com\/wp-content\/uploads\/2026\/03\/PAGO-BECAS-NOVIEMBRE-DICIEMBRE.jpg-980x490-1-720x475.jpeg",720,475,true]},"author_info":{"info":["tvalairenoti"]},"category_info":"<a href=\"http:\/\/tvalaire.com\/?cat=1\" rel=\"category\">La Piedad<\/a>","tag_info":"La Piedad","comment_count":"0","jetpack_featured_media_url":"http:\/\/tvalaire.com\/wp-content\/uploads\/2026\/03\/PAGO-BECAS-NOVIEMBRE-DICIEMBRE.jpg-980x490-1.jpeg","_links":{"self":[{"href":"http:\/\/tvalaire.com\/index.php?rest_route=\/wp\/v2\/posts\/13390"}],"collection":[{"href":"http:\/\/tvalaire.com\/index.php?rest_route=\/wp\/v2\/posts"}],"about":[{"href":"http:\/\/tvalaire.com\/index.php?rest_route=\/wp\/v2\/types\/post"}],"author":[{"embeddable":true,"href":"http:\/\/tvalaire.com\/index.php?rest_route=\/wp\/v2\/users\/1"}],"replies":[{"embeddable":true,"href":"http:\/\/tvalaire.com\/index.php?rest_route=%2Fwp%2Fv2%2Fcomments&post=13390"}],"version-history":[{"count":1,"href":"http:\/\/tvalaire.com\/index.php?rest_route=\/wp\/v2\/posts\/13390\/revisions"}],"predecessor-version":[{"id":13392,"href":"http:\/\/tvalaire.com\/index.php?rest_route=\/wp\/v2\/posts\/13390\/revisions\/13392"}],"wp:featuredmedia":[{"embeddable":true,"href":"http:\/\/tvalaire.com\/index.php?rest_route=\/wp\/v2\/media\/13391"}],"wp:attachment":[{"href":"http:\/\/tvalaire.com\/index.php?rest_route=%2Fwp%2Fv2%2Fmedia&parent=13390"}],"wp:term":[{"taxonomy":"category","embeddable":true,"href":"http:\/\/tvalaire.com\/index.php?rest_route=%2Fwp%2Fv2%2Fcategories&post=13390"},{"taxonomy":"post_tag","embeddable":true,"href":"http:\/\/tvalaire.com\/index.php?rest_route=%2Fwp%2Fv2%2Ftags&post=13390"}],"curies":[{"name":"wp","href":"https:\/\/api.w.org\/{rel}","templated":true}]}}