{"id":13387,"date":"2026-02-12T16:49:22","date_gmt":"2026-02-12T22:49:22","guid":{"rendered":"http:\/\/tvalaire.com\/?p=13387"},"modified":"2026-03-02T16:50:32","modified_gmt":"2026-03-02T22:50:32","slug":"se-impulsa-el-deporte-juvenil-con-la-copa-presidencia-de-futbol-2026","status":"publish","type":"post","link":"http:\/\/tvalaire.com\/?p=13387","title":{"rendered":"SE IMPULSA EL DEPORTE JUVENIL CON LA COPA PRESIDENCIA DE F\u00daTBOL 2026"},"content":{"rendered":"\n<p>Se re\u00fanen autoridades municipales y representantes de los planteles educativos para dar a conocer los por menores de una edici\u00f3n del torneo de futbol Copa Presidencia 2026 que el Gobierno Municipal organiza a fin de promover el deporte entre la juventud de la ciudad.<\/p>\n\n\n\n<p>El evento deportivo de este a\u00f1o iniciar\u00e1 el pr\u00f3ximo martes 17 a partir de las 09:30 de la ma\u00f1ana en las instalaciones de la unidad deportiva de Ciudad del Sol, en donde se enfrentar\u00e1n los equipos de la categor\u00eda varonil del CBTIS 84 en contra de su homologo del Tecnol\u00f3gico.<\/p>\n\n\n\n<p>Para esta ocasi\u00f3n respondieron a la convocatoria equipos de las categor\u00edas varonil y femenil de las siguientes instituciones educativas como: CONALEP, COBAEM, M\u00e1rtires de la Reforma, CBTIS 84, Universidad de Le\u00f3n, UNIVA, EDUCEM, Tecnol\u00f3gico y Universidad de las Culturas.<\/p>\n\n\n\n<p>Este a\u00f1o, los integrantes de las categor\u00edas varonil y femenil del Instituto Tecnol\u00f3gico, son los equipos a vencer, ya que son los actuales campeones del torneo y quienes, de acuerdo a lo dado a conocer por su entrenador, buscar\u00e1n refrendar su t\u00edtulo en ambas categor\u00edas.<\/p>\n\n\n\n<p>Las rondas de los encuentros deportivos se programaron para que los juegos se realicen en los diferentes espacios deportivos de la ciudad, quedando como sedes las siguientes sedes, Unidad \u201cHumberto Romero P\u00e9rez\u201d, Unidad Deportiva Bicentenario, Unidad Deportiva \u201cJ. Jes\u00fas Romero Flores\u201d y Unidad deportiva de Ciudad del Sol.<\/p>\n\n\n\n<p><\/p>\n","protected":false},"excerpt":{"rendered":"<p>Se re\u00fanen autoridades municipales y representantes de los planteles educativos para dar a conocer los&#8230;<\/p>\n","protected":false},"author":1,"featured_media":13388,"comment_status":"open","ping_status":"open","sticky":false,"template":"","format":"standard","meta":{"jetpack_post_was_ever_published":false,"_jetpack_newsletter_access":"","_jetpack_dont_email_post_to_subs":false,"_jetpack_newsletter_tier_id":0,"_jetpack_memberships_contains_paywalled_content":false,"_jetpack_memberships_contains_paid_content":false,"footnotes":"","jetpack_publicize_message":"","jetpack_publicize_feature_enabled":true,"jetpack_social_post_already_shared":true,"jetpack_social_options":{"image_generator_settings":{"template":"highway","enabled":false},"version":2}},"categories":[1],"tags":[15,36],"class_list":["post-13387","post","type-post","status-publish","format-standard","has-post-thumbnail","hentry","category-la-piedad","tag-la-piedad","tag-principales"],"jetpack_publicize_connections":[],"jetpack_sharing_enabled":true,"featured_image_urls":{"full":["http:\/\/tvalaire.com\/wp-content\/uploads\/2026\/03\/WhatsApp-Image-2026-02-12-at-12.44.54-PM-980x712-1.jpeg",980,712,false],"thumbnail":["http:\/\/tvalaire.com\/wp-content\/uploads\/2026\/03\/WhatsApp-Image-2026-02-12-at-12.44.54-PM-980x712-1-150x150.jpeg",150,150,true],"medium":["http:\/\/tvalaire.com\/wp-content\/uploads\/2026\/03\/WhatsApp-Image-2026-02-12-at-12.44.54-PM-980x712-1-300x218.jpeg",300,218,true],"medium_large":["http:\/\/tvalaire.com\/wp-content\/uploads\/2026\/03\/WhatsApp-Image-2026-02-12-at-12.44.54-PM-980x712-1-768x558.jpeg",640,465,true],"large":["http:\/\/tvalaire.com\/wp-content\/uploads\/2026\/03\/WhatsApp-Image-2026-02-12-at-12.44.54-PM-980x712-1.jpeg",640,465,false],"post-slider-thumb-size":["http:\/\/tvalaire.com\/wp-content\/uploads\/2026\/03\/WhatsApp-Image-2026-02-12-at-12.44.54-PM-980x712-1-330x190.jpeg",330,190,true],"post-category-slider-size":["http:\/\/tvalaire.com\/wp-content\/uploads\/2026\/03\/WhatsApp-Image-2026-02-12-at-12.44.54-PM-980x712-1-330x350.jpeg",330,350,true],"1536x1536":["http:\/\/tvalaire.com\/wp-content\/uploads\/2026\/03\/WhatsApp-Image-2026-02-12-at-12.44.54-PM-980x712-1.jpeg",980,712,false],"2048x2048":["http:\/\/tvalaire.com\/wp-content\/uploads\/2026\/03\/WhatsApp-Image-2026-02-12-at-12.44.54-PM-980x712-1.jpeg",980,712,false],"newsium-slider-full":["http:\/\/tvalaire.com\/wp-content\/uploads\/2026\/03\/WhatsApp-Image-2026-02-12-at-12.44.54-PM-980x712-1.jpeg",980,712,false],"newsium-featured":["http:\/\/tvalaire.com\/wp-content\/uploads\/2026\/03\/WhatsApp-Image-2026-02-12-at-12.44.54-PM-980x712-1.jpeg",980,712,false],"newsium-medium":["http:\/\/tvalaire.com\/wp-content\/uploads\/2026\/03\/WhatsApp-Image-2026-02-12-at-12.44.54-PM-980x712-1-720x475.jpeg",720,475,true]},"author_info":{"info":["tvalairenoti"]},"category_info":"<a href=\"http:\/\/tvalaire.com\/?cat=1\" rel=\"category\">La Piedad<\/a>","tag_info":"La Piedad","comment_count":"0","jetpack_featured_media_url":"http:\/\/tvalaire.com\/wp-content\/uploads\/2026\/03\/WhatsApp-Image-2026-02-12-at-12.44.54-PM-980x712-1.jpeg","_links":{"self":[{"href":"http:\/\/tvalaire.com\/index.php?rest_route=\/wp\/v2\/posts\/13387"}],"collection":[{"href":"http:\/\/tvalaire.com\/index.php?rest_route=\/wp\/v2\/posts"}],"about":[{"href":"http:\/\/tvalaire.com\/index.php?rest_route=\/wp\/v2\/types\/post"}],"author":[{"embeddable":true,"href":"http:\/\/tvalaire.com\/index.php?rest_route=\/wp\/v2\/users\/1"}],"replies":[{"embeddable":true,"href":"http:\/\/tvalaire.com\/index.php?rest_route=%2Fwp%2Fv2%2Fcomments&post=13387"}],"version-history":[{"count":1,"href":"http:\/\/tvalaire.com\/index.php?rest_route=\/wp\/v2\/posts\/13387\/revisions"}],"predecessor-version":[{"id":13389,"href":"http:\/\/tvalaire.com\/index.php?rest_route=\/wp\/v2\/posts\/13387\/revisions\/13389"}],"wp:featuredmedia":[{"embeddable":true,"href":"http:\/\/tvalaire.com\/index.php?rest_route=\/wp\/v2\/media\/13388"}],"wp:attachment":[{"href":"http:\/\/tvalaire.com\/index.php?rest_route=%2Fwp%2Fv2%2Fmedia&parent=13387"}],"wp:term":[{"taxonomy":"category","embeddable":true,"href":"http:\/\/tvalaire.com\/index.php?rest_route=%2Fwp%2Fv2%2Fcategories&post=13387"},{"taxonomy":"post_tag","embeddable":true,"href":"http:\/\/tvalaire.com\/index.php?rest_route=%2Fwp%2Fv2%2Ftags&post=13387"}],"curies":[{"name":"wp","href":"https:\/\/api.w.org\/{rel}","templated":true}]}}