{"id":13370,"date":"2026-02-20T16:42:42","date_gmt":"2026-02-20T22:42:42","guid":{"rendered":"http:\/\/tvalaire.com\/?p=13370"},"modified":"2026-03-02T16:44:17","modified_gmt":"2026-03-02T22:44:17","slug":"en-la-piedad-se-fortalece-la-movilidad-segura-con-la-nueva-avenida-ricardo-guzman","status":"publish","type":"post","link":"http:\/\/tvalaire.com\/?p=13370","title":{"rendered":"EN LA PIEDAD SE FORTALECE LA MOVILIDAD SEGURA CON LA NUEVA AVENIDA RICARDO GUZM\u00c1N"},"content":{"rendered":"\n<figure class=\"wp-block-image size-full\"><img loading=\"lazy\" decoding=\"async\" width=\"768\" height=\"675\" src=\"http:\/\/tvalaire.com\/wp-content\/uploads\/2026\/03\/WhatsApp-Image-2026-02-20-at-11.21.20-AM-768x675-1.jpeg\" alt=\"\" class=\"wp-image-13371\" srcset=\"http:\/\/tvalaire.com\/wp-content\/uploads\/2026\/03\/WhatsApp-Image-2026-02-20-at-11.21.20-AM-768x675-1.jpeg 768w, http:\/\/tvalaire.com\/wp-content\/uploads\/2026\/03\/WhatsApp-Image-2026-02-20-at-11.21.20-AM-768x675-1-300x264.jpeg 300w\" sizes=\"(max-width: 768px) 100vw, 768px\" \/><\/figure>\n\n\n\n<p>El Presidente Municipal Samuel Hidalgo, acompa\u00f1ado de integrantes del Cabildo, funcionarios del Gobierno Municipal y estudiantes del Tecnol\u00f3gico de La Piedad, llev\u00f3 a cabo la inauguraci\u00f3n de la Avenida Ricardo Guzm\u00e1n Romero, una obra estrat\u00e9gica para la movilidad urbana del municipio.<\/p>\n\n\n\n<p>El Presidente Municipal destac\u00f3 que esta obra responde a una planeaci\u00f3n integral de movilidad: \u201cEsta obra representa una visi\u00f3n de ciudad m\u00e1s ordenada, conectada y segura, donde la infraestructura no solo conecta calles, sino que protege vidas, mejora la movilidad y construye futuro\u201d menciono Samuel Hidalgo.<\/p>\n\n\n\n<p>Agreg\u00f3, adem\u00e1s: \u201cHoy contamos con un circuito perif\u00e9rico que conecta el oriente, el norte y el poniente de La Piedad. Estamos construyendo una ciudad con movilidad pensada para las nuevas generaciones, donde el desplazamiento sea m\u00e1s fluido, pero sobre todo m\u00e1s seguro\u201d.<\/p>\n\n\n\n<p>La avenida se consolida como una v\u00eda estrat\u00e9gica al convertirse en uno de los principales accesos al Tecnol\u00f3gico de La Piedad y en un nuevo eje de conexi\u00f3n entre Casto Salda\u00f1a y Sostenes Rocha, formando un circuito vial que enlaza Ciudad del Sol, Santa Ana y el Boulevard L\u00e1zaro C\u00e1rdenas, fortaleciendo la conectividad perif\u00e9rica y el desplazamiento seguro de estudiantes, trabajadores y familias.<\/p>\n\n\n\n<p>Dentro de lo que compone esta obra, ser\u00e1 que ahora quienes caminan, estudian o se trasladan por esta zona lo har\u00e1n con mayor seguridad, gracias a nuevas banquetas, mejor iluminaci\u00f3n y un entorno m\u00e1s ordenado y verde, adem\u00e1s de un carril exclusivo para bicicletas, lo que fomenta una movilidad m\u00e1s segura, incluyente y humana para quienes utilizan este medio de transporte de forma cotidiana.<\/p>\n\n\n\n<p>Finalmente, el Gobierno Municipal de La Piedad hace un exhorto a automovilistas, motociclistas, ciclistas y peatones a respetar los l\u00edmites de velocidad y la se\u00f1alizaci\u00f3n vial, con el objetivo de que esta nueva avenida sea un espacio seguro para todas y todos.<\/p>\n","protected":false},"excerpt":{"rendered":"<p>El Presidente Municipal Samuel Hidalgo, acompa\u00f1ado de integrantes del Cabildo, funcionarios del Gobierno Municipal y&#8230;<\/p>\n","protected":false},"author":1,"featured_media":13372,"comment_status":"open","ping_status":"open","sticky":false,"template":"","format":"standard","meta":{"jetpack_post_was_ever_published":false,"_jetpack_newsletter_access":"","_jetpack_dont_email_post_to_subs":false,"_jetpack_newsletter_tier_id":0,"_jetpack_memberships_contains_paywalled_content":false,"_jetpack_memberships_contains_paid_content":false,"footnotes":"","jetpack_publicize_message":"","jetpack_publicize_feature_enabled":true,"jetpack_social_post_already_shared":true,"jetpack_social_options":{"image_generator_settings":{"template":"highway","enabled":false},"version":2}},"categories":[1],"tags":[15,36],"class_list":["post-13370","post","type-post","status-publish","format-standard","has-post-thumbnail","hentry","category-la-piedad","tag-la-piedad","tag-principales"],"jetpack_publicize_connections":[],"jetpack_sharing_enabled":true,"featured_image_urls":{"full":["http:\/\/tvalaire.com\/wp-content\/uploads\/2026\/03\/WhatsApp-Image-2026-02-20-at-11.21.20-AM-768x675-2.jpeg",768,675,false],"thumbnail":["http:\/\/tvalaire.com\/wp-content\/uploads\/2026\/03\/WhatsApp-Image-2026-02-20-at-11.21.20-AM-768x675-2-150x150.jpeg",150,150,true],"medium":["http:\/\/tvalaire.com\/wp-content\/uploads\/2026\/03\/WhatsApp-Image-2026-02-20-at-11.21.20-AM-768x675-2-300x264.jpeg",300,264,true],"medium_large":["http:\/\/tvalaire.com\/wp-content\/uploads\/2026\/03\/WhatsApp-Image-2026-02-20-at-11.21.20-AM-768x675-2.jpeg",640,563,false],"large":["http:\/\/tvalaire.com\/wp-content\/uploads\/2026\/03\/WhatsApp-Image-2026-02-20-at-11.21.20-AM-768x675-2.jpeg",640,563,false],"post-slider-thumb-size":["http:\/\/tvalaire.com\/wp-content\/uploads\/2026\/03\/WhatsApp-Image-2026-02-20-at-11.21.20-AM-768x675-2-330x190.jpeg",330,190,true],"post-category-slider-size":["http:\/\/tvalaire.com\/wp-content\/uploads\/2026\/03\/WhatsApp-Image-2026-02-20-at-11.21.20-AM-768x675-2-330x350.jpeg",330,350,true],"1536x1536":["http:\/\/tvalaire.com\/wp-content\/uploads\/2026\/03\/WhatsApp-Image-2026-02-20-at-11.21.20-AM-768x675-2.jpeg",768,675,false],"2048x2048":["http:\/\/tvalaire.com\/wp-content\/uploads\/2026\/03\/WhatsApp-Image-2026-02-20-at-11.21.20-AM-768x675-2.jpeg",768,675,false],"newsium-slider-full":["http:\/\/tvalaire.com\/wp-content\/uploads\/2026\/03\/WhatsApp-Image-2026-02-20-at-11.21.20-AM-768x675-2.jpeg",768,675,false],"newsium-featured":["http:\/\/tvalaire.com\/wp-content\/uploads\/2026\/03\/WhatsApp-Image-2026-02-20-at-11.21.20-AM-768x675-2.jpeg",768,675,false],"newsium-medium":["http:\/\/tvalaire.com\/wp-content\/uploads\/2026\/03\/WhatsApp-Image-2026-02-20-at-11.21.20-AM-768x675-2-720x475.jpeg",720,475,true]},"author_info":{"info":["tvalairenoti"]},"category_info":"<a href=\"http:\/\/tvalaire.com\/?cat=1\" rel=\"category\">La Piedad<\/a>","tag_info":"La Piedad","comment_count":"0","jetpack_featured_media_url":"http:\/\/tvalaire.com\/wp-content\/uploads\/2026\/03\/WhatsApp-Image-2026-02-20-at-11.21.20-AM-768x675-2.jpeg","_links":{"self":[{"href":"http:\/\/tvalaire.com\/index.php?rest_route=\/wp\/v2\/posts\/13370"}],"collection":[{"href":"http:\/\/tvalaire.com\/index.php?rest_route=\/wp\/v2\/posts"}],"about":[{"href":"http:\/\/tvalaire.com\/index.php?rest_route=\/wp\/v2\/types\/post"}],"author":[{"embeddable":true,"href":"http:\/\/tvalaire.com\/index.php?rest_route=\/wp\/v2\/users\/1"}],"replies":[{"embeddable":true,"href":"http:\/\/tvalaire.com\/index.php?rest_route=%2Fwp%2Fv2%2Fcomments&post=13370"}],"version-history":[{"count":1,"href":"http:\/\/tvalaire.com\/index.php?rest_route=\/wp\/v2\/posts\/13370\/revisions"}],"predecessor-version":[{"id":13373,"href":"http:\/\/tvalaire.com\/index.php?rest_route=\/wp\/v2\/posts\/13370\/revisions\/13373"}],"wp:featuredmedia":[{"embeddable":true,"href":"http:\/\/tvalaire.com\/index.php?rest_route=\/wp\/v2\/media\/13372"}],"wp:attachment":[{"href":"http:\/\/tvalaire.com\/index.php?rest_route=%2Fwp%2Fv2%2Fmedia&parent=13370"}],"wp:term":[{"taxonomy":"category","embeddable":true,"href":"http:\/\/tvalaire.com\/index.php?rest_route=%2Fwp%2Fv2%2Fcategories&post=13370"},{"taxonomy":"post_tag","embeddable":true,"href":"http:\/\/tvalaire.com\/index.php?rest_route=%2Fwp%2Fv2%2Ftags&post=13370"}],"curies":[{"name":"wp","href":"https:\/\/api.w.org\/{rel}","templated":true}]}}