{"id":13364,"date":"2026-02-27T16:37:03","date_gmt":"2026-02-27T22:37:03","guid":{"rendered":"http:\/\/tvalaire.com\/?p=13364"},"modified":"2026-03-02T16:41:01","modified_gmt":"2026-03-02T22:41:01","slug":"preparan-actividades-en-el-marco-del-dia-internacional-de-la-mujer","status":"publish","type":"post","link":"http:\/\/tvalaire.com\/?p=13364","title":{"rendered":"PREPARAN ACTIVIDADES EN EL MARCO DEL D\u00cdA INTERNACIONAL DE LA MUJER"},"content":{"rendered":"\n<p>A trav\u00e9s del Instituto Municipal de la Mujer (IMM) el Gobierno de La Piedad, encabezado por el presidente Samuel Hidalgo Gallardo, se tienen preparadas varias actividades a desarrollarse en el marco de la conmemoraci\u00f3n del D\u00eda Internacional de la Mujer.<\/p>\n\n\n\n<p>Con la intenci\u00f3n de impulsar y dar seguimiento a acciones de activaci\u00f3n f\u00edsica, en favor de la poblaci\u00f3n femenil, se ha preparado una clase de Yoga en las instalaciones del Parque Morelos, el d\u00eda s\u00e1bado 07 a partir de las 09:00 de la ma\u00f1ana con cupo limitado sin costo alguno e impartido por Lucia Pimentel. Pueden hacer su registro v\u00eda WhatsApp al 352 105 92 79. &nbsp;<\/p>\n\n\n\n<p>De igual manera y para el p\u00fablico en general se ha preparado la capacitaci\u00f3n Aprendamos a emprender, en la que se invita a la poblaci\u00f3n en general a conocer herramientas que ayudar\u00e1n al emprendimiento de negocios. La actividad ser\u00e1 el mi\u00e9rcoles 04 en el M\u00f3dulo s\u00ed emprende a partir de las 10:00 de la ma\u00f1ana.<\/p>\n\n\n\n<p>En este mismo sentido, del lunes 09 al jueves 12 se estar\u00e1n impartiendo clases de defensa personal dirigidas a las mujeres que deseen ser parte de ellas. El lunes 09 se inicia a las 18:00 en el Centro Comunitario de la Colonia M\u00e9xico, para el martes 10 la actividad ser\u00e1 en la colonia Laureles a las 09:00 de la ma\u00f1ana.<\/p>\n\n\n\n<p>Para el mi\u00e9rcoles 11 la clase se realizar\u00e1 en el Centro Comunitario de la colonia Vasco de Quiroga a las 09:00 de la ma\u00f1ana y para terminar con esta actividad a las 18:00 horas se llevar\u00e1 a cabo la \u00faltima clase en el espacio ubicado en Arroyo Delgado.<\/p>\n\n\n\n<p><\/p>\n","protected":false},"excerpt":{"rendered":"<p>A trav\u00e9s del Instituto Municipal de la Mujer (IMM) el Gobierno de La Piedad, encabezado&#8230;<\/p>\n","protected":false},"author":1,"featured_media":13365,"comment_status":"open","ping_status":"open","sticky":false,"template":"","format":"standard","meta":{"jetpack_post_was_ever_published":false,"_jetpack_newsletter_access":"","_jetpack_dont_email_post_to_subs":false,"_jetpack_newsletter_tier_id":0,"_jetpack_memberships_contains_paywalled_content":false,"_jetpack_memberships_contains_paid_content":false,"footnotes":"","jetpack_publicize_message":"","jetpack_publicize_feature_enabled":true,"jetpack_social_post_already_shared":true,"jetpack_social_options":{"image_generator_settings":{"template":"highway","enabled":false},"version":2}},"categories":[1],"tags":[15,36],"class_list":["post-13364","post","type-post","status-publish","format-standard","has-post-thumbnail","hentry","category-la-piedad","tag-la-piedad","tag-principales"],"jetpack_publicize_connections":[],"jetpack_sharing_enabled":true,"featured_image_urls":{"full":["http:\/\/tvalaire.com\/wp-content\/uploads\/2026\/03\/YOGA.jpeg",980,980,false],"thumbnail":["http:\/\/tvalaire.com\/wp-content\/uploads\/2026\/03\/YOGA-150x150.jpeg",150,150,true],"medium":["http:\/\/tvalaire.com\/wp-content\/uploads\/2026\/03\/YOGA-300x300.jpeg",300,300,true],"medium_large":["http:\/\/tvalaire.com\/wp-content\/uploads\/2026\/03\/YOGA-768x768.jpeg",640,640,true],"large":["http:\/\/tvalaire.com\/wp-content\/uploads\/2026\/03\/YOGA.jpeg",640,640,false],"post-slider-thumb-size":["http:\/\/tvalaire.com\/wp-content\/uploads\/2026\/03\/YOGA-330x190.jpeg",330,190,true],"post-category-slider-size":["http:\/\/tvalaire.com\/wp-content\/uploads\/2026\/03\/YOGA-330x350.jpeg",330,350,true],"1536x1536":["http:\/\/tvalaire.com\/wp-content\/uploads\/2026\/03\/YOGA.jpeg",980,980,false],"2048x2048":["http:\/\/tvalaire.com\/wp-content\/uploads\/2026\/03\/YOGA.jpeg",980,980,false],"newsium-slider-full":["http:\/\/tvalaire.com\/wp-content\/uploads\/2026\/03\/YOGA-980x845.jpeg",980,845,true],"newsium-featured":["http:\/\/tvalaire.com\/wp-content\/uploads\/2026\/03\/YOGA.jpeg",980,980,false],"newsium-medium":["http:\/\/tvalaire.com\/wp-content\/uploads\/2026\/03\/YOGA-720x475.jpeg",720,475,true]},"author_info":{"info":["tvalairenoti"]},"category_info":"<a href=\"http:\/\/tvalaire.com\/?cat=1\" rel=\"category\">La Piedad<\/a>","tag_info":"La Piedad","comment_count":"0","jetpack_featured_media_url":"http:\/\/tvalaire.com\/wp-content\/uploads\/2026\/03\/YOGA.jpeg","_links":{"self":[{"href":"http:\/\/tvalaire.com\/index.php?rest_route=\/wp\/v2\/posts\/13364"}],"collection":[{"href":"http:\/\/tvalaire.com\/index.php?rest_route=\/wp\/v2\/posts"}],"about":[{"href":"http:\/\/tvalaire.com\/index.php?rest_route=\/wp\/v2\/types\/post"}],"author":[{"embeddable":true,"href":"http:\/\/tvalaire.com\/index.php?rest_route=\/wp\/v2\/users\/1"}],"replies":[{"embeddable":true,"href":"http:\/\/tvalaire.com\/index.php?rest_route=%2Fwp%2Fv2%2Fcomments&post=13364"}],"version-history":[{"count":1,"href":"http:\/\/tvalaire.com\/index.php?rest_route=\/wp\/v2\/posts\/13364\/revisions"}],"predecessor-version":[{"id":13366,"href":"http:\/\/tvalaire.com\/index.php?rest_route=\/wp\/v2\/posts\/13364\/revisions\/13366"}],"wp:featuredmedia":[{"embeddable":true,"href":"http:\/\/tvalaire.com\/index.php?rest_route=\/wp\/v2\/media\/13365"}],"wp:attachment":[{"href":"http:\/\/tvalaire.com\/index.php?rest_route=%2Fwp%2Fv2%2Fmedia&parent=13364"}],"wp:term":[{"taxonomy":"category","embeddable":true,"href":"http:\/\/tvalaire.com\/index.php?rest_route=%2Fwp%2Fv2%2Fcategories&post=13364"},{"taxonomy":"post_tag","embeddable":true,"href":"http:\/\/tvalaire.com\/index.php?rest_route=%2Fwp%2Fv2%2Ftags&post=13364"}],"curies":[{"name":"wp","href":"https:\/\/api.w.org\/{rel}","templated":true}]}}